{"id":13063,"date":"2012-10-15T11:41:43","date_gmt":"2012-10-15T09:41:43","guid":{"rendered":"https:\/\/www.freiburg-schwarzwald.de\/blog\/?p=13063"},"modified":"2012-10-15T11:41:43","modified_gmt":"2012-10-15T09:41:43","slug":"buergerentscheid-istein-fuer-kalkabbau-erweiterung","status":"publish","type":"post","link":"https:\/\/www.freiburg-schwarzwald.de\/blog\/buergerentscheid-istein-fuer-kalkabbau-erweiterung\/","title":{"rendered":"Buergerentscheid Istein fuer Kalkabbau-Erweiterung"},"content":{"rendered":"<p>Der <a title=\"Buergerinitiativen\" href=\"https:\/\/www.freiburg-schwarzwald.de\/blog\/engagement\/buergerinitiativen\/\">B\u00fcrgerentscheid<\/a> \u00fcber die Ausweisung eines Kalkabbaugebiets hat am Sonntag ein klares Ergebnis gebracht. Drei Viertel der W\u00e4hler stimmten f\u00fcr die Pl\u00e4ne des Kalkwerks und best\u00e4tigten damit den Beschluss des Gemeinderats vom April. Die B\u00fcrgerinitiative, die diesen Beschluss kippen und eine reduzierte Planung durchsetzen wollte, erhielt nur 25,5 Prozent der Stimmen und ist damit deutlich gescheitert. Als so nicht erwartete \u00dcberraschung haben Beobachter nach der Ausz\u00e4hlung die Tatsache gewertet, dass die B\u00fcrgerinitiative in keinem einzigen Wahlbezirk die Mehrheit erringen konnte. W\u00e4hrend das in Istein oder Huttingen so erwartet worden war, weil viele Einwohner beim Kalkwerk besch\u00e4ftigt sind oder waren, hatte man aufgrund des starken Widerstands im Zentralort, wo sich die B\u00fcrgerinitiative formierte, Mehrheiten f\u00fcr die Kalkwerkgegner durchaus f\u00fcr wahrscheinlich gehalten.<!--more--><\/p>\n","protected":false},"excerpt":{"rendered":"<p>Der B\u00fcrgerentscheid \u00fcber die Ausweisung eines Kalkabbaugebiets hat am Sonntag ein klares Ergebnis gebracht. Drei Viertel der W\u00e4hler stimmten f\u00fcr die Pl\u00e4ne des Kalkwerks und best\u00e4tigten damit den Beschluss des Gemeinderats vom April. Die B\u00fcrgerinitiative, die diesen Beschluss kippen und &hellip; <a href=\"https:\/\/www.freiburg-schwarzwald.de\/blog\/buergerentscheid-istein-fuer-kalkabbau-erweiterung\/\">Weiterlesen <span class=\"meta-nav\">&rarr;<\/span><\/a><\/p>\n","protected":false},"author":4,"featured_media":0,"comment_status":"open","ping_status":"closed","sticky":false,"template":"","format":"standard","meta":{"footnotes":""},"categories":[355,179],"tags":[447,71],"class_list":["post-13063","post","type-post","status-publish","format-standard","hentry","category-buergerinitiativen","category-markgraeflerland","tag-berg","tag-burgerentscheid"],"_links":{"self":[{"href":"https:\/\/www.freiburg-schwarzwald.de\/blog\/wp-json\/wp\/v2\/posts\/13063","targetHints":{"allow":["GET"]}}],"collection":[{"href":"https:\/\/www.freiburg-schwarzwald.de\/blog\/wp-json\/wp\/v2\/posts"}],"about":[{"href":"https:\/\/www.freiburg-schwarzwald.de\/blog\/wp-json\/wp\/v2\/types\/post"}],"author":[{"embeddable":true,"href":"https:\/\/www.freiburg-schwarzwald.de\/blog\/wp-json\/wp\/v2\/users\/4"}],"replies":[{"embeddable":true,"href":"https:\/\/www.freiburg-schwarzwald.de\/blog\/wp-json\/wp\/v2\/comments?post=13063"}],"version-history":[{"count":0,"href":"https:\/\/www.freiburg-schwarzwald.de\/blog\/wp-json\/wp\/v2\/posts\/13063\/revisions"}],"wp:attachment":[{"href":"https:\/\/www.freiburg-schwarzwald.de\/blog\/wp-json\/wp\/v2\/media?parent=13063"}],"wp:term":[{"taxonomy":"category","embeddable":true,"href":"https:\/\/www.freiburg-schwarzwald.de\/blog\/wp-json\/wp\/v2\/categories?post=13063"},{"taxonomy":"post_tag","embeddable":true,"href":"https:\/\/www.freiburg-schwarzwald.de\/blog\/wp-json\/wp\/v2\/tags?post=13063"}],"curies":[{"name":"wp","href":"https:\/\/api.w.org\/{rel}","templated":true}]}}