{"id":130518,"date":"2025-02-02T11:46:51","date_gmt":"2025-02-02T10:46:51","guid":{"rendered":"https:\/\/www.freiburg-schwarzwald.de\/blog\/?p=130518"},"modified":"2025-02-05T09:21:53","modified_gmt":"2025-02-05T08:21:53","slug":"amseln-singen-zu-dritt-2-2-2025","status":"publish","type":"post","link":"https:\/\/www.freiburg-schwarzwald.de\/blog\/amseln-singen-zu-dritt-2-2-2025\/","title":{"rendered":"Amseln singen zu dritt 2.2.2025"},"content":{"rendered":"<p>Am heutigen Sonntag 2.2.2025 um 7.30 Uhr ist es noch fast dunkel als die <a href=\"https:\/\/www.freiburg-schwarzwald.de\/blog\/amseln-singen-im-november\/\">Amseln<\/a> zum ersten Mal in diesem Jahr singen. Drei <a href=\"https:\/\/www.freiburg-schwarzwald.de\/blog\/amseln-singen-lauter-denn-je\/\">Amselm\u00e4nner<\/a> zugleich. Da macht sich Zuversicht und Hoffnung breit &#8211; auf den nahenden <a href=\"https:\/\/www.freiburg-schwarzwald.de\/blog\/natur\/fruehling\/\">Fr\u00fchling<\/a>. So gar keine Zuversicht vermochte der <a href=\"https:\/\/www.freiburg-schwarzwald.de\/blog\/engagement\/zukunft\/demokratie\/bundestag\/\">Bundestag<\/a> ausstrahlen <!--more-->auf seinen Sitzungen am 29.1.2025 (<a href=\"https:\/\/www.freiburg-schwarzwald.de\/blog\/cdu-5-punkte-plan-348-zu-345\/\">5-Punkte-Plan der CDU<\/a> angenommen) und 31.1. (Zustrombegrenzungsgesetz gescheitert). Welch demokratie-sch\u00e4dliches Schauspiel bot da der <a href=\"https:\/\/www.freiburg-schwarzwald.de\/blog\/engagement\/zukunft\/demokratie\/parteienstaat\/\">Parteienstaat<\/a> dem Zuschauer auf Phoenix.de &#8211; es ist einfach nur traurig.<br \/>\n.<br \/>\nDie Mehrheit des Parlaments hat sich am 31.1.2025 gegen den Mehrheitswillen der B\u00fcrger gestellt, die nichts sehnlicher w\u00fcnschen als ein Ende der :seit 2015 anhaltenden unkontrollierten Massenimmigration. Da h\u00e4tte das Zustrombegrenzungsgesetz mit den drei Punkten 1) Zustrom begrenzen, 2) Familiennachzug begrenzen und 3) Bundespolizei-Rechte ein erster kleiner Schritt sein k\u00f6nnen.<br \/>\nAber nix da: Die Bundestagsabgeordneten brachten es vor laufenden Phoenix-TV-Kameras fertig, wie man von 10 bis 17 Uhr Parteien-Gez\u00e4nke mit \u00fcblen Beleidigungen und gespielter rotkopfiger Erregung zelebrieren kann, ohne auf die nach Senne (M\u00e4dchen-Gang schl\u00e4gt 14-j\u00e4hrige Sch\u00fclerin krankenhausreif ), Stuttgart (12-j\u00e4hriger Junge vor S-Bahn gesto\u00dfen, tot), <a href=\"https:\/\/www.freiburg-schwarzwald.de\/blog\/engagement\/zukunft\/demokratie\/aschaffenburg22jan2025\/\">Aschaffenburg<\/a>, Magdeburg, &#8230; notwendige sachliche Debatte zur Migration zu f\u00fchren.<br \/>\nEine kleine Ausnahme: Friedrich Merz erl\u00e4uterte ganz kurz die obigen Punkte 1) &#8211; 3). Traurig, wie die Abgeordneten sieben Stunden (incl. 3 1\/2 Stunden Hinterzimmer-Unterbrechung) lang Wahlwerbung f\u00fcr die AfD machen konnten &#8211; auf Staatskosten. Hinzu kam Angela Merkel, die ihre seit 2015 in Budapest geltende Devise &#8222;Make the AfD great again&#8220; hervorholte, als sie am Vortag die CDU-ler an ihre zehnj\u00e4hrige Verpflichtung gegen\u00fcber Links-gr\u00fcn erinnerte.<br \/>\nMerkel sollte sich an den honorigen Ex-Bundeskanzlern Gerhard Schr\u00f6der, Helmut Schmidt und Helmut Kohl ein Beispiel nehmen und im Ruhestand zur aktuellen Tagespolitik schweigen. So aber wird die <a href=\"https:\/\/www.freiburg-schwarzwald.de\/blog\/vereine\/partei\/cdu\/cdu-opposition\/\">CDU<\/a> &#8222;von einer b\u00f6sen alten Frau&#8220; (Joachim Steinh\u00f6fel in (1) unten) weiter getrieben. So aber halten SPD und Gr\u00fcne das &#8222;Tor zur H\u00f6lle&#8220; (M\u00fctzenich (SPD)) weiter offen. Angela Merkel sollte einfach nur dem Gesang der <a href=\"https:\/\/www.freiburg-schwarzwald.de\/blog\/die-amseln-singen-wieder\/\">Amseln<\/a> lauschen.<\/p>\n<p>Zum Nachdenken:<br \/>\n&#8211; Vom Staat subventionierte NGO-Vorfeldorganisationen verm\u00f6gen binnen kurzer Zeit, Tausende f\u00fcr Strassenaufm\u00e4rsche (f\u00e4lschlich Demos genannt) zu mobilisieren.<br \/>\n&#8211; Anschl\u00e4ge gegen CDU-Gesch\u00e4ftsstellen: Alles, was die AfD die letzten 10 Jahre mitgemacht hat, widerf\u00e4hrt nun der CDU. &#8222;Der Mob hat gewonnen&#8220; (Norbert Bolz).<br \/>\n&#8211; Dass man eine Opposition niederstimmt, ist OK. Dass man aber nicht mal mehr einen Gesetzentwurf bzw. eine Anfrage auf die Tagsesordnung zul\u00e4\u00dft, hat mit parlamentarischer Demokratie nichts mehr zu tun.<br \/>\n&#8211; 75 % der CDU-Abgeordneten sind bereits unter Merkel aktiv gewesen.<br \/>\n&#8211; Die neue Logik: &#8222;Wir hassen alle, die dasselbe wollen wie wir&#8220;<br \/>\n.<br \/>\nVier Tips zum Sonntag:<br \/>\nI. Beim <a href=\"https:\/\/www.Kontrafunk.ch\">https:\/\/www.Kontrafunk.ch<\/a> die Sonntagsrunde &#8222;Der Mob frisst seine Eltern&#8220; anh\u00f6ren. Siehe (2) unten.<br \/>\nII. Bei <a href=\"https:\/\/www.achgut.com\">https:\/\/www.achgut.com<\/a> die Indubio Folge 366 &#8222;Balancieren auf der Brandmauer&#8220; mit Gerd Buurmann anh\u00f6ren.<br \/>\nIII. Bei <a href=\"https:\/\/www.punkt-preradovic.com\">https:\/\/www.punkt-preradovic.com<\/a> das Interview von Milena Preradovic mit dem Physiker Dieter B\u00f6hme zu &#8222;<a href=\"https:\/\/www.freiburg-schwarzwald.de\/blog\/energie\/wind\/windkraft\/\">Windr\u00e4der<\/a> Leistungsdichte: Ein M\u00e4rchen f\u00fcr Erwachsene&#8220; anh\u00f6ren und anschauen. Auch &#8222;der Mathematik und Physik nicht zugeneigte Menschen&#8220; (Milena) verstehen alles, zumal sie \u00fcber einen gesunden Menschenverstand verf\u00fcgen. Mehr dazu <a href=\"https:\/\/www.freiburg-schwarzwald.de\/blog\/energie\/energietechnik\/\">hier<\/a>.<br \/>\nIV. Oder raus in die Natur, zu Fu\u00df oder mit dem Fahrrad.<\/p>\n<div id=\"attachment_130279\" style=\"width: 645px\" class=\"wp-caption alignnone\"><a href=\"https:\/\/www.freiburg-schwarzwald.de\/blog\/wp-content\/uploads\/2025\/01\/schafe1dreisamta-panl250114.jpg\"><img loading=\"lazy\" decoding=\"async\" aria-describedby=\"caption-attachment-130279\" class=\"size-full wp-image-130279\" src=\"https:\/\/www.freiburg-schwarzwald.de\/blog\/wp-content\/uploads\/2025\/01\/schafe1dreisamta-panl250114.jpg\" alt=\"Schafe zwischen Freiburg und Hochschwarzwald am 12.1.2025 abends\" width=\"635\" height=\"388\" srcset=\"https:\/\/www.freiburg-schwarzwald.de\/blog\/wp-content\/uploads\/2025\/01\/schafe1dreisamta-panl250114.jpg 635w, https:\/\/www.freiburg-schwarzwald.de\/blog\/wp-content\/uploads\/2025\/01\/schafe1dreisamta-panl250114-180x110.jpg 180w\" sizes=\"auto, (max-width: 635px) 100vw, 635px\" \/><\/a><p id=\"caption-attachment-130279\" class=\"wp-caption-text\">Schafe zwischen Freiburg und Hochschwarzwald am 12.1.2025 abends<\/p><\/div>\n<p>2.2.2025<br \/>\n.<br \/>\nEnde von Beitrag &#8222;Amseln singen zu dritt 2.2.2025&#8220;<br \/>\n=============================================================<br \/>\nBeginn von Anlagen (1) &#8211; (3)<\/p>\n<p>.<br \/>\n<strong>(1) \u201eDrei Wochen, um darauf an der Wahlurne eine Antwort zu geben\u201c<\/strong><br \/>\nDer Bundestag hat den W\u00e4hlerwillen verh\u00f6hnt \u2013 SPD und Gr\u00fcne halten das \u201eTor zur H\u00f6lle\u201c weiter offen, die CDU wird weiter getrieben von einer b\u00f6sen alten Frau. Die FDP ist endg\u00fcltig vorbei. Joachim Steinh\u00f6fel rechnet gnadenlos mit einem Parlament ab, das den B\u00fcrgern den Mittelfinger gezeigt hat \u2013 drei Wochen vor deren Antwort an der Wahlurne.<br \/>\n&#8230;<br \/>\nSPD und Gr\u00fcne stehen nicht nur f\u00fcr das \u201eTor zur H\u00f6lle\u201c, sie haben es aufgerissen und wollen, dass dieses Tor offen bleibt. Sie grinsen den Opfern nicht nur metaphorisch (siehe die Selfies der Gr\u00fcnen am Brandenburger Tor) h\u00f6hnisch und gleichg\u00fcltig ins Gesicht.<br \/>\nDie Brandmauertoten sind f\u00fcr sie ein belangloser Kollateralschaden \u2013 ein Preis, den sie anderen, nur nie sich selbst, bereitwillig auferlegen. Die CDU wird weiterhin von einer b\u00f6sen alten wei\u00dfen Frau getrieben, die dem Land mehr Schaden zugef\u00fcgt hat als irgendjemand sonst seit 1949. Nach ihrer vorgestrigen Intervention \u2013 ein einmaliger Akt der Illoyalit\u00e4t gegen\u00fcber \u201eihrer\u201c Partei und deren Kanzlerkandidaten \u2013 wird es nat\u00fcrlich kein Parteiausschlussverfahren geben. Man k\u00f6nnte einen solchen Antrag aber gut begr\u00fcnden.<br \/>\nDie nicht kleinen oder machtlosen Restbest\u00e4nde ihrer Lakaien \u2013 wie der fr\u00fchere Kanzleramtsminister Dr. Helge Braun oder die Ministerpr\u00e4sidenten G\u00fcnther und W\u00fcst \u2013 m\u00f6chten ihre Politik der maximalen Besch\u00e4digung des Landes fortsetzen.<br \/>\nDie Union stand gestern nicht geschlossen, doch die Zahl der Abweichler (12 von 184 Abgeordneten blieben der Abstimmung fern) war bei weitem nicht so gro\u00df wie bei der FDP.<br \/>\nVon 92 FDP-Abgeordneten stimmten 2 gegen das Gesetz, 5 enthielten sich und 16 blieben der Abstimmung fern. Sage und schreibe ein Viertel der Fraktion ist damit Lindner und D\u00fcrr von der Fahne gegangen. Dies war offenbar abzusehen, weshalb D\u00fcrr noch das verlogene Schauspiel auff\u00fchrte und in letzter Minute angeblich einen \u201eKonsens der Demokraten\u201c herbeif\u00fchren wollte. Tats\u00e4chlich wollte er lediglich das durch das Abstimmungsverhalten jetzt besiegelte Ende der FDP als im Bundestag vertretene Partei verhindern&#8230;. Alles vom 1.2.2025 von Joachim Steinh\u00f6fel (CDU) bitte lesen auf<br \/>\n<a href=\"https:\/\/www.tichyseinblick.de\/gastbeitrag\/drei-wochen-um-darauf-an-der-wahlurne-eine-antwort-zu-geben?amp=1\">https:\/\/www.tichyseinblick.de\/gastbeitrag\/drei-wochen-um-darauf-an-der-wahlurne-eine-antwort-zu-geben?amp=1<\/a><br \/>\n.<br \/>\n.<br \/>\n<strong>(2) Die Sonntagsrunde mit Burkhard M\u00fcller-Ullrich: Der Mob frisst seine Eltern<\/strong><br \/>\nDer Philosoph und Theologe Dr. David Berger, die Verlegerin, Buchh\u00e4ndlerin und Dresdner Stadtr\u00e4tin der Freien W\u00e4hler Susanne Dagen sowie der ehemalige Direktor des Instituts f\u00fcr \u00d6ffentliche Finanzen der Universit\u00e4t Hannover Prof. Stefan Homburg diskutieren mit Burkhard M\u00fcller-Ullrich \u00fcber die von schwerer Schizophrenie befallene CDU, \u00fcber die Vorf\u00fchrung von klinischem Nazi-Tourette im Deutschen Bundestag, \u00fcber Argumente f\u00fcr und gegen Wehrpflicht sowie \u00fcber die Wirtschaftsbilanz des deutschen Wirtschaftsministers Habeck.<br \/>\n&#8230; Alles vom 2.2.2025 bitte lesen auf<br \/>\n<a href=\"https:\/\/kontrafunk.radio\/de\/sendung-nachhoeren\/politik-und-zeitgeschehen\/die-sonntagsrunde\/die-sonntagsrunde-mit-burkhard-mueller-ullrich-der-mob-frisst-seine-eltern\">https:\/\/kontrafunk.radio\/de\/sendung-nachhoeren\/politik-und-zeitgeschehen\/die-sonntagsrunde\/die-sonntagsrunde-mit-burkhard-mueller-ullrich-der-mob-frisst-seine-eltern<\/a><\/p>\n<p><strong>(3) Indubio Folge 366: Balancieren auf der Brandmauer<\/strong><br \/>\nIm deutschen Parlament wird vermehrt nur noch dar\u00fcber diskutiert, wer mit wem kann und wer mit wem darf und nicht darf. Es herrscht eine regelrechte Distanzeritis im Bundestag.<br \/>\n<a href=\"https:\/\/www.youtube.com\/watch?v=5V_yTh2xeO0\">https:\/\/www.youtube.com\/watch?v=5V_yTh2xeO0<\/a><br \/>\nUm das, was die Mehrheit im Land w\u00fcnscht, geht es oft gar nicht mehr. \u00dcber das Balancieren auf der Brandmauer spricht Gerd Buurmann mit der Juristin und Wirtschaftsexpertin Annette Heinisch, dem Juristen und Politiker Marcus Pretzell sowie dem Journalisten und Achse-Autor Peter Grimm.<br \/>\n&#8230; Alles vom 2.2.202 bitte lesen auf<br \/>\n<a href=\"https:\/\/www.achgut.com\/artikel\/indubio_folge_366_balancieren_auf_der_brandmauer\">https:\/\/www.achgut.com\/artikel\/indubio_folge_366_balancieren_auf_der_brandmauer<\/a><br \/>\n.<br \/>\nEinige Kommentare:<br \/>\nLieber Herr Merz! Treten Sie vor den Bundestag und sagen Sie laut und deutlich: \u201cDie AfD sind keine Nazis!\u201d Die Nazis sind diejenigen die mit Nazimethoden arbeiten. Die massiven linken Verleumdungskampagnen gegen AfD, CDU, FDP erinnern an St\u00fcrmer-Hetze &amp; stalinistische Schauprozesse! Unschuldige auf das \u00dcbelste zu verleumden ist eine Nazimethode! Unschuldige als Nazis zu bezeichnen entspricht der Perfidie von Goebbels &amp; Streicher. Herr Merz, sind Sie ein Nazi? Nein, oder? Wer versucht Sie denn st\u00e4ndig als Nazi zu framen? Nennen Sie endlich die wahren Nazis beim Namen. Wer Unschuldige als Nazis beschimpft ist selber ein Nazi. Thomas Szabo<br \/>\n.<br \/>\nSpiel nicht mit den Schmuddelkindern, sing nicht ihre Lieder &#8230;, so sang es in den Sechzigern Franz Josef Degenhardt. Die \u00c4lteren werden sich noch erinnern. Hat sich was ge\u00e4ndert? Doch, heute sind die Schmuddelkinder im Amt und W\u00fcrden, wissen das nat\u00fcrlich, machen ihren Dreck zur Politik und Philosophie. Den J\u00fcngeren wird Schwachsinn, Dummheit, Einfalt und R\u00fcckschritt als Vielfalt untergejubelt. Leider funktioniert so keine Natur, Gesellschaft oder das Leben \u00fcberhaupt. Dumm stellen und untergehen ist keine Lebensform auf diesem Planeten. Sch\u00f6nen Gru\u00df von Charles Darwin. Walter Weimar<br \/>\nEnde Kommentare<br \/>\n.<br \/>\n<strong>(3a) Vorschau Indubio 366: Deutschland nach dem Showdown<\/strong><br \/>\nAm Freitag scheiterte die Unionsfraktion mit ihrem Gesetzentwurf. Was bedeutet die Entscheidung f\u00fcr die politische und gesellschaftliche Landschaft in Deutschland?<br \/>\nAm Freitag fand im Bundestag ein Showdown um die Frage statt, ob die vielbeschworene Brandmauer zur AfD noch steht. Die Debatte und die anschlie\u00dfende Abstimmung drehten sich um das \u201eZustrombegrenzungsgesetz\u201c der Unionsfraktion, das strengere Regeln zur Migration vorsah.<br \/>\nAm 29. Januar hatte der Bundestag mit knapper Mehrheit, die unter anderem durch die AfD zustande gekommen war, einem Entschlie\u00dfungsantrag der Union zugestimmt, der eine Versch\u00e4rfung der Asylpolitik forderte. Der Antrag forderte unter anderem dauerhafte Grenzkontrollen und die Zur\u00fcckweisung von Asylsuchenden an den Grenzen.<br \/>\nFriedrich Merz hatte zwar argumentiert, dass die neuen Ma\u00dfnahmen notwendig seien, um die Sicherheit der Bev\u00f6lkerung zu gew\u00e4hrleisten, aber die Sicherheit der B\u00fcrger trat sehr schnell in den Hintergrund. Stattdessen wurde dar\u00fcber diskutiert, wer mit wem kann und wer mit wem darf und nicht darf. Eine regelrechte Distanzeritis brach im Bundestag aus.<\/p>\n<p>Am Freitag scheiterte die Unionsfraktion mit ihrem Gesetzentwurf, der mit 338 Stimmen daf\u00fcr und 350 Stimmen dagegen abgelehnt wurde. Die Abstimmung am Freitag war jedoch nicht nur eine Entscheidung \u00fcber Asylpolitik, sondern eine parlamentarische Schlammschlacht, in der sich alle Parteien bem\u00fchten, nicht die Sau im Schlamm zu sein.<br \/>\nWas bedeutet die Entscheidung f\u00fcr die politische und gesellschaftliche Landschaft in Deutschland? Deckt sich die Entscheidung mit der Meinung der Mehrheit im Volk? Und vor allem: Wie lange kann der Balanceakt auf der Brandmauer noch gut gehen?<\/p>\n<p>Dar\u00fcber spricht Gerd Buurmann am kommenden Sonntag mit der Juristin und Wirtschaftsexpertin Annette Heinisch, dem Juristen und Politiker Marcus Pretzell sowie dem Journalisten und Achse-Autor Peter Grimm.<br \/>\n&#8230; Alles vom 1.2.2025 bitte lesen auf<br \/>\n<a href=\"https:\/\/www.achgut.com\/artikel\/vorschau_indubio_deutschland_nach_dem_showdown\">https:\/\/www.achgut.com\/artikel\/vorschau_indubio_deutschland_nach_dem_showdown<\/a><\/p>\n<p><em>Gerd Buurmann spielt, schreibt und inszeniert in diversen freien Theatern von K\u00f6ln bis Berlin. Er ist Schauspieler, Stand-Up Comedian und Kabarettist. Im Jahr 2007 erfand er die mittlerweile europaweit erfolgreiche B\u00fchnenshow \u201eKunst gegen Bares\u201c. Mit seinen Vortr\u00e4gen \u00fcber Heinrich Heine, Hedwig Dohm und den von ihm entwickelten Begriffen des \u201eNathan-Komplex\u201c und des \u201eLoreley-Komplex\u201c ist er in ganz Deutschland unterwegs. Seit April 2022 moderiert er den Podcast \u201eIndubio\u201c der Achse des Guten.<\/em><\/p>\n<p>&nbsp;<\/p>\n","protected":false},"excerpt":{"rendered":"<p>Am heutigen Sonntag 2.2.2025 um 7.30 Uhr ist es noch fast dunkel als die Amseln zum ersten Mal in diesem Jahr singen. Drei Amselm\u00e4nner zugleich. Da macht sich Zuversicht und Hoffnung breit &#8211; auf den nahenden Fr\u00fchling. So gar keine &hellip; <a href=\"https:\/\/www.freiburg-schwarzwald.de\/blog\/amseln-singen-zu-dritt-2-2-2025\/\">Weiterlesen <span class=\"meta-nav\">&rarr;<\/span><\/a><\/p>\n","protected":false},"author":2,"featured_media":0,"comment_status":"open","ping_status":"closed","sticky":false,"template":"","format":"standard","meta":{"footnotes":""},"categories":[18,5,135,155,395],"tags":[633,725,622,626,525,668,305],"class_list":["post-130518","post","type-post","status-publish","format-standard","hentry","category-bildung","category-energie","category-energiepolitik","category-integration","category-wind","tag-demokratie","tag-integration","tag-migration","tag-partei","tag-politik","tag-talk","tag-windkraft"],"_links":{"self":[{"href":"https:\/\/www.freiburg-schwarzwald.de\/blog\/wp-json\/wp\/v2\/posts\/130518","targetHints":{"allow":["GET"]}}],"collection":[{"href":"https:\/\/www.freiburg-schwarzwald.de\/blog\/wp-json\/wp\/v2\/posts"}],"about":[{"href":"https:\/\/www.freiburg-schwarzwald.de\/blog\/wp-json\/wp\/v2\/types\/post"}],"author":[{"embeddable":true,"href":"https:\/\/www.freiburg-schwarzwald.de\/blog\/wp-json\/wp\/v2\/users\/2"}],"replies":[{"embeddable":true,"href":"https:\/\/www.freiburg-schwarzwald.de\/blog\/wp-json\/wp\/v2\/comments?post=130518"}],"version-history":[{"count":5,"href":"https:\/\/www.freiburg-schwarzwald.de\/blog\/wp-json\/wp\/v2\/posts\/130518\/revisions"}],"predecessor-version":[{"id":130632,"href":"https:\/\/www.freiburg-schwarzwald.de\/blog\/wp-json\/wp\/v2\/posts\/130518\/revisions\/130632"}],"wp:attachment":[{"href":"https:\/\/www.freiburg-schwarzwald.de\/blog\/wp-json\/wp\/v2\/media?parent=130518"}],"wp:term":[{"taxonomy":"category","embeddable":true,"href":"https:\/\/www.freiburg-schwarzwald.de\/blog\/wp-json\/wp\/v2\/categories?post=130518"},{"taxonomy":"post_tag","embeddable":true,"href":"https:\/\/www.freiburg-schwarzwald.de\/blog\/wp-json\/wp\/v2\/tags?post=130518"}],"curies":[{"name":"wp","href":"https:\/\/api.w.org\/{rel}","templated":true}]}}