{"id":130260,"date":"2025-01-25T14:33:47","date_gmt":"2025-01-25T13:33:47","guid":{"rendered":"https:\/\/www.freiburg-schwarzwald.de\/blog\/?p=130260"},"modified":"2025-01-25T17:30:18","modified_gmt":"2025-01-25T16:30:18","slug":"usa-aufbruch-ja-spaltung-nein","status":"publish","type":"post","link":"https:\/\/www.freiburg-schwarzwald.de\/blog\/usa-aufbruch-ja-spaltung-nein\/","title":{"rendered":"USA Aufbruch-ja Spaltung-nein"},"content":{"rendered":"<p>Der Gro\u00dfteil unserer Verwandtschaft lebt in den <a href=\"https:\/\/www.freiburg-schwarzwald.de\/blog\/global\/usa\/\">USA<\/a>, schon lange, die J\u00fcngeren meinen &#8222;schon immer&#8220;. Sie berichten von einer Aufbruchstimmung in ihrem riesigen Land, das 26 mal (Fl\u00e4che) bzw. 4 mal (Menschen) so gro\u00df ist wie das <a href=\"https:\/\/www.freiburg-schwarzwald.de\/blog\/global\/deutschland\/deutschland-kaputt\/\">kleine Deutschland<\/a>. Die privaten US-Medien &#8211; staatliche gibt es nicht &#8211; ebenfalls; <!--more-->die einen sehen den Aufbruch positiv, andere eher negativ.<br \/>\nDie Aufbruchstimmung ist dem politischen Programm der neuen Regierung von <a href=\"https:\/\/www.freiburg-schwarzwald.de\/blog\/global\/usa\/usa-trump\/\">Donald Trump<\/a> zu verdanken, den die Amerikaner mit gro\u00dfer Mehrheit gew\u00e4hlt haben. Ob die gute Stimmung anh\u00e4lt, wird sich zeigen.<\/p>\n<p>Die deutschen <a href=\"https:\/\/www.freiburg-schwarzwald.de\/blog\/kultur\/medien\/mainstream\/\">Medien<\/a> &#8211; private wie staatliche &#8211; berichten \u00fcber diese Aufbruchstimmung in den USA kaum. Im Gegenteil, sie verh\u00f6hnen das Land. Mit Bildern, die Trump und Politiker der Republicans in unsympathisch h\u00e4sslichen Fratzen zeigen. Sie zeichnen das Bild eines heruntergekommenen, abgewirtschafteten, geschundenen und gespaltenen Landes.<br \/>\n.<br \/>\nDabei sind die USA kein <a href=\"https:\/\/www.freiburg-schwarzwald.de\/blog\/global\/deutschland\/spaltung\/\">gespaltenes<\/a>, sondern ein <a href=\"https:\/\/www.freiburg-schwarzwald.de\/blog\/engagement\/zukunft\/demokratie\/democracy-first\/\">demokratisches Land<\/a>. In dem die <a href=\"https:\/\/www.freiburg-schwarzwald.de\/blog\/engagement\/zukunft\/demokratie\/opposition\/\">Opposition<\/a> &#8211; in der immer die n\u00e4chste Regierung auf Abruf wartet &#8211; die bisherige Regierung Biden abgel\u00f6st hat. Dieser friedliche Regierungs- bzw. Machtwechsel als Kennzeichnen des <a href=\"https:\/\/www.freiburg-schwarzwald.de\/blog\/engagement\/zukunft\/demokratie\/verfassung\/fdgo\/\">demokratischen Systems<\/a> hat in den USA funktioniert. Und er wird in vier Jahren wieder funktionieren, wenn die Democrats als Opposition dann ggf. wieder die Macht zur\u00fcckerlangen werden. Als echte, harte Opposition wohlgemerkt (die alles tut, um die Regierung zu kontrollieren und auch zu st\u00fcrzen), keine Schein-Opposition wie die <a href=\"https:\/\/www.freiburg-schwarzwald.de\/blog\/vereine\/partei\/cdu\/cdu-opposition\/\">CDU<\/a> (die mit der Regierung per <a href=\"https:\/\/www.freiburg-schwarzwald.de\/blog\/vereine\/partei\/cdu\/brandmauer\/\">Brandmauer<\/a> kungelt bzw. kooperiert). &#8222;Democracy first&#8220; hat funktioniert in den Vereinigten Staaten im Jahr 2025 &#8211; und sie tut dies seit dem Jahr 1787 ohne Unterbrechung.<br \/>\n.<br \/>\nIm Gegensatz zu Deutschland, wo der friedliche <a href=\"https:\/\/www.freiburg-schwarzwald.de\/blog\/engagement\/zukunft\/demokratie\/politikwende\/\">Regierungswechsel<\/a> (um 180 Grad, nicht \u00e0 la Baerbock um 360 Grad) seit der Errichtung der Brandmauer gegen die gr\u00f6\u00dfte Oppositionspartei faktisch nicht mehr m\u00f6glich ist. Und eine Demokratie ohne Opposition ist als System ohne eingebauten friedlichen Machtwechsel kein demokratisches, sondern ein eher <a href=\"https:\/\/www.freiburg-schwarzwald.de\/blog\/engagement\/zukunft\/demokratie\/totalitarismus\/\">totalit\u00e4res System<\/a>.<\/p>\n<p>Man mag <a href=\"https:\/\/www.freiburg-schwarzwald.de\/blog\/global\/usa\/trump\/\">Donald Trump<\/a> als Person m\u00f6gen oder nicht &#8211; entscheidend ist seine Politik. Trump ist der erste Pr\u00e4sident der USA seit vielen (wie vielen?) Jahren, der in seiner Amtszeit 2017-2021 in <a href=\"https:\/\/www.freiburg-schwarzwald.de\/blog\/global\/usa\/us-geopolitik\/\">keinen neuen Krieg<\/a> eingetreten ist bzw. keinen Krieg begonnen hat.<br \/>\n.<br \/>\nDie USA haben eine neue Regierung gew\u00e4hlt. Auch in Deutschland wird mehrheitlich ein Regierungswechsel weg von <a href=\"https:\/\/www.freiburg-schwarzwald.de\/blog\/engagement\/zukunft\/demokratie\/unseredemokratie\/\">UnsereDemokratie<\/a> gew\u00fcnscht. Der Nius-Journalist Julian Reichelt hat die Antrittsrede von Donald Trump in folgenden Punkten zusammengefasst (<a href=\"https:\/\/www.youtube.com\/watch?v=ENmmVt9zBWA&amp;t=7997s\">https:\/\/www.youtube.com\/watch?v=ENmmVt9zBWA&amp;t=7997s<\/a> ab 2:10:56):<br \/>\n&#8211; Das Versprechen, das eigene Land fortan jeden Tag an erste Stelle zu setzen.<br \/>\n&#8211; Das Eingest\u00e4ndnis, dass das Land von einer korrupten Elite regiert wurde &#8222;<a href=\"https:\/\/www.freiburg-schwarzwald.de\/blog\/engagement\/zukunft\/demokratie\/staat\/deep-state\/\">Deep state<\/a>&#8222;.<br \/>\n&#8211; Die Zusage, das Recht nicht mehr gegen die B\u00fcrger zu wenden, den furchtbaren Verrat an den Menschen zu beenden und ihnen die Demokratie zur\u00fcckgeben.<br \/>\n&#8211; Das Bekenntnis zu einer Politik des gesunden Menschenverstands.<br \/>\n&#8211; Die Ausrufung des Notstands an den Grenzen und die Entsendung von Truppen, um die \u201eInvasion\u201c von Migranten zu beenden, jede illegale Einreise zu stoppen und \u201eMillionen (!)&#8220; sofort zu remigrieren.<br \/>\n&#8211; Die Ausrufung einer nationalen Energiekrise, um die Energiepreise zu drosseln.<br \/>\n&#8211; Das Versprechen, Amerika wieder zu einem Industrieland zu machen.<br \/>\n&#8211; Die Aufk\u00fcndigung des Green Deal und die Rettung der nationalen Automobilindustrie.<br \/>\n&#8211; Das Verbot der Zensur und die Wiedereinf\u00fchrung der Meinungsfreiheit &#8222;<a href=\"https:\/\/www.freiburg-schwarzwald.de\/blog\/free-speech-meinungsfreiheit\/\">Free speech<\/a>&#8222;.<br \/>\n&#8211; Die Ank\u00fcndigung, es werde k\u00fcnftig nur zwei Geschlechter geben: M\u00e4nner und Frauen.<br \/>\n&#8211; Die vollst\u00e4ndige Rehabilitierung und Entsch\u00e4digung aller Soldaten, die aus dem Dienst entfernt wurden, weil sie sich w\u00e4hrend der Coronazeit nicht impfen lassen wollten.<\/p>\n<p>Reichelt&#8217;s These: W\u00fcrde man diese Rede (in Anpassung auf die hiesigen Verh\u00e4ltnisse nat\u00fcrlich) den Deutschen vorlegen, w\u00fcrden 80 % sofort sagen: \u201eWo muss ich unterschreiben?\u201c<br \/>\n\u00dcber diese sicher gewagte These mu\u00df man offen reden. Doch dazu bedarf es einer\u00a0 <a href=\"https:\/\/www.freiburg-schwarzwald.de\/blog\/kultur\/medien\/diskussionskultur\/\">Diskussionskultur<\/a>, die Deutschland aufgrund enger <a href=\"https:\/\/www.freiburg-schwarzwald.de\/blog\/kultur\/medien\/meinungsfreiheit\/\">Meinungskorridore<\/a>, <a href=\"https:\/\/www.freiburg-schwarzwald.de\/blog\/kultur\/medien\/political-correctness\/\">Political Correctness<\/a>, <a href=\"https:\/\/www.freiburg-schwarzwald.de\/blog\/religion\/juden\/nazi\/nazi-keule\/\">Nazi-Keule<\/a> und <a href=\"https:\/\/www.freiburg-schwarzwald.de\/blog\/engagement\/zukunft\/demokratie\/tabu\/\">Tabus<\/a> leider abhandengekommen ist.<br \/>\n25.1.2025<br \/>\n.<br \/>\nEnde von Beitrag &#8222;USA Aufbruch-ja Spaltung-nein&#8220;<br \/>\n============================================================<br \/>\nBeginn von Anlagen (1) &#8211;<br \/>\n.<\/p>\n<p><strong>(1) Aufbruch in Amerika \u2013 Deutschland steckt im Gestern fest<\/strong><br \/>\nIn den USA ist ein Politikwechsel m\u00f6glich. Trump wird das Land nachhaltig pr\u00e4gen. In Deutschland dagegen wechseln die Gesichter an den Parteispitzen, die Umfragewerte steigen und fallen \u2013 und doch bleibt alles beim Alten. Dabei wollen deutsche Politiker die Welt gestalten. \u201eL\u00e4cherlich\u201c<br \/>\n&#8230; Video<br \/>\nDie Vereinigten Staaten brechen in ein neues politisches Zeitalter auf. Ob es ein gutes wird, muss sich noch zeigen, aber die W\u00e4hler haben dem untragbaren Status quo eine Absage erteilt, indem sie Donald Trump erneut zum Pr\u00e4sidenten machten. Doch Deutschland steckt fest. <em><strong>Die Versprechen der Politik, dass nach der kommenden Wahl alles anders sein wird, glaubt hier schon lange keiner mehr.<\/strong><\/em> \u201eDie Welt erfindet sich neu, nur Deutschland bleibt alt\u201c, beschreibt Roland Tichy die Lage.<br \/>\n&#8230; Alles vom 23.1.2025 von Roland Tichy bitte lesen auf<br \/>\n<a href=\"https:\/\/www.tichyseinblick.de\/video\/kommentar\/die-lage-der-nation-amerika-bricht-auf-deutschland-steckt-im-gestern-fest\/\">https:\/\/www.tichyseinblick.de\/video\/kommentar\/die-lage-der-nation-amerika-bricht-auf-deutschland-steckt-im-gestern-fest\/<\/a><\/p>\n","protected":false},"excerpt":{"rendered":"<p>Der Gro\u00dfteil unserer Verwandtschaft lebt in den USA, schon lange, die J\u00fcngeren meinen &#8222;schon immer&#8220;. Sie berichten von einer Aufbruchstimmung in ihrem riesigen Land, das 26 mal (Fl\u00e4che) bzw. 4 mal (Menschen) so gro\u00df ist wie das kleine Deutschland. Die &hellip; <a href=\"https:\/\/www.freiburg-schwarzwald.de\/blog\/usa-aufbruch-ja-spaltung-nein\/\">Weiterlesen <span class=\"meta-nav\">&rarr;<\/span><\/a><\/p>\n","protected":false},"author":2,"featured_media":0,"comment_status":"open","ping_status":"closed","sticky":false,"template":"","format":"standard","meta":{"footnotes":""},"categories":[18,183,14],"tags":[633,26,720,525,631,705],"class_list":["post-130260","post","type-post","status-publish","format-standard","hentry","category-bildung","category-demenz","category-global","tag-demokratie","tag-deutsch","tag-medien","tag-politik","tag-staat","tag-usa"],"_links":{"self":[{"href":"https:\/\/www.freiburg-schwarzwald.de\/blog\/wp-json\/wp\/v2\/posts\/130260","targetHints":{"allow":["GET"]}}],"collection":[{"href":"https:\/\/www.freiburg-schwarzwald.de\/blog\/wp-json\/wp\/v2\/posts"}],"about":[{"href":"https:\/\/www.freiburg-schwarzwald.de\/blog\/wp-json\/wp\/v2\/types\/post"}],"author":[{"embeddable":true,"href":"https:\/\/www.freiburg-schwarzwald.de\/blog\/wp-json\/wp\/v2\/users\/2"}],"replies":[{"embeddable":true,"href":"https:\/\/www.freiburg-schwarzwald.de\/blog\/wp-json\/wp\/v2\/comments?post=130260"}],"version-history":[{"count":5,"href":"https:\/\/www.freiburg-schwarzwald.de\/blog\/wp-json\/wp\/v2\/posts\/130260\/revisions"}],"predecessor-version":[{"id":130271,"href":"https:\/\/www.freiburg-schwarzwald.de\/blog\/wp-json\/wp\/v2\/posts\/130260\/revisions\/130271"}],"wp:attachment":[{"href":"https:\/\/www.freiburg-schwarzwald.de\/blog\/wp-json\/wp\/v2\/media?parent=130260"}],"wp:term":[{"taxonomy":"category","embeddable":true,"href":"https:\/\/www.freiburg-schwarzwald.de\/blog\/wp-json\/wp\/v2\/categories?post=130260"},{"taxonomy":"post_tag","embeddable":true,"href":"https:\/\/www.freiburg-schwarzwald.de\/blog\/wp-json\/wp\/v2\/tags?post=130260"}],"curies":[{"name":"wp","href":"https:\/\/api.w.org\/{rel}","templated":true}]}}