{"id":130192,"date":"2025-01-22T19:07:35","date_gmt":"2025-01-22T18:07:35","guid":{"rendered":"https:\/\/www.freiburg-schwarzwald.de\/blog\/?p=130192"},"modified":"2025-01-22T19:45:19","modified_gmt":"2025-01-22T18:45:19","slug":"social-media-nur-noch-gefiltert","status":"publish","type":"post","link":"https:\/\/www.freiburg-schwarzwald.de\/blog\/social-media-nur-noch-gefiltert\/","title":{"rendered":"Social Media nur noch gefiltert?"},"content":{"rendered":"<p>Jeder B\u00fcrger kann \u00fcber <a href=\"https:\/\/www.freiburg-schwarzwald.de\/blog\/kultur\/medien\/social-media\/\">Social Media<\/a> seine Meinung kundtun, und zwar in gr\u00f6\u00dferer Reichweite als die Mainstreammedien und ungefiltert, also ohne T\u00fcrw\u00e4chter der Regierung. Dies mi\u00dff\u00e4llt dem Staat. In Analogie zur &#8222;Hoheit \u00fcber den Kinderbetten&#8220; (Olaf Scholz) geht es dem <a href=\"https:\/\/www.freiburg-schwarzwald.de\/blog\/kultur\/medien\/medien-politik\/\">polit-medialen<\/a> Komplex <!--more-->um die &#8222;Hoheit \u00fcber die Meinungen der B\u00fcrger&#8220;, also \u00fcber die <a href=\"https:\/\/www.freiburg-schwarzwald.de\/blog\/kultur\/medien\/meinungsfreiheit\/\">Meinungsfreiheit<\/a>.<br \/>\n.<br \/>\nIm <a href=\"https:\/\/www.freiburg-schwarzwald.de\/blog\/engagement\/zukunft\/demokratie\/grundgesetz\/\">Grundgesetz<\/a> sind <a href=\"https:\/\/www.freiburg-schwarzwald.de\/blog\/engagement\/zukunft\/demokratie\/grundgesetz\/grundrechte\/\">B\u00fcrgerrechte<\/a> als Abwehrrechte gegen den \u00fcbergriffigen Staat beschrieben, darunter auch das Recht auf freie Meinungs\u00e4u\u00dferung, welches privat, im \u00f6ffentlichen Raum wie im Internet gilt. Dazu hat der B\u00fcrger drei M\u00f6glichkeiten:<br \/>\nA. Eine eigene Website als Homepage einrichten und dort Informationen (Fakten, die eigene Meinung) hochladen.<br \/>\nB. \u00dcber andere Sites (Online-Zeitungen, <a href=\"https:\/\/www.freiburg-schwarzwald.de\/blog\/kultur\/medien\/alternative-medien\/polit-blog\/\">Polit-Blogs<\/a>, &#8230;) Kommentare schreiben .<br \/>\nC. Posts In den Social Media (X, Facebook, Instagram, TikTok, &#8230;) absetzen.<\/p>\n<p><em>Trend zu Social Media<\/em><br \/>\nZu Beginn des Internets glaubte man, nun sei das goldene Zeitalter der Meinungsfreiheit angebrochen, da jeder B\u00fcrger \u00fcber seine eigene Homepage frei und unkontrolliert seine Meinung verbreiten k\u00f6nne. Jeder B\u00fcrger ein Journalist &#8211; <a href=\"https:\/\/www.freiburg-schwarzwald.de\/blog\/kultur\/medien\/journalismus\/buergerjournalismus\/\">B\u00fcrgerjournalismus<\/a>. Doch dem war nicht so, da dies mit Arbeit verbunden ist und der menschliche Bequemlichkeit zuwider l\u00e4uft: Gegen\u00fcber A gewann B an Bedeutung, d.h. man kommentierte. Bald zeigte sich, da\u00df die sich online entwickelnden Diskussionen zu einer Nachricht oft interessanter waren als die Nachricht selbst &#8211; die Social Media C verbreiteten sich, da man einfach, bequem, kostenlos und sogar anonym posten konnte.<\/p>\n<p><em>Gute und b\u00f6se Tech-Milliard\u00e4re<\/em><br \/>\nIn den sozialen Netzen hat sich leider eine gro\u00dfe Konzentration vollzogen. Die gro\u00dfen Netze wurden gr\u00f6\u00dfer, die kleinen wurden kleiner. Man erinnere sich an <a href=\"https:\/\/www.freiburg-schwarzwald.de\/blog\/regio\/freiburg\/augustinerplatz\/\">StudiVZ<\/a>, ein deutsches Sozialnetz, das leider insolvent ging. Doch ob die wenigen Plattformen einem Tech-Milliard\u00e4r oder Staat (TikTok) geh\u00f6ren, war bislang unbeanstandet &#8211; Hauptsache das linke Meinungssektrum wurde bedient. So galten Mark Zuckerberg (Meta mit Facebook und Instagram), Jeff Bezos (Amazon, Washington Post), Bill Gates und <a href=\"https:\/\/www.freiburg-schwarzwald.de\/blog\/global\/globalisierung\/bigtech\/musk\/\">Elon Musk<\/a> als gute Tech-Milliard\u00e4re, da sie links und woke ausgerichtet waren.<br \/>\nNachdem Musk Twitter kaufte und als X die Links\/Rechts-Ausrichtung von 65%-32% zu ausgewogenen 49%-48% \u00e4nderte, wurde er pl\u00f6tzlich zum b\u00f6sen Milliard\u00e4r. Und er blieb sogar der B\u00f6se, nachdem er den Quellcode und damit die Algorithmen von X als open source \u00f6ffentlich gemacht hatte. Als Zuckerberg, Bezos und Gates nachzogen und die Faktenchecker durch interne Community Notes ersetzten, wurden auch sie pl\u00f6tzlich als B\u00f6se angeprangert.<br \/>\nDamit offenbaren sich die Wokeisten als Heuchler in ihrem angeblich so hehren Kampf gegen die Reichen und f\u00fcr die Demokratie: Sie agieren nicht gegen Monopolisten, sondern gegen die nicht willf\u00e4hrigen Milliard\u00e4re. Sie agieren nicht f\u00fcr die Demokratie, sondern f\u00fcr <a href=\"https:\/\/www.freiburg-schwarzwald.de\/blog\/engagement\/zukunft\/demokratie\/unseredemokratie\/\">UnsereDemokratie<\/a>, wobei das Pronomen &#8222;unser&#8220; den Besitz der eigenen linken Blase anzeigt, nicht aber den des Wahlvolkes.<\/p>\n<p><em>Bildung als Voraussetzung f\u00fcr Social Media<\/em><br \/>\n&#8222;Jeder B\u00fcrger kann \u00fcber Social Media seine Meinung ungefiltert und reichweitenstark \u00e4u\u00dfern.&#8220; Der freie und m\u00fcndige B\u00fcrger im Internet. Dies setzt aber voraus, dass der B\u00fcrger hierzulande ein Bildungssystem vorfindet, das ihm neben Rechtsschreibung und Faktenwissen auch das Argumentieren vermittelt: Stellung nehmen zu einem Problem, Pro&amp;Contra als ideales Format, Diskussionskultur. DIE Wissenschaft gibt es ebenso wenig wie DIE eine Wahrheit.<\/p>\n<p>Pisa-Berichte und internationale Bildung-Rankings weisen auf eine deutsche <a href=\"https:\/\/www.freiburg-schwarzwald.de\/blog\/bildung\/bildungsmisere\/\">Bildungsmisere<\/a> hin, die sich auch in den Diskursen in den Social Media spiegeln: Da wird so getan, als ob es keinen Unterschied gebe zwischen Ursache und Wirkung, gleich und verschieden, repr\u00e4sentativ und einzeln, These und Antithese, ja\/nein und sowohl\/als auch, Glaube und Fakt oder Korrelation und Kausalit\u00e4t.<br \/>\nWenn die <a href=\"https:\/\/www.freiburg-schwarzwald.de\/blog\/kultur\/internet\/kommunikation\/\">Kommunikation<\/a> in den Social Media von den B\u00fcrgern selbst z.B. durch das Instrument der Community Notes geordnet werden soll, dann setzt dies einen gewissen Bildungsgrad der Teilnehmer voraus. <a href=\"https:\/\/www.freiburg-schwarzwald.de\/blog\/buerger-audiatur-et-altera-pars\/\">M\u00fcndige B\u00fcrger<\/a> also und keine Untertan. Insofern ist das Funktionieren der Social Media vergleichbar mit dem System der <a href=\"https:\/\/www.freiburg-schwarzwald.de\/blog\/engagement\/zukunft\/demokratie\/direkte-demokratie\/\">direkten Demokratie<\/a> z.B. in der Schweiz. Ohne ein gewisses Bildungslevel und Traditionsbewu\u00dftsein werden Volksbefragungen zur Farce. Ohne den wirklich interessierten Nutzer werden Social Media zum banalen Zeitvertreib.<br \/>\n.<br \/>\n<em>DIE Machtfrage: Kontrolle der Social Media durch B\u00fcrger oder Staat?<\/em><br \/>\nDie freien Meinungs\u00e4u\u00dferungen der unz\u00e4hligen Nutzer bestimmen die gro\u00dfe Wirkmacht der Social Media. Diese Macht an sich bereitet den Regierenden keine Sorgen, wohl aber die Tatsache, da\u00df sie keine bzw. wenig Kontrolle \u00fcber sie haben. Dieser Kontrollverlust, der bei konventionellen Medien nicht bestand, ist den <a href=\"https:\/\/www.freiburg-schwarzwald.de\/blog\/kultur\/kulturverlust\/woke\/\">Linkswoken<\/a> ein Dorn im Auge, dagegen laufen sie Sturm.<br \/>\nDeshalb ist die Meinungsfreiheit zum Kernproblem der modernen Gesellschaft geworden. Das Verlassen von Social Media wie etwa die X ist keine L\u00f6sung (1). Ebensowenig wie ein Verbot der Community.<br \/>\n.<br \/>\n<em>Wie bei der Schwangerschaft: Ein bi\u00dfchen Meinungsfreiheit gibt es nicht<\/em><br \/>\nBleibt die Meinungsfreiheit gem\u00e4\u00df Grundgesetz unantastbares Recht jedes einzelnen B\u00fcrgers? Oder gelingt es staatlichen Kontrolleuren &#8211; unter dem geheuchelten Vorwand der Rettung von UnsereDemokratie &#8211; die Meinungsfreiheit zu beschneiden? Um eine wie immer neugestaltete <a href=\"https:\/\/www.freiburg-schwarzwald.de\/blog\/engagement\/zukunft\/demokratie\/dezentral\/\">dezentrale<\/a> B\u00fcrgergesellschaft (2) in ein zentralistisches System umzubauen?<br \/>\nWas den B\u00fcrgern bleibt &#8211; und das ist viel: Miteinander reden, hochladen, posten, fragen, antworten, die eigene Meinung kundtun. Auch in den Social Media.<br \/>\n22.1.2025<br \/>\n.<br \/>\nEnde von Beitrag &#8222;Social Media nur noch gefiltert?&#8220;<br \/>\n=========================================================<br \/>\nBeginn von Anlagen (1) &#8211; (2)<\/p>\n<p>.<\/p>\n<p><strong>(1) Gute-Gesinnungs-Demonstration mit X-Boykott<\/strong><br \/>\nNeben wichtigtuerischen Einzelpersonen der ABC-Prominenz sind es zunehmend Organisationen, die ihren R\u00fcckzug von X mit ihrer gesellschaftlichen Verantwortung f\u00fcr dies &amp; das begr\u00fcnden.<br \/>\n&#8230;<br \/>\nElon Musk hat den Quellcode von X vergleichsweise transparent open source ver\u00f6ffentlicht (hier <a href=\"https:\/\/github.com\/twitter\">https:\/\/github.com\/twitter<\/a>). Daran oder auf anderem Wege hat bisher noch niemand beweisen k\u00f6nnen, das X eine \u201ealgorithmische Verst\u00e4rkung rechtspopulistischer Inhalte\u201c betreiben w\u00fcrde (vgl. dazu auch: Berliner Zeitung vom 07.01.25 <a href=\"https:\/\/www.berliner-zeitung.de\/politik-gesellschaft\/fuer-eine-manipulation-von-x-durch-elon-musk-gibt-es-keine-beweise-li.2287316\">https:\/\/www.berliner-zeitung.de\/politik-gesellschaft\/fuer-eine-manipulation-von-x-durch-elon-musk-gibt-es-keine-beweise-li.2287316<\/a>).<br \/>\nZwar mag die Relevanz\/ Bedeutung von Content durch Reichweite zustande kommen und diese sich tautologisch verst\u00e4rken (viel Reichweite f\u00fchrt zu noch mehr Reichweite), wobei \u201ePopulistisches\u201c\/Einfaches besser abschneidet als \u201eReflektiertes\u201c\/Komplexes \u2013 aber dies betrifft das gesamte Netz und ist auch schon in der analogen Welt so gewesen. Boulevard triumphiert \u00fcbers Feuilleton, die Bild verkauft sich besser als die FAZ. Man mag dies \u2013 auch aus guten, nicht nur elit\u00e4ren Gr\u00fcnden \u2013 bedauern, mit Musk und X hat es nichts zu tun. Auch darauf, dass X manuell rechtspopulistische Inhalte gegen linkspopulistische pushen w\u00fcrde, deutet nichts hin. Anekdotische Evidenz spricht sogar explizit dagegen.<br \/>\nBeispiel: Die linkspopulistische Fake-News-Schleuder Georg Restle, Redaktionsleiter bei Monitor (ARD),postete am 6. Januar 2025 auf X: \u201eShut up, Elon Musk! We don\u2018t want your fascism in Europe!\u201d<\/p>\n<p>Restle, der bei X 158.000 Follower hat, erreichte mit diesem Beitrag 2,8 Millionen Views. Keine Zensur. Keine Reichweitenbeschr\u00e4nkung. Kein Fake-News-Hinweis der Art, dass Musk kein Faschist sei oder Beleidigungen gegen Regeln versto\u00dfen w\u00fcrden. Viele Kommentare. Zustimmende. Ablehnende. Einer von Malca Goldstein-Wolf: \u201eDer #\u00d6RR-G\u00fcnstling @georgrestle, bekannt auch f\u00fcr seine Israelbesessenheit, will @elonmusk auf seiner eigenen Platform den Mund verbieten. Wie reagiert Musk? Er l\u00f6scht Restles Kommentar nicht, zeigt anschaulich, wie freie Meinungs\u00e4u\u00dferung funktioniert. Selbst dann, wenn ihm ein unfl\u00e4tiger User ins eigene Wohnzimmer kotzt.\u201c<br \/>\nEin Streit, eine Diskussion. Definitiv offen, frei, demokratisch, fair. Der Nutzer macht damit, was er will.<br \/>\n&#8230;<br \/>\nDas ist es, was die Linksgr\u00fcnen nervt: dass ihnen auf X widersprochen werden kann und dass sie dort ihre einstige Hegemonie verlieren, die sich nicht dem besseren Argument oder realen Mehrheiten verdankte, sondern allein der Unterst\u00fctzung durch die Regierung und deren Agenturen, die ihre Kritiker zensierten, l\u00f6schten oder ausblendeten. Darum \u2013 nicht, weil sie jetzt umgekehrt gel\u00f6scht, zensiert, beschr\u00e4nkt werden w\u00fcrden, was nicht stattfindet \u2013 fliehen die Empfindsamen auf Plattformen, wo sie unter sich sind, ohne Widerspruch und damit auch ohne jede Denkanregung. Sie sind es, die nicht demokratief\u00e4hig sind, versteckt unter hohlen Phrasen gar dezidiert antidemokratisch gesinnt.<br \/>\n.. Alles vom 18.1.2025 von Thomas Maul bitte lesen auf<br \/>\n<a href=\"https:\/\/www.achgut.com\/artikel\/antidemokratische_hochschulen_verlassen_x\">https:\/\/www.achgut.com\/artikel\/antidemokratische_hochschulen_verlassen_x<\/a><\/p>\n<p>Einige Kommentare:<br \/>\nDurch die \u201cCommunity-Notes\u201d wird ein Forum geschaffen, welches einen echten demokratischen Diskurs erm\u00f6glicht. Den Anh\u00e4ngern von \u201cunsere Demokratie\u201d ist dies nat\u00fcrlich ein Dorn im Auge, weil ihre Demokratie eine woke ist. Widerspruch ist Hass und Hetze, und die stellen ja keine Meinung dar. Man will einfach nicht haben, dass die eigenen Schummeleien und L\u00fcgen im Netz aufgedeckt werden. Da X und Meta keine Faktenpr\u00fcfer mehr zulassen wollen, stellen sich jetzt einige in die Schmollecke, in der Erwartung, dass man dadurch wieder sein Lieblingsspielzeug. &#8211; die Zensur &#8211; zur\u00fcck bekommt. Aber sie richten nun flei\u00dfig Meldestellen ein und schaffen \u201ctrusted flaggers\u201d um ihre \u201cMeinungsfreiheit\u201d und die Zensur zu retten. Herber M\u00fcller<br \/>\n.<br \/>\nRaten sie mal. Woher stammt diese politische Forderung: \u201cWir fordern den gesetzlichen Kampf gegen die bewu\u00dfte politische L\u00fcge und ihre Verbreitung durch die Presse.\u201d Kommt sie von der EU mit ihrem Digital Service Act? Oder war es die Innenministerin Faeser, die vielleicht so oder so \u00e4hnlich \u00fcber \u201cDesinformation\u201d formuliert hat? Hat man so etwas auf einem Parteitag der Gr\u00fcnen geh\u00f6rt? Oder vom Bundespr\u00e4sidenten gar? Aber nein! Wie k\u00f6nnen sie nur so denken? Die Forderung ist aus dem \u201c25-Punkte-Programm\u201d der NSDAP vom 24. Februar 1920. Also mir gibt so etwas zu denken! Josef G\u00e4rtner<br \/>\nEnde der Kommentare<\/p>\n<p>.<br \/>\n<strong>(2) Die dezentrale B\u00fcrgergesellschaft: Der dritte Weg jenseits der Politik<\/strong><br \/>\n<strong>Auf der vertikalen Achse spielt die Musik der Zukunft. Nicht im Links-Rechts-Schema.<\/strong><br \/>\n.<br \/>\nLetzte Nacht, als Sie tief schliefen, hat jemand aus 883 Dollar in wenigen Stunden 310 000 Dollar gemacht. Ich leider nicht. Trump hat seinen eigenen Memecoin mit dem K\u00fcrzel $TRUMP lanciert, dieser schoss seitdem auf eine zweistellige Milliardenbewertung (Platz 12 aller Kryptow\u00e4hrungen). Trump (und seine Fr\u00fchinvestoren) sind nun auf dem Papier um Milliarden reicher. Es kostet wenige Minuten und keine Entwicklungsarbeit (mehr), um einen solchen Coin binnen Minuten entstehen zu lassen. Es gen\u00fcgt eine gl\u00e4ubige Community. Wenn Sie nach einem Beweis f\u00fcr meine These suchten, dass die Welt memefiziert wird, hier ist er.<br \/>\nIch paraphrasiere aus einem Twitter Thread zwischen Balaji und Jordan Fried:<br \/>\n<em>Alle Medien werden zu sozialen Medien.<\/em><br \/>\n<em>Alle W\u00e4hrungen zu Kryptow\u00e4hrungen \u2013 und<\/em><br \/>\n<em>jedes kulturelle Artefakt zu einem Memetoken.<\/em><\/p>\n<p>Wir erleben gerade eine Phase von Machtwechseln: im Bereich des Geldes, der Politik, der Medien, der kulturellen Hegemonie. Vielen gef\u00e4llt, was Trump und Musk machen. Sie stellen mehr Meinungsfreiheit her und entziehen Wokistan die Gesch\u00e4ftsgrundlage. Amazon l\u00e4sst die Diversity-Regeln verschwinden, Facebook die Zensur (hiermit offiziell zugegeben). Tiktok-Land ist abgebrannt, die chinesische Social-Media App verschwindet aus den USA. Seltsam, ist das eigentlich keine Zensur? Google und Facebook lehnen sich nun offen gegen EU-Meinungsdiktate, Faktenchecker etc. auf. Unsere Freiheit wurde schon am Hindukusch verteidigt, unsere Meinungsfreiheit nun im Silicon Valley? Sch\u00f6ne neue Welt.<br \/>\n&#8230;<br \/>\nDie einzige pragmatische Frage, die sich der B\u00fcrger stellen sollte, ist folgende: Werde ich am Ende dieses politischen Umgestaltungsprozesses netto mehr an Freiheiten haben als zuvor? Was wird mir reel gegeben aber vielleicht auch anderswo genommen? Wer aus Wechseln im Links-Rechts-Schema Hoffnung zieht, wurde bisher immer entt\u00e4uscht, was den stetigen Abbau von Freiheiten in den letzten Jahren anging und sollte lieber auf die vertikale Achse oben vs. unten schauen. Hoffnung ist sch\u00f6n, aber verlassen sollte man sich immer nur auf sich selbst.<br \/>\n&#8230; Alles vom 19.1.2025 bitte lesen auf<br \/>\n<a href=\"https:\/\/www.freischwebende-intelligenz.org\/p\/die-dezentrale-burgergesellschaft\">https:\/\/www.freischwebende-intelligenz.org\/p\/die-dezentrale-burgergesellschaft<\/a><\/p>\n","protected":false},"excerpt":{"rendered":"<p>Jeder B\u00fcrger kann \u00fcber Social Media seine Meinung kundtun, und zwar in gr\u00f6\u00dferer Reichweite als die Mainstreammedien und ungefiltert, also ohne T\u00fcrw\u00e4chter der Regierung. Dies mi\u00dff\u00e4llt dem Staat. In Analogie zur &#8222;Hoheit \u00fcber den Kinderbetten&#8220; (Olaf Scholz) geht es dem &hellip; <a href=\"https:\/\/www.freiburg-schwarzwald.de\/blog\/social-media-nur-noch-gefiltert\/\">Weiterlesen <span class=\"meta-nav\">&rarr;<\/span><\/a><\/p>\n","protected":false},"author":2,"featured_media":0,"comment_status":"open","ping_status":"closed","sticky":false,"template":"","format":"standard","meta":{"footnotes":""},"categories":[18,131,181,134,135,36,162,133,13,80,9,132,130],"tags":[766,682,439,720,820,821,545,822],"class_list":["post-130192","post","type-post","status-publish","format-standard","hentry","category-bildung","category-biomasse","category-buergerbeteiligung","category-e-bike","category-energiepolitik","category-engagement","category-internet","category-kraftwaermekopplung","category-kultur","category-medien","category-soziales","category-strom","category-wasserkraft","tag-buerger","tag-freiheit","tag-journalist","tag-medien","tag-meinungsfreiheit","tag-social-media","tag-www","tag-zensur"],"_links":{"self":[{"href":"https:\/\/www.freiburg-schwarzwald.de\/blog\/wp-json\/wp\/v2\/posts\/130192","targetHints":{"allow":["GET"]}}],"collection":[{"href":"https:\/\/www.freiburg-schwarzwald.de\/blog\/wp-json\/wp\/v2\/posts"}],"about":[{"href":"https:\/\/www.freiburg-schwarzwald.de\/blog\/wp-json\/wp\/v2\/types\/post"}],"author":[{"embeddable":true,"href":"https:\/\/www.freiburg-schwarzwald.de\/blog\/wp-json\/wp\/v2\/users\/2"}],"replies":[{"embeddable":true,"href":"https:\/\/www.freiburg-schwarzwald.de\/blog\/wp-json\/wp\/v2\/comments?post=130192"}],"version-history":[{"count":5,"href":"https:\/\/www.freiburg-schwarzwald.de\/blog\/wp-json\/wp\/v2\/posts\/130192\/revisions"}],"predecessor-version":[{"id":130205,"href":"https:\/\/www.freiburg-schwarzwald.de\/blog\/wp-json\/wp\/v2\/posts\/130192\/revisions\/130205"}],"wp:attachment":[{"href":"https:\/\/www.freiburg-schwarzwald.de\/blog\/wp-json\/wp\/v2\/media?parent=130192"}],"wp:term":[{"taxonomy":"category","embeddable":true,"href":"https:\/\/www.freiburg-schwarzwald.de\/blog\/wp-json\/wp\/v2\/categories?post=130192"},{"taxonomy":"post_tag","embeddable":true,"href":"https:\/\/www.freiburg-schwarzwald.de\/blog\/wp-json\/wp\/v2\/tags?post=130192"}],"curies":[{"name":"wp","href":"https:\/\/api.w.org\/{rel}","templated":true}]}}