{"id":13000,"date":"2012-10-13T20:38:23","date_gmt":"2012-10-13T18:38:23","guid":{"rendered":"https:\/\/www.freiburg-schwarzwald.de\/blog\/?p=13000"},"modified":"2012-10-13T20:40:32","modified_gmt":"2012-10-13T18:40:32","slug":"st-franziskus-kiga-ebnet","status":"publish","type":"post","link":"https:\/\/www.freiburg-schwarzwald.de\/blog\/st-franziskus-kiga-ebnet\/","title":{"rendered":"St.Franziskus Kiga Ebnet"},"content":{"rendered":"<p>Mit einem fr\u00f6hlichen Einweihungsfest hat der Kath. <a title=\"Kindergarten\" href=\"https:\/\/www.freiburg-schwarzwald.de\/blog\/bildung\/kindergarten\/\">Kindergarten<\/a> St. Franziskus in Ebnet am Sonntag eine Kleinkindgruppe er\u00f6ffnet und den Neubau des \u201eSpatzennestes\u201c offiziell in Betrieb genommen. \u201eDies ist ein besonderer Tag f\u00fcr <a title=\"Ebnet\" href=\"https:\/\/www.freiburg-schwarzwald.de\/blog\/regio\/freiburg\/ebnet\/\">Ebnet<\/a>\u201c, freute sich Ortsvorsteher Bernhard S\u00e4nger und auch die Erzieherinnen zeigten sich dankbar f\u00fcr die ansprechenden und gelungenen R\u00e4umlichkeiten, die ihnen beste Arbeitsbedingungen und optimale Voraussetzungen f\u00fcr die Betreuung von Kleinkindern bieten. <!--more-->Zehn Kinder im Alter von 1 bis 3 Jahren werden hier von zwei Erzieherinnen mit Kleinkinderfahrung betreut und der Kindergarten St. Franziskus verf\u00fcgt nun auch \u00fcber einen Stelle f\u00fcr eine duale Erzieher(innen)ausbildung. Ute Kuttruff ist voll des Lobes f\u00fcr die neuen R\u00e4umlichkeiten und den Neubau \u201eDas Geb\u00e4ude passt sich wunderbar der Landschaft an. Besonders sch\u00f6n sind die vielen Fenster mit den unterschiedlichen Ausblicken. Alles ist lichtdurchflutet und durch das helle Holz herrscht hier eine sehr sch\u00f6ne, angenehme Atmosph\u00e4re\u201c, so die Kindergartenleiterin \u201eDie gro\u00dfe Terrasse bietet viele M\u00f6glichkeiten und durch den Zugang zum Au\u00dfengel\u00e4nde k\u00f6nnen die Kleinen auch gemeinsam mit den Kindergartenkindern drau\u00dfen spielen. Auch das Mittagessen wird gemeinsam eingenommen und so kann der \u00dcbergang von der Kleinkindgruppe in den Kindergarten flie\u00dfend und\u00a0 problemlos von statten gehen.\u201c<br \/>\nF\u00fcr das \u201eSpatzennest\u201c war das bestehende Kindergartengeb\u00e4ude in einer f\u00fcnfmonatigen Bauphase aufgestockt worden, um R\u00e4ume f\u00fcr zehn Kleinkinder zu schaffen. Ein gro\u00dfer Gruppenraum mit K\u00fcchenzeile, eine gro\u00dfz\u00fcgige Terrasse, eine Ruhezone f\u00fcr den Mittagsschlaf, ein Wickelraum mit Toilette f\u00fcr die Gr\u00f6\u00dferen, sowie eine Garderobe sind so verwirklicht worden. \u201eEs ging hei\u00df her in den vergangenen Wochen\u201c, blickt Pfarrer Johannes Kienzler beim Einweihungsfest zur\u00fcck \u201eaber was hier entstanden ist, entsch\u00e4digt f\u00fcr alles! 450.000.- Euro wurden investiert. Einen Gro\u00dfteil davon hat die Kirchengemeinde getragen, denn die Zusch\u00fcsse flie\u00dfen leider nicht so \u00fcppig wie man sich dies w\u00fcnscht\u201c so Pfarrer Kienzler \u201edoch was gibt es Sch\u00f6neres und Sinnvolleres, als Investitionen f\u00fcr Kinder\u201c und auch Hans-Georg Thiele, Abteilungsleiter im Amt f\u00fcr Kinder, Jugend und Familie, war begeistert, die neuen R\u00e4umlichkeiten in Ebnet mit einweihen zu d\u00fcrfen: \u201eDass im Kindergarten St. Franziskus die Altersgrenze erweitert werden konnte und nun auch Kleinkinder hier betreut werden k\u00f6nnen, ist f\u00fcr Ebnet ein wichtiger Baustein. Und, im Hinblick auf den Rechtsanspruch auf einen Betreuungsplatz f\u00fcr unter Dreij\u00e4hrige, der am 1. August 2013 wirksam wird, ist dies auch f\u00fcr die Stadt Freiburg eine wertvolle Einrichtung\u201c so Thiele. \u201eDass ich als letzte Amtshandlung vor meiner Pensionierung eine Kleinkindgruppe in Ebnet einweihen darf, freut mich besonders\u201c so Hans-Georg Thiele, \u201edenn Ebnet ist mich eine der sch\u00f6nsten Ortschaften Freiburgs und es hat mich schon immer fasziniert, wie man hier ein aufs andere Mal Neues schafft und dennoch die Tradition bewahren kann\u201c. Beim Tag der offenen T\u00fcr am vergangenen Sonntag begutachteten nun zahlreiche Kindergarteneltern, Gemeindemitglieder und viele weitere Interessierte die neuen R\u00e4umlichkeiten und mit keinem anderen Lied als \u201eMiteinander wachsen, dem Himmel entgegen\u201c h\u00e4tte Pfarrer Johannes Kienzler treffender das Einweihungsfest des \u201eSpatzennestes\u201c er\u00f6ffnen k\u00f6nnen.<br \/>\nGisela Heizler-Ries, 14.10.2012, <a href=\"https:\/\/www.dreisamtaeler.de\">www.dreisamtaeler.de<\/a><\/p>\n<div id=\"attachment_13003\" style=\"width: 190px\" class=\"wp-caption alignnone\"><a href=\"https:\/\/www.freiburg-schwarzwald.de\/blog\/st-franziskus-kiga-ebnet\/ebnet-franziskus1210\/\" rel=\"attachment wp-att-13003\"><img loading=\"lazy\" decoding=\"async\" aria-describedby=\"caption-attachment-13003\" class=\"size-thumbnail wp-image-13003\" title=\"ebnet-franziskus1210\" src=\"https:\/\/www.freiburg-schwarzwald.de\/blog\/wp-content\/uploads\/2012\/10\/ebnet-franziskus1210-180x120.jpg\" alt=\"\" width=\"180\" height=\"120\" srcset=\"https:\/\/www.freiburg-schwarzwald.de\/blog\/wp-content\/uploads\/2012\/10\/ebnet-franziskus1210-180x120.jpg 180w, https:\/\/www.freiburg-schwarzwald.de\/blog\/wp-content\/uploads\/2012\/10\/ebnet-franziskus1210.jpg 640w\" sizes=\"auto, (max-width: 180px) 100vw, 180px\" \/><\/a><p id=\"caption-attachment-13003\" class=\"wp-caption-text\">St.Franziskus Ebnet: Wie ein \u201eSpatzennest\u201c wurden die R\u00e4ume f\u00fcr die Kindertagesst\u00e4tte auf das Dach des bestehenden Kindergartens aufgesetzt und beherbergen nun zehn \u201eSp\u00e4tzchen\u201c im Alter von 1 bis 3 Jahren.<\/p><\/div>\n<p><strong>\u00a0<\/strong><\/p>\n<p><strong>\u00a0<\/strong><\/p>\n<p><strong>\u00a0<\/strong><\/p>\n<p>&nbsp;<\/p>\n","protected":false},"excerpt":{"rendered":"<p>Mit einem fr\u00f6hlichen Einweihungsfest hat der Kath. Kindergarten St. Franziskus in Ebnet am Sonntag eine Kleinkindgruppe er\u00f6ffnet und den Neubau des \u201eSpatzennestes\u201c offiziell in Betrieb genommen. \u201eDies ist ein besonderer Tag f\u00fcr Ebnet\u201c, freute sich Ortsvorsteher Bernhard S\u00e4nger und auch &hellip; <a href=\"https:\/\/www.freiburg-schwarzwald.de\/blog\/st-franziskus-kiga-ebnet\/\">Weiterlesen <span class=\"meta-nav\">&rarr;<\/span><\/a><\/p>\n","protected":false},"author":4,"featured_media":0,"comment_status":"open","ping_status":"closed","sticky":false,"template":"","format":"standard","meta":{"footnotes":""},"categories":[49,261,93],"tags":[721,152],"class_list":["post-13000","post","type-post","status-publish","format-standard","hentry","category-freiburg","category-katholisch","category-kindergarten","tag-kindergarten","tag-kita"],"_links":{"self":[{"href":"https:\/\/www.freiburg-schwarzwald.de\/blog\/wp-json\/wp\/v2\/posts\/13000","targetHints":{"allow":["GET"]}}],"collection":[{"href":"https:\/\/www.freiburg-schwarzwald.de\/blog\/wp-json\/wp\/v2\/posts"}],"about":[{"href":"https:\/\/www.freiburg-schwarzwald.de\/blog\/wp-json\/wp\/v2\/types\/post"}],"author":[{"embeddable":true,"href":"https:\/\/www.freiburg-schwarzwald.de\/blog\/wp-json\/wp\/v2\/users\/4"}],"replies":[{"embeddable":true,"href":"https:\/\/www.freiburg-schwarzwald.de\/blog\/wp-json\/wp\/v2\/comments?post=13000"}],"version-history":[{"count":0,"href":"https:\/\/www.freiburg-schwarzwald.de\/blog\/wp-json\/wp\/v2\/posts\/13000\/revisions"}],"wp:attachment":[{"href":"https:\/\/www.freiburg-schwarzwald.de\/blog\/wp-json\/wp\/v2\/media?parent=13000"}],"wp:term":[{"taxonomy":"category","embeddable":true,"href":"https:\/\/www.freiburg-schwarzwald.de\/blog\/wp-json\/wp\/v2\/categories?post=13000"},{"taxonomy":"post_tag","embeddable":true,"href":"https:\/\/www.freiburg-schwarzwald.de\/blog\/wp-json\/wp\/v2\/tags?post=13000"}],"curies":[{"name":"wp","href":"https:\/\/api.w.org\/{rel}","templated":true}]}}