{"id":12993,"date":"2012-10-13T19:40:09","date_gmt":"2012-10-13T17:40:09","guid":{"rendered":"https:\/\/www.freiburg-schwarzwald.de\/blog\/?p=12993"},"modified":"2012-10-13T19:40:09","modified_gmt":"2012-10-13T17:40:09","slug":"buecherstube-kirchzarten-30-jahre","status":"publish","type":"post","link":"https:\/\/www.freiburg-schwarzwald.de\/blog\/buecherstube-kirchzarten-30-jahre\/","title":{"rendered":"Buecherstube Kirchzarten 30 Jahre"},"content":{"rendered":"<p>Vor 30 Jahren, nach der Erziehungsphase ihrer 3 Kinder, er\u00f6ffnete Karin Schmidt die <a title=\"Buchhandel\" href=\"https:\/\/www.freiburg-schwarzwald.de\/blog\/business\/handel\/buchhandel\/\">Buchhandlung<\/a> in <a title=\"Kirchzarten\" href=\"https:\/\/www.freiburg-schwarzwald.de\/blog\/regio\/orte\/kirchzarten\/\">Kirchzarten<\/a>. Diese Entscheidung war in zweifacher Hinsicht mutig: der Schritt in die berufliche Selbst\u00e4ndigkeit entsprach nicht gerade dem damaligen weiblichen Rollenklischee und dann hatte auch noch die IHK von dem Standort Kirchzarten abgeraten: ein Buchladen in Kirchzarten w\u00fcrde sich auf keinen Fall tragen! Karin Schmidt lie\u00df sich nicht abschrecken und der Erfolg gab und gibt ihr Recht. Die <a title=\"Buch\" href=\"https:\/\/www.freiburg-schwarzwald.de\/blog\/kultur\/dichter\/literatur\/buch\/\">B\u00fccherstube<\/a> ist heute<!--more--> aus dem Kirchzartener Einzelhandel nicht mehr wegzudenken, sie ist etabliert und floriert. Dar\u00fcber hinaus bereichert sie das kulturelle Leben Kirchzartens &#8211; in den letzten drei\u00dfig Jahren fanden dort 260 Veranstaltungen, Lesungen und Buchvorstellungen statt. Karin Schmidt holte im Laufe der Jahre bedeutende Pers\u00f6nlichkeiten wie Martin Walser, Hanns-Josef Ortheil, Martin Suter, Helmut Karasek, Erwin Teufel, und viele mehr nach Kirchzarten. Gleichzeitig bot sie regionalen K\u00fcnstlern wie dem M\u00e4rchenerz\u00e4hler Gidon Horowitz, der Schriftstellerin Johanna P\u00f6lzl oder dem Schwarzwald-Krimi-Autor und Historiker Roland Wei\u00df eine Plattform f\u00fcr ihre Werke. Zum 25. Jubil\u00e4um wurde die B\u00fccherstube r\u00e4umlich enorm erweitert und gleichzeitig \u00fcbergab Karin Schmidt das Gesch\u00e4ft an ihre Tochter Katrin Beltr\u00e1n G\u00f3mez. Das wiederum ist dieser ganz erstaunliche Teil der Familiengeschichte, denn Schmidt plante eigentlich schon den Verkauf der B\u00fccherstube. Sie ging nicht davon aus, dass eines ihrer drei Kinder das Gesch\u00e4ft \u00fcbernehmen w\u00fcrde. Dass es dann ausgerechnet ihre j\u00fcngste Tochter war, \u00fcberraschte alle. Von der erfolgreichen Managerin, die von Messe zu Messe jettete und auch schon \u00fcber ein Leben in Spanien nachdachte, erwartete keiner, dass sie zur\u00fcck nach Kirchzarten k\u00e4me, um eine Buchhandlung zu f\u00fchren. Doch f\u00fcr Katrin Beltr\u00e1n G\u00f3mez war das die beste Idee ihres Lebens. Sei sie fr\u00fcher als regelrechte \u201eWorkaholic\u201c st\u00e4ndig unterwegs und erreichbar gewesen, f\u00fchle sie sich nun angekommen und geerdet. Sie genie\u00dfe den t\u00e4glichen Kontakt mit ihren Kunden und liebe nat\u00fcrlich B\u00fccher. Katrin Beltr\u00e1n G\u00f3mez ist \u00fcbrigens ganz frisch vor zwei Wochen im Landesverband Baden-W\u00fcrttemberg des B\u00f6rsenvereins des Deutschen Buchhandels zur stellvertretenden Vorsitzenden gew\u00e4hlt worden.\u00a0 Karin Schmidt genie\u00dft zwar ihren Ruhestand, dennoch l\u00e4sst sie die B\u00fccherstube nicht ganz los. Sie ist immer wieder im Laden anzutreffen und organisiert vor allem noch die Veranstaltungen. \u201eSie ist meine Veranstaltungsmanagerin\u201c, sagt die Tochter, \u201eauf ihre hervorragenden Kontakte, die sie \u00fcber Jahre hinweg aufgebaut hat, m\u00f6chte ich nicht verzichten!\u201c<\/p>\n<div id=\"attachment_12994\" style=\"width: 190px\" class=\"wp-caption alignnone\"><a href=\"https:\/\/www.freiburg-schwarzwald.de\/blog\/buecherstube-kirchzarten-30-jahre\/buecherstube-kirchzarten121010\/\" rel=\"attachment wp-att-12994\"><img loading=\"lazy\" decoding=\"async\" aria-describedby=\"caption-attachment-12994\" class=\"size-thumbnail wp-image-12994\" title=\"buecherstube-kirchzarten121010\" src=\"https:\/\/www.freiburg-schwarzwald.de\/blog\/wp-content\/uploads\/2012\/10\/buecherstube-kirchzarten121010-180x119.jpg\" alt=\"\" width=\"180\" height=\"119\" srcset=\"https:\/\/www.freiburg-schwarzwald.de\/blog\/wp-content\/uploads\/2012\/10\/buecherstube-kirchzarten121010-180x119.jpg 180w, https:\/\/www.freiburg-schwarzwald.de\/blog\/wp-content\/uploads\/2012\/10\/buecherstube-kirchzarten121010.jpg 640w\" sizes=\"auto, (max-width: 180px) 100vw, 180px\" \/><\/a><p id=\"caption-attachment-12994\" class=\"wp-caption-text\">Katrin Beltr\u00e1n G\u00f3mez \u00fcberreichte ihrer Mutter Karin Schmidt eine Portrait-Collage der vergangenen 260 Veranstaltungen, die in der B\u00fccherstube stattfanden<\/p><\/div>\n<p>Der Jubil\u00e4umsabend vergangene Woche mit literarischen, theatralischen und kulinarischen Highlights war ein Dankesch\u00f6n an die Kunden, die der B\u00fccherstube \u00fcber lange Jahre und auch im Zeitalter des Internets die Treue hielten. Das \u201eitalo-schweizerische\u201c Duo Stefan Ferencz und Maike Jansen von pohyb\u2019s und Konsorten moderierte den Abend mit viel Charme und Witz. Der romanistische Philologe Professor Dr. Hans-Martin Gauger interpretierte f\u00fcr die Zuh\u00f6rer ein 500 Jahre altes, franz\u00f6sisches \u201eAusnahme\u201c-Liebesgedicht von Louise Lab\u00e9, das Rainer Maria Rilke ins Deutsche \u00fcbersetze. Dr. Bettina Schulte von der Badischen Zeitung hielt ein flammendes Pl\u00e4doyer f\u00fcr den inhabergef\u00fchrten Buchhandel vor Ort. B\u00fccher seien etwas ganz Besonderes. Sie seien gebundener Geist, entf\u00fchrten in andere Welten, vermittelten Tradition und gleichzeitig den Aufbruch in die Zukunft. B\u00fccher br\u00e4uchten deshalb einen speziellen Ort und das seien Buchhandlungen, in denen der pers\u00f6nliche Kontakt zu den Kunden und die Beratung im Vordergrund st\u00fcnden. Genau das leiste die B\u00fccherstube, erfolgreich, seit 30 Jahren! Genauso wie B\u00fcrgermeister Andreas Hall, der ebenfalls Gl\u00fcckw\u00fcnsche \u00fcberbrachte, rief sie die Kunden dazu auf: \u201ebuy local!\u201c. Kleine, inhabergef\u00fchrte Buchl\u00e4den k\u00f6nnen n\u00e4mlich nur \u00fcberleben, wenn die Kunden auch tats\u00e4chlich vor Ort einkaufen! Auf die Vorteile einer Internetbestellung m\u00fcsse der Kirchzartener Kunde dennoch nicht verzichten, denn es sei selbstverst\u00e4ndlich auch m\u00f6glich bei der B\u00fccherstube online B\u00fccher und ebooks zu bestellen: <a href=\"https:\/\/www.ki-buch.de\">www.ki-buch.de<\/a> Als ein ganz besonderes Geschenk an die Kunden hat die B\u00fccherstube zum Jubil\u00e4umsjahr einen gro\u00dfen Bildband \u00fcber das Dreisamtal, in dem neben den Dreisamtalgemeinden auch Pers\u00f6nlichkeiten des Dreisamtals portraitiert sind, herausgebracht. Ganz druckfrisch hat die B\u00fccherstube nun auch noch einen Dreisamt\u00e4ler Wandkalender herausgegeben. B\u00fcrgermeister Andreas Hall \u00fcberbrachte Gl\u00fcckw\u00fcnsche zum 30-j\u00e4hrigen Jubil\u00e4um<br \/>\n14.10.2012, <a href=\"https:\/\/www.dreisamtaeler\">www.dreisamtaeler<\/a>, Dagmar Engesser<\/p>\n","protected":false},"excerpt":{"rendered":"<p>Vor 30 Jahren, nach der Erziehungsphase ihrer 3 Kinder, er\u00f6ffnete Karin Schmidt die Buchhandlung in Kirchzarten. Diese Entscheidung war in zweifacher Hinsicht mutig: der Schritt in die berufliche Selbst\u00e4ndigkeit entsprach nicht gerade dem damaligen weiblichen Rollenklischee und dann hatte auch &hellip; <a href=\"https:\/\/www.freiburg-schwarzwald.de\/blog\/buecherstube-kirchzarten-30-jahre\/\">Weiterlesen <span class=\"meta-nav\">&rarr;<\/span><\/a><\/p>\n","protected":false},"author":4,"featured_media":0,"comment_status":"open","ping_status":"closed","sticky":false,"template":"","format":"standard","meta":{"footnotes":""},"categories":[99],"tags":[383],"class_list":["post-12993","post","type-post","status-publish","format-standard","hentry","category-buchhandel","tag-laden"],"_links":{"self":[{"href":"https:\/\/www.freiburg-schwarzwald.de\/blog\/wp-json\/wp\/v2\/posts\/12993","targetHints":{"allow":["GET"]}}],"collection":[{"href":"https:\/\/www.freiburg-schwarzwald.de\/blog\/wp-json\/wp\/v2\/posts"}],"about":[{"href":"https:\/\/www.freiburg-schwarzwald.de\/blog\/wp-json\/wp\/v2\/types\/post"}],"author":[{"embeddable":true,"href":"https:\/\/www.freiburg-schwarzwald.de\/blog\/wp-json\/wp\/v2\/users\/4"}],"replies":[{"embeddable":true,"href":"https:\/\/www.freiburg-schwarzwald.de\/blog\/wp-json\/wp\/v2\/comments?post=12993"}],"version-history":[{"count":0,"href":"https:\/\/www.freiburg-schwarzwald.de\/blog\/wp-json\/wp\/v2\/posts\/12993\/revisions"}],"wp:attachment":[{"href":"https:\/\/www.freiburg-schwarzwald.de\/blog\/wp-json\/wp\/v2\/media?parent=12993"}],"wp:term":[{"taxonomy":"category","embeddable":true,"href":"https:\/\/www.freiburg-schwarzwald.de\/blog\/wp-json\/wp\/v2\/categories?post=12993"},{"taxonomy":"post_tag","embeddable":true,"href":"https:\/\/www.freiburg-schwarzwald.de\/blog\/wp-json\/wp\/v2\/tags?post=12993"}],"curies":[{"name":"wp","href":"https:\/\/api.w.org\/{rel}","templated":true}]}}