{"id":129896,"date":"2025-01-13T12:37:49","date_gmt":"2025-01-13T11:37:49","guid":{"rendered":"https:\/\/www.freiburg-schwarzwald.de\/blog\/?p=129896"},"modified":"2025-01-14T12:59:34","modified_gmt":"2025-01-14T11:59:34","slug":"magdeburg-terror-vergessen","status":"publish","type":"post","link":"https:\/\/www.freiburg-schwarzwald.de\/blog\/magdeburg-terror-vergessen\/","title":{"rendered":"Magdeburg Terror &#8211; Vergessen"},"content":{"rendered":"<p>Von der unvorstellbar grausamen Gewalttat eines arabischen <a href=\"https:\/\/www.freiburg-schwarzwald.de\/blog\/global\/migration\/migrationspolitik\/\">Migranten<\/a> auf dem <a href=\"https:\/\/www.freiburg-schwarzwald.de\/blog\/engagement\/zukunft\/demokratie\/magdeburg20dez2024\/\">Magdeburger Weihnachtsmarkt<\/a> am 20.12.2024 mit sechs Toten und dreihundert Verletzten erf\u00e4hrt man kaum etwas mehr. Schweigen und Vergessen ist angesagt. Dabei leiden so viele <a href=\"https:\/\/www.freiburg-schwarzwald.de\/blog\/trauer-integration-magdeburg\/\">Opfer<\/a> immer noch &#8211; einige in Krankenh\u00e4usern.<!--more--><br \/>\nEntgegen den Beteuerungen so vieler Politiker \u00fcbernimmt der Generalbundesanwalt in Karlsruhe die Ermittlungen doch nicht, sondern die \u00f6rtliche Justiz in Sachsen-Anhalt. Das hei\u00dft: Es liegt kein <a href=\"https:\/\/www.freiburg-schwarzwald.de\/blog\/religion\/islam\/islamismus\/\">islamistischer<\/a> <a href=\"https:\/\/www.freiburg-schwarzwald.de\/blog\/religion\/islam\/islam-terror\/\">Terror<\/a> bzw. keine politisch oder religi\u00f6s motivierte Tat vor, sondern die Tat eines Irren, der <a href=\"https:\/\/www.freiburg-schwarzwald.de\/blog\/selbsthilfe\/psyche\/\">psychiatrischer<\/a> Behandlung bedarf. Diese Einstufung als Geisteskranker statt als Terrorist hat Folgen:<br \/>\n1) Das Morden auf dem <a href=\"https:\/\/www.freiburg-schwarzwald.de\/blog\/magdeburg-weihnachtsmarkt\/\">Weihnachtsmarkt<\/a> wird nicht als Resultat der Migrationspolitik gewertet, die <a href=\"https:\/\/www.freiburg-schwarzwald.de\/blog\/global\/deutschland\/grenzoeffnung2015\/\">seit 2015<\/a> Millionen von Muslimen \u00fcberwiegend illegal einwandern lie\u00df und weiterhin l\u00e4\u00dft. Nichts hat mit nichts zu tun.<br \/>\n2) Die Opfer haben weniger finanzielle Entsch\u00e4digung zu erwarten.<br \/>\n3) Politiker m\u00fcssen keine <a href=\"https:\/\/www.freiburg-schwarzwald.de\/blog\/engagement\/verantwortung\/\">Verantwortung<\/a> \u00fcbernehmen.<br \/>\n4) Vergessen, Vertuschen, Verdr\u00e4ngen, Anonymisieren der Opfer und Hinnehmen als Kollateralschaden (von was?) bzw. unabwendbar tragisches Geschehen wird gef\u00f6rdert. <a href=\"https:\/\/www.freiburg-schwarzwald.de\/blog\/selbsthilfe\/psyche\/trauer\/\">Trauern<\/a>, Hinterfragen, Lernen, <a href=\"https:\/\/www.freiburg-schwarzwald.de\/blog\/religion\/islam\/islamkritik\/\">Kritisieren<\/a>, Aufarbeiten und verbessern jedoch soll unterbleiben.<\/p>\n<p>Der tote tunesische T\u00e4ter vom Weihnachtsmarkt am <a href=\"https:\/\/www.freiburg-schwarzwald.de\/blog\/engagement\/zukunft\/demokratie\/berlin19dez2016\/\">Breitscheidplatz in Berlin<\/a> am 19.12.2016 gilt als Terrorist, der saudi-arabische T\u00e4ter vom Weihnachtsmarkt in Magdeburg am 20.12.2024 hingegen gilt als Geisteskranker. Basta. Das Wetter &#8230;<br \/>\n14.12.2024<br \/>\n.<br \/>\nEnde von Beitrag &#8222;Magdeburg Terror &#8211; Vergessen&#8220;<br \/>\n============================================================<br \/>\nBeginn von Anlagen (1) &#8211;<br \/>\n.<\/p>\n<p><strong>(1) Terror oder Geisteskrankheit \u2013 Magdeburg als Einzeltat eines irren Araber-Nazis<\/strong><br \/>\n&#8230;<br \/>\nFakt ist: Es ist den verantwortlichen Politikern und ihren Medien besonders wichtig, dass dieser Anschlag nicht als Resultat ihrer Zuwanderungspolitik gewertet wird. Einer \u00fcberwiegend illegalen Zuwanderung von Millionen Muslimen.<br \/>\nAber unabh\u00e4ngig davon, ob es sich hier um ein islamistisch motivierten Anschlag, um einen Anschlag gegen Deutsche oder um die Tat eines ausschlie\u00dflich Irren handelt: Die Motivation dahinter l\u00e4uft ins Leere. Denn es ist unm\u00f6glich, die t\u00e4glichen Messerangriffe (<a href=\"https:\/\/www.messerinszidenz.de\">https:\/\/www.messerinszidenz.de<\/a>) und Vergewaltigungen \u2013 \u00fcberproportional begangen von Muslimen an Deutschen \u2013 alle in der Kategorie \u201egeistesgest\u00f6rt\u201c abzuheften. Dagegen sprechen auch die geringen Zahlen der Einweisungen dieser Straft\u00e4ter in die Psychiatrien des Landes.<br \/>\nDer t\u00e4gliche Angriff, begangen aus Hass, Neid, Habgier, Lust und, weil man etwa von einer deutschen Frau abgewiesen wurde, summiert sich zu einem Terrordauerzustand. Und der wird vielfach nicht einmal angezeigt. Die Dunkelziffern sind hier besonders hoch.<br \/>\nGemessen an den konstant hohen Fallzahlen muss man seit bald zehn Jahren von t\u00e4glichem Terror sprechen. Von einer politisch-religi\u00f6s motivierten Attentatsserie, die in ihrer Gesamtheit vom Generalbundesanwalt ermittelt werden sollte. Im Fokus der Ermittlungen muss hier die Bundesregierung stehen samt aller regierungsnahen Medien wegen Beihilfe.<br \/>\n&#8230; Alles vom 13.1.2025 bitte lesen auf<br \/>\n<a href=\"https:\/\/www.alexander-wallasch.de\/gesellschaft\/terror-oder-geisteskrankheit-magdeburg-als-einzeltat-eines-irren-araber-nazis-2\">https:\/\/www.alexander-wallasch.de\/gesellschaft\/terror-oder-geisteskrankheit-magdeburg-als-einzeltat-eines-irren-araber-nazis-2<\/a><\/p>\n","protected":false},"excerpt":{"rendered":"<p>Von der unvorstellbar grausamen Gewalttat eines arabischen Migranten auf dem Magdeburger Weihnachtsmarkt am 20.12.2024 mit sechs Toten und dreihundert Verletzten erf\u00e4hrt man kaum etwas mehr. Schweigen und Vergessen ist angesagt. Dabei leiden so viele Opfer immer noch &#8211; einige in &hellip; <a href=\"https:\/\/www.freiburg-schwarzwald.de\/blog\/magdeburg-terror-vergessen\/\">Weiterlesen <span class=\"meta-nav\">&rarr;<\/span><\/a><\/p>\n","protected":false},"author":2,"featured_media":0,"comment_status":"open","ping_status":"closed","sticky":false,"template":"","format":"standard","meta":{"footnotes":""},"categories":[131,197,192,198,134,52,191,135,195,138,210,155,133,63,13,157,19,132,130],"tags":[775,732,622,525,771,819,468],"class_list":["post-129896","post","type-post","status-publish","format-standard","hentry","category-biomasse","category-caritas","category-carsharing","category-diakonie","category-e-bike","category-einewelt","category-elsass","category-energiepolitik","category-eu","category-gastro","category-gewalt","category-integration","category-kraftwaermekopplung","category-krise","category-kultur","category-oeffentlicher-raum","category-religion","category-strom","category-wasserkraft","tag-christ","tag-gewalt","tag-migration","tag-politik","tag-schuld","tag-tra","tag-weihnacht"],"_links":{"self":[{"href":"https:\/\/www.freiburg-schwarzwald.de\/blog\/wp-json\/wp\/v2\/posts\/129896","targetHints":{"allow":["GET"]}}],"collection":[{"href":"https:\/\/www.freiburg-schwarzwald.de\/blog\/wp-json\/wp\/v2\/posts"}],"about":[{"href":"https:\/\/www.freiburg-schwarzwald.de\/blog\/wp-json\/wp\/v2\/types\/post"}],"author":[{"embeddable":true,"href":"https:\/\/www.freiburg-schwarzwald.de\/blog\/wp-json\/wp\/v2\/users\/2"}],"replies":[{"embeddable":true,"href":"https:\/\/www.freiburg-schwarzwald.de\/blog\/wp-json\/wp\/v2\/comments?post=129896"}],"version-history":[{"count":5,"href":"https:\/\/www.freiburg-schwarzwald.de\/blog\/wp-json\/wp\/v2\/posts\/129896\/revisions"}],"predecessor-version":[{"id":129913,"href":"https:\/\/www.freiburg-schwarzwald.de\/blog\/wp-json\/wp\/v2\/posts\/129896\/revisions\/129913"}],"wp:attachment":[{"href":"https:\/\/www.freiburg-schwarzwald.de\/blog\/wp-json\/wp\/v2\/media?parent=129896"}],"wp:term":[{"taxonomy":"category","embeddable":true,"href":"https:\/\/www.freiburg-schwarzwald.de\/blog\/wp-json\/wp\/v2\/categories?post=129896"},{"taxonomy":"post_tag","embeddable":true,"href":"https:\/\/www.freiburg-schwarzwald.de\/blog\/wp-json\/wp\/v2\/tags?post=129896"}],"curies":[{"name":"wp","href":"https:\/\/api.w.org\/{rel}","templated":true}]}}