{"id":129786,"date":"2025-01-11T20:21:10","date_gmt":"2025-01-11T19:21:10","guid":{"rendered":"https:\/\/www.freiburg-schwarzwald.de\/blog\/?p=129786"},"modified":"2025-01-12T19:39:16","modified_gmt":"2025-01-12T18:39:16","slug":"free-speech-meinungsfreiheit","status":"publish","type":"post","link":"https:\/\/www.freiburg-schwarzwald.de\/blog\/free-speech-meinungsfreiheit\/","title":{"rendered":"Free Speech &#8211; Meinungsfreiheit"},"content":{"rendered":"<p><a href=\"https:\/\/www.freiburg-schwarzwald.de\/blog\/global\/globalisierung\/bigtech\/musk\/\">Elon Musk<\/a> ist als ph\u00e4nomenaler Macher mit seinen Unternehmen wie Tesla, Space X und Neuralink voll besch\u00e4ftigt. Warum opfert der Gesch\u00e4ftsmann seine Zeit f\u00fcr das kleine <a href=\"https:\/\/www.freiburg-schwarzwald.de\/blog\/global\/deutschland\/deutschland-klein\/\">Deutschland<\/a> und die kleine <a href=\"https:\/\/www.freiburg-schwarzwald.de\/blog\/vereine\/partei\/afd\/afd-opposition\/\">AfD<\/a>? Antwort: F\u00fcr Erhalt von &#8222;Freedom of Speech&#8220; bzw. Meinungsfreiheit.<!--more--><br \/>\n.<br \/>\n<em>I. Wirtschaftsaufschwung setzt Meinungsfreiheit voraus<\/em><br \/>\nDas <a href=\"https:\/\/www.freiburg-schwarzwald.de\/blog\/musk-weidel-gespraech-9-1-25\/\">Gespr\u00e4ch mit Alice Weidel<\/a> am 9.1.2025 auf X wurde von Elon Musk initiiert und richtete sich in erster Linie an die englischsprachige Welt. <a href=\"https:\/\/x.com\/i\/spaces\/1nAJEprWvWeG\">https:\/\/x.com\/i\/spaces\/1nAJEprWvWeG<\/a>L Dabei geht es Musk um &#8222;Freedom of Speech&#8220;, kurz &#8222;Free Speech&#8220;. Er wei\u00df, da\u00df in L\u00e4ndern, in denen die Meinungsfreiheit der B\u00fcrger gew\u00e4hrleistet ist, eher eine prosperierende Wirtschaft zu erwarten ist als in totalit\u00e4ren Systemen. Und ein wachsendes Bruttosozialprodukt ist gut f\u00fcr Deals, auch f\u00fcr seine eigenen Deals. Aus diesem Grund wendet sich Musk derzeit den beiden schlimmsten Zensurstaaten Europas zu, die Free Speech einschr\u00e4nken: Gro\u00dfbritannien und Deutschland. In GBR rollte Musk den Vergewaltigungsskandal pakistanischer Gruppen neu auf und in D unterst\u00fctzt er die AfD als die Partei, die gegen die mediale Zensur bzw. f\u00fcr die Meinungsfreiheit am entschiedensten auftritt.<br \/>\n.<br \/>\n<em>II. Keine Meinungsfreiheit in Bezug auf Vergewaltigungsskandal in GBR<\/em><br \/>\nSch\u00e4tzungsweise eine Million wei\u00dfe junge M\u00e4dchen aus der Arbeiterschicht wurden in <a href=\"https:\/\/www.freiburg-schwarzwald.de\/blog\/global\/grossbritannien\/\">Gro\u00dfbritannien<\/a> vergewaltigt \u2013 \u00fcberwiegend von aus Pakistan stammenden Muslimen. Die <a href=\"https:\/\/www.freiburg-schwarzwald.de\/blog\/vergewaltigungsskandal-gbr\/\">Vergewaltiger<\/a> gingen gegen wei\u00dfe M\u00e4dchen vor, nicht gegen Kinder mit Migratinshintergrund bzw. PoC. Die Taten der Grooming Gangs wurden \u00fcber Kulturvereine versteckt und von Abgeordneten und Mitarbeitern der Labour Party unterst\u00fctzt bzw. gedeckt. Ganz oben dabei der damalige Oberstaatsanwalt Keir Starmer, der heutige britischen Premierminister.<br \/>\nBritische B\u00fcrger, die sich f\u00fcr die die vergewaltigten M\u00e4dchen einsetzen, werden von der Justiz als Rassisten behandelt und auch verurteilt. Die Meinungsfreiheit dieser B\u00fcrger gilt nicht, sie k\u00f6nnen ihre Meinung zwar \u00e4u\u00dfern, kommen daf\u00fcr aber u.U.. ins Gef\u00e4ngnis. Um Free Speech f\u00fcr diese B\u00fcrger herzustellen, erinnern nun Elon Musk und auch die Schriftstellerin J.K.Rowling erneut den <a href=\"https:\/\/www.freiburg-schwarzwald.de\/blog\/vergewaltigungsskandal-gbr\/\">Vergewaltigungsskandel<\/a>, an all die Vergewaltigungen und Zwangsprostitutionen gigantischen Ausma\u00dfes in Rotherham und vielen anderen St\u00e4dten, die jahrelang vertuscht worden sind. Und sie fordern Keir Starmer auf, Verantwortung zu \u00fcbernehmen und als Premier zur\u00fcckzutreten.<br \/>\n.<br \/>\n<em>III. Keine Meinungsfreiheit in Bezug auf AfD<\/em><br \/>\nIn Deutschland wird die AfD seit Jahren diskriminiert (Partei zweiter Klasse, Ausschlu\u00df aus Medien, Rechteverweigerung im Bundestag, Abgeordnete verlassen Fahrstuhl beim Auftauchen eines AfD-lers). Das Fehlen der <a href=\"https:\/\/www.freiburg-schwarzwald.de\/blog\/vereine\/partei\/cdu\/brandmauer\/\">Meinungsfreiheit manifestiert sich in der Brandmauer<\/a>: wer eine dem AfD-Parteiprogramm gem\u00e4\u00dfe Meinung \u00e4u\u00dfert, wird <a href=\"https:\/\/www.freiburg-schwarzwald.de\/blog\/brandmauer-cdu-gegen-afd\/\">ausgegrenzt<\/a>. Wenn Elon Musk verk\u00fcndet &#8222;Only the AfD can save Germany&#8220;, dann geht es ihm vermutlich weniger um die AfD als Partei als um deren konsequentes Einsetzen f\u00fcr <a href=\"https:\/\/www.freiburg-schwarzwald.de\/blog\/kultur\/medien\/meinungsfreiheit\/\">Meinung-<\/a> und <a href=\"https:\/\/www.freiburg-schwarzwald.de\/blog\/kultur\/medien\/pressefreiheit\/\">Pressefreiheit<\/a>. Musk sieht und nutzt die AfD als Vehikel bzw. Hebel f\u00fcr das Wiederherstellen von Free Speech in Deutschland, das seine Deals bzw. Investitionen (Tesla, IT-Firmen) befl\u00fcgelt.<\/p>\n<p><em>IV. Meinungsfreiheit befl\u00fcgelt unternehmerische Freiheit<\/em><br \/>\nDeutschlands wirtschaftlicher Aufstieg nach dem 2. Weltkrieg basierte auf dem <a href=\"https:\/\/www.freiburg-schwarzwald.de\/blog\/business\/industrie\/mittelstand\/\">Mittelstand<\/a>. Die zahlreichen kleinen und mittleren <a href=\"https:\/\/www.freiburg-schwarzwald.de\/blog\/business\/industrie\/mittelstand\/mittelstandsunternehmen\/\">Unternehmer<\/a> konnten dank Meinungsfreiheit und Regulierungsarmut ihre Ideen frei umsetzen. Wie in den USA: Der junge <a href=\"https:\/\/www.freiburg-schwarzwald.de\/blog\/elon-musk-und-bill-gates-akw\/\">Bill Gates<\/a> hat als kleiner Mittelst\u00e4ndler in der Garage ein Betriebssystem programmiert, aus dem dann das MS-DOS seiner kleinen Firma Microsoft wurde. Auch <a href=\"https:\/\/www.freiburg-schwarzwald.de\/blog\/global\/globalisierung\/soros\/\">George Soros<\/a> hat mit den ersten Finanzgesch\u00e4ften als ganz kleiner Unternehmer begonnen. Beide gelten als <a href=\"https:\/\/www.freiburg-schwarzwald.de\/blog\/engagement\/zukunft\/demokratie\/sozialismus\/milliardaerssozialismus\/\">gute Milliard\u00e4re<\/a>, da sie den <a href=\"https:\/\/www.freiburg-schwarzwald.de\/blog\/bill-gates-regiert-in-berlin-mit\/\">Spiegel finanzieren<\/a> und die EU f\u00f6rdern. Wie auch Elon Musk, der erst nach der Unterst\u00fctzung von Trump vom guten zum b\u00f6sen Milliard\u00e4r umetikettiert worden ist.<br \/>\nDerzeit erstickt die <a href=\"https:\/\/www.freiburg-schwarzwald.de\/blog\/engagement\/zukunft\/planwirtschaft\/\">planwirtschaftliche<\/a> <a href=\"https:\/\/www.freiburg-schwarzwald.de\/blog\/engagement\/zukunft\/demokratie\/regulierung\/\">\u00dcberregulierung<\/a> in Deutschland das Umsetzen unternehmerischer Ideen. Das Investitionsklima leidet, die <a href=\"https:\/\/www.freiburg-schwarzwald.de\/blog\/business\/rezession\/\">Rezession<\/a> h\u00e4lt an f\u00fchrt zur nachhaltigen <a href=\"https:\/\/www.freiburg-schwarzwald.de\/blog\/business\/schrumpfung\/\">Schrumpfung<\/a> der Volkswirtschaft.<\/p>\n<p><em>V. Meinungsfreiheit statt Brandmauer in EU-Staaten<\/em><br \/>\nIn <a href=\"https:\/\/www.freiburg-schwarzwald.de\/blog\/global\/oesterreich\/\">\u00d6sterreich<\/a> ist die <a href=\"https:\/\/www.freiburg-schwarzwald.de\/blog\/vereine\/partei\/cdu\/brandmauer\/\">undemokratische Brandmauer<\/a> gegen die FP\u00d6 gefallen und damit die Meinungsfreiheit im Politikbetrieb wiederhergestellt: Wer sich als B\u00fcrger zur FP\u00d6 bekennt, hat keine Ausgrenzungen aufgrund <a href=\"https:\/\/www.freiburg-schwarzwald.de\/blog\/engagement\/zukunft\/demokratie\/freiheit\/abweichende-meinung\/\">abweichender Meinung<\/a> mehr zu bef\u00fcrchten &#8211; auch nicht innerhalb des Parlaments\u00a0 &#8211; die FP\u00d6 ist pl\u00f6tzlich koalitionsf\u00e4hig mit der \u00d6VP geworden.<br \/>\nAuch der Wiener Bundespr\u00e4sident van der Bellen ist zur Einsicht gelangt: Ohne die FP\u00d6 gibt es in \u00d6sterreich keine handlungsf\u00e4hige Regierung. Dasselbe gilt f\u00fcr die anderen EU-Staaten, besonders f\u00fcr Deutschland und Frankreich: Ohne AfD bzw. den <a href=\"https:\/\/www.freiburg-schwarzwald.de\/blog\/global\/france\/frankreich2022\/\">Front National<\/a> l\u00e4\u00dft sich in Paris und in Berlin keine stabile Regierung installieren.<br \/>\nDie Brandmauern gegen diese Rechtsparteien m\u00fcssen fallen, und zwar auf Parteiebene wie auch auf der medialen und kulturellen Ebene. Brandmauern stehen im Widerspruch zur Freiheitlich-Demokratischen Grundordnung <a href=\"https:\/\/www.freiburg-schwarzwald.de\/blog\/engagement\/zukunft\/demokratie\/verfassung\/fdgo\/\">FDGO<\/a> und zur Institution der <a href=\"https:\/\/www.freiburg-schwarzwald.de\/blog\/engagement\/zukunft\/demokratie\/opposition\/\">Opposition<\/a>, die den friedlichen Macht- bzw. Regierungswechsel (180 Grad, nicht 360 Grad) erm\u00f6glicht.<\/p>\n<p><em>(6) Free Speech auf Twitter bzw. X<\/em><br \/>\nIn Sachen Meinungsfreiheit kommt den <a href=\"https:\/\/www.freiburg-schwarzwald.de\/blog\/kultur\/medien\/social-media\/\">Sozialen Medien<\/a> eine besondere Bedeutung zu. Elon Musk hat <a href=\"https:\/\/www.freiburg-schwarzwald.de\/blog\/twitter-zensurfrei-elon-musk\/\">Twitter<\/a> im Oktober 2022 f\u00fcr 44 Mrd Dollar gekauft, nat\u00fcrlich um Geld zu verdienen, damit aber auch, um <a href=\"https:\/\/www.freiburg-schwarzwald.de\/blog\/musk-und-die-meinungsfreiheit\/\">Free Speech<\/a> auf der weltweit meistbesuchten Plattform zu gew\u00e4hrleisten. Denn in 2022 war Twitter linkslastig mit 65 % demokratisch und 31 % republikanisch orientierten Nutzern. Eine neue CNN-Umfrage zeigt f\u00fcr 2024 ein ganz anderes Bild (3): 48 Prozent derer, die X regelm\u00e4\u00dfig als Nachrichtenquelle nutzen, sind Demokraten und 47 Prozent sind Republikaner. X weist also ein ausgewogenes Spektrum zum Austausch von Informationen auf.<br \/>\nDas Posten von Hass und Hetze will man bei X (und nun auch bei Facebook und Instagram) nicht \u00fcber externe Faktenchecker bek\u00e4mpfen, sondern \u00fcber interne Meldungen durch die Nutzer selbst.<br \/>\nNochmals: Meinungsfreiheit bedeutet, da\u00df der B\u00fcrger seine Meinung privat, im \u00f6ffentlichen Raum und in den Medien &#8211; offline bzw. online in Social Media &#8211; frei und offen kundtun kann, ohne da\u00df er diese Meinung zuvor von irgendwelchen Faktencheckern auf irgendwelche Kriterien hin \u00fcberpr\u00fcfen lassen mu\u00df. Dabei schlie\u00dft Meinungsfreiheit nat\u00fcrlich nicht das Anstiften zu strafbarem Handeln ein.<br \/>\n.<br \/>\n<a href=\"https:\/\/www.freiburg-schwarzwald.de\/blog\/free-speech-in-usa-nato-d\/\">&#8222;Freedom of speech for everybody&#8220;<\/a> &#8211; also f\u00fcr politisch <a href=\"https:\/\/www.freiburg-schwarzwald.de\/blog\/engagement\/zukunft\/demokratie\/gruen-links\/\">links<\/a>, <a href=\"https:\/\/www.freiburg-schwarzwald.de\/blog\/engagement\/zukunft\/demokratie\/konservativ\/\">konservativ<\/a>, <a href=\"https:\/\/www.freiburg-schwarzwald.de\/blog\/engagement\/zukunft\/demokratie\/liberalismus\/libertarismus\/\">libert\u00e4r<\/a> wie <a href=\"https:\/\/www.freiburg-schwarzwald.de\/blog\/engagement\/zukunft\/demokratie\/rechts\/rechts-links\/\">rechts<\/a> orientierte Menschen. Frees Speech bzw. Rede-\/Meinungsfreiheit ist ein zentrales, jedem B\u00fcrger im <a href=\"https:\/\/www.freiburg-schwarzwald.de\/blog\/engagement\/zukunft\/demokratie\/grundgesetz\/\">Grundgesetz<\/a> garantiertes Abwehrrecht gegen den <a href=\"https:\/\/www.freiburg-schwarzwald.de\/blog\/engagement\/zukunft\/demokratie\/staatsapparat\/\">\u00fcbergriffigen Staat<\/a>. Dieses Recht ist Voraussetzung f\u00fcr Demokratie und f\u00fcr eine prosperierende Wirtschaft.<br \/>\n.<br \/>\nAngesichts der Vielzahl von ungel\u00f6sten Problemen (Unkontrollierte Migration ins <a href=\"https:\/\/www.freiburg-schwarzwald.de\/blog\/selbsthilfe\/soziales\/arbeit\/buergergeld\/\">B\u00fcrgergeld<\/a>. Zuverl\u00e4ssige wie preiswerte Energieversorgung statt Atomausstieg und vermeintliche Klimarettung) ist eine <a href=\"https:\/\/www.freiburg-schwarzwald.de\/blog\/engagement\/zukunft\/demokratie\/politikwende\/\">Politikwende<\/a> unumg\u00e4nglich.<br \/>\nKann Deutschland diese Wende nicht selbst schaffen? Braucht es dazu Trump und Musk, sind dies nicht die &#8222;<a href=\"https:\/\/www.freiburg-schwarzwald.de\/blog\/engagement\/zukunft\/demokratie\/politikwende\/\">falschen Befreier auf Zeit<\/a>?&#8220; (Milosz Matussek), vor denen nun alle umzufallen scheinen, wie zuletzt Mark Zuckerberg? &#8222;Die Weltmeisterschaften im Zur\u00fcckrudern haben begonnen. Doch der Weg zu echter Souver\u00e4nit\u00e4t ist noch weit&#8220;.<br \/>\n13.1.2025<br \/>\n.<br \/>\nEnde von Beitrag &#8222;Free Speech &#8211; Meinungsfreiheit&#8220;<br \/>\n=============================================================<br \/>\nBeginn von Anlagen (1) &#8211; (3)<br \/>\n.<\/p>\n<p><strong>(1) Alice Weidel bei Roger K\u00f6ppel:<\/strong><br \/>\n<strong>AfD-Kanzlerkandidatin Weidel \u00fcber Elon Musk und den Zusammenbruch des Euro<\/strong><br \/>\nMan will die Deutschen auspl\u00fcndern:<br \/>\n10.1.2025<br \/>\n<a href=\"https:\/\/weltwoche.ch\/daily\/man-will-die-deutschen-auspluendern-afd-kanzlerkandidatin-weidel-ueber-elon-musk-und-den-zusammenbruch-des-euro\/\">https:\/\/weltwoche.ch\/daily\/man-will-die-deutschen-auspluendern-afd-kanzlerkandidatin-weidel-ueber-elon-musk-und-den-zusammenbruch-des-euro\/<\/a><br \/>\n<a href=\"https:\/\/www.youtube.com\/watch?v=GtKITJh2JrM\">https:\/\/www.youtube.com\/watch?v=GtKITJh2JrM<\/a><\/p>\n<p>Buch &#8222;Die deutsche Mark &#8211; ein Wirtschaftsm\u00e4rchen&#8220;<br \/>\nEU zur\u00fcckbauen: Nur der freie Binnenmarkt (Produkte, Arbeitskr\u00e4fte) soll bleiben, aber die gesamte B\u00fcrokratie mu\u00df weg.<\/p>\n<p>Einige Kommentare<br \/>\nDas beste, ehrlichste und humorvollste Politikerinterview, das ich je sehen durfte! balin<br \/>\n.<br \/>\nIch habe diese Frau, im Unterschied zu Politikern anderer Parteien, rhetorisch exzellent, selten so entspannt, freundlich, menschlich lachend, bodenst\u00e4ndig, verst\u00e4ndlich argumentieren und gesellschaftspolitisches Fehlverhalten begr\u00fcndet definieren sehen, wie in diesem Video ! Klaus<br \/>\nEnde Kommentare<br \/>\n.<\/p>\n<p><strong>(2) Attacke des Tesla-Chefs &#8211; Der mit Underdogs tanzt<\/strong><br \/>\nWann k\u00fcmmert sich dieser Mann eigentlich um seine Firmen? Er ist ein absolutes Ph\u00e4nomen, ein Arbeitstier, ein Macher: Elon Musk, Besitzer von Tesla, derzeit mit Abstand wertvollster Automobilhersteller der Welt. Seine Space-X-Raketen dominieren mit 60 Prozent den Markt f\u00fcr Fl\u00fcge ins All. Ihre m\u00e4chtigen Tr\u00e4gerstufen kehren dabei nicht nur wieder, sondern landen neuerdings be\u00e4ngstigend pr\u00e4zise auf ihrer Abschu\u00dframpe.<br \/>\nHat dieser reichste Mann der Welt, einer der innovativsten und wagemutigsten K\u00f6pfe, nicht alle H\u00e4nde voll damit zu tun, seine Vision vom Flug zum Mars zu verwirklichen \u2013 wieso findet er noch Zeit, sich in die dr\u00f6ge deutsche Innenpolitik einzumischen?<br \/>\nMusk wirkt wie eine Abri\u00dfbirne f\u00fcr Brandmauern, die die Lufthoheit der Linken im Diskurs zementieren.<br \/>\nMusk hat selbst intensiv am eigenen Leib erlebt, wie traditionelle Medien einseitig \u00fcber ihn und seine Unternehmen berichten. Ihm ist irgendwann der Kragen geplatzt. Er kaufte Twitter, schmi\u00df einen Haufen Leute raus, taufte die Plattform in X um, hob die hunderttausendfache Zensur gegen rechte und konservative Kan\u00e4le auf \u2013 und st\u00fcrzte sich selbst in die Meinungsschlacht. Die \u00dcbernahme von Twitter 2022 wurde zum \u201eGamechanger\u201c im Ringen um die \u00d6ffentliche Meinung in s\u00e4mtlichen westlichen L\u00e4ndern \u2013 die seit Jahrzehnten wie selbstverst\u00e4ndlich von der Linken dominiert wird.<br \/>\nEs ist ein Schockmoment f\u00fcr die politische Klasse insbesondere in Deutschland, da\u00df Demokratie und Marktwirtschaft den Wechsel der politischen Windrichtung tats\u00e4chlich vorsehen. \u00dcberraschung! Einen maximalen Tabubruch landete Musk Ende des Jahres, als er in einem Tweet zun\u00e4chst meinte, \u201enur die AfD kann Deutschland retten\u201c und dann diese Behauptung auf Einladung der Welt am Sonntag auch noch in einem Zeitungsartikel fundiert begr\u00fcndete.<br \/>\nEin deutscher Gro\u00dfunternehmer w\u00e4re nach einer solchen Aktion erledigt. Deshalb sagt auch keiner wirklich offen seine Meinung. Stattdessen gr\u00fc\u00dfen sie den regenbogenfarbenen Ge\u00dflerhut der Wokeness. Diese Schweigespirale k\u00f6nnte jetzt empfindlich an Schwung einb\u00fc\u00dfen. Musk wirkt wie eine m\u00e4chtige Abri\u00dfbrine auf Brandmauern, die errichtet wurden, um das Dauerabo der Linken auf Lufthoheit im \u00f6ffentlichen Diskurs, aber auch hinsichtlich politischer Mehrheiten zu zementieren.<br \/>\nDie Einmischung linker Milliard\u00e4re wie George Soros oder Bill Gates wurde vom Establishment bejubelt. Die woke Umerziehung via Disney, Hollywood, Netflix \u2013 suuuper. Kein Problem. Musks Intervention zugunsten rechter Underdogs \u2013 sie sorgt wieder f\u00fcr ein m\u00f6gliches Austarieren des Gleichgewichts im \u00f6ffentlichen Diskurs. Und das ist gut so.<br \/>\n&#8230; Alles vom 10.1.2025 von Dieter Stein bitte lesen in der JF 3\/25, Seit 1<br \/>\n<a href=\"https:\/\/www.junge-freiheit.de\">https:\/\/www.junge-freiheit.de<\/a><br \/>\n.<br \/>\n.<br \/>\n<strong>(3) Linke und Rechte auf X jetzt ausgeglichen \u2013 vor Musks Kauf war es linkslastig<\/strong><br \/>\n\u2026 Nur zu gerne wird Elon Musks soziales Netzwerk X (fr\u00fcher Twitter) gerade von deutschen Medien vorgeworfen, seit seinem Kauf der Plattform im Oktober 2022 nach rechts abgerutscht zu sein. Eine neue CNN-Umfrage zeigt nun aber ein ganz anderes Bild.<br \/>\nDenn der Umfrage zufolge ist jetzt das Nutzerverh\u00e4ltnis auf X in den USA politisch ausgeglichen, vor Musks \u00dcbernahme war es dagegen deutlich linkslastig: 2022 waren 65 Prozent derjenigen, die damals die Plattform als regelm\u00e4\u00dfige Nachrichtenquelle verwendeten, Demokraten. Nur 31 Prozent waren Republikaner. 2024 sind 48 Prozent derer, die X regelm\u00e4\u00dfig als Nachrichtenquelle nutzen, Demokraten und 47 Prozent sind Republikaner.<br \/>\nEs ist nicht die einzige Statistik, die f\u00fcr X spricht. So fand das Pew Research Center heraus, dass ein Gro\u00dfteil der Nachrichten-Influencer, wie es in der Untersuchung hie\u00df, auf X aktiv ist. 85 Prozent der Nachrichten-Influencer sind auf X t\u00e4tig, auf Instagram ist etwa die H\u00e4lfte aktiv und auf Youtube sind 44 Prozent t\u00e4tig. Als republikanisch identifizieren sich 27 Prozent der X-Journalisten, als demokratisch 21 Prozent. Also auch fast ausgeglichen.<br \/>\n\u2026. Alles vom 27.11.2024 bitte lesen auf<br \/>\n<a href=\"https:\/\/apollo-news.net\/linke-und-rechte-auf-x-jetzt-ausgeglichen-vor-musks-kauf-war-es-linkslastig\/\">https:\/\/apollo-news.net\/linke-und-rechte-auf-x-jetzt-ausgeglichen-vor-musks-kauf-war-es-linkslastig\/<\/a><\/p>\n","protected":false},"excerpt":{"rendered":"<p>Elon Musk ist als ph\u00e4nomenaler Macher mit seinen Unternehmen wie Tesla, Space X und Neuralink voll besch\u00e4ftigt. Warum opfert der Gesch\u00e4ftsmann seine Zeit f\u00fcr das kleine Deutschland und die kleine AfD? Antwort: F\u00fcr Erhalt von &#8222;Freedom of Speech&#8220; bzw. Meinungsfreiheit.<\/p>\n","protected":false},"author":2,"featured_media":0,"comment_status":"open","ping_status":"closed","sticky":false,"template":"","format":"standard","meta":{"footnotes":""},"categories":[189,18,131,181,197,192,198,134,191,135,195,59,138,155,60,61,133,13,80,157,19,132,130],"tags":[817,749,612,682,720,780,793,388],"class_list":["post-129786","post","type-post","status-publish","format-standard","hentry","category-alkohol","category-bildung","category-biomasse","category-buergerbeteiligung","category-caritas","category-carsharing","category-diakonie","category-e-bike","category-elsass","category-energiepolitik","category-eu","category-frauen","category-gastro","category-integration","category-jugend","category-kinder","category-kraftwaermekopplung","category-kultur","category-medien","category-oeffentlicher-raum","category-religion","category-strom","category-wasserkraft","tag-brandmauer","tag-diskussionskultur","tag-frau","tag-freiheit","tag-medien","tag-rechts","tag-rechtsstaat","tag-social"],"_links":{"self":[{"href":"https:\/\/www.freiburg-schwarzwald.de\/blog\/wp-json\/wp\/v2\/posts\/129786","targetHints":{"allow":["GET"]}}],"collection":[{"href":"https:\/\/www.freiburg-schwarzwald.de\/blog\/wp-json\/wp\/v2\/posts"}],"about":[{"href":"https:\/\/www.freiburg-schwarzwald.de\/blog\/wp-json\/wp\/v2\/types\/post"}],"author":[{"embeddable":true,"href":"https:\/\/www.freiburg-schwarzwald.de\/blog\/wp-json\/wp\/v2\/users\/2"}],"replies":[{"embeddable":true,"href":"https:\/\/www.freiburg-schwarzwald.de\/blog\/wp-json\/wp\/v2\/comments?post=129786"}],"version-history":[{"count":5,"href":"https:\/\/www.freiburg-schwarzwald.de\/blog\/wp-json\/wp\/v2\/posts\/129786\/revisions"}],"predecessor-version":[{"id":129895,"href":"https:\/\/www.freiburg-schwarzwald.de\/blog\/wp-json\/wp\/v2\/posts\/129786\/revisions\/129895"}],"wp:attachment":[{"href":"https:\/\/www.freiburg-schwarzwald.de\/blog\/wp-json\/wp\/v2\/media?parent=129786"}],"wp:term":[{"taxonomy":"category","embeddable":true,"href":"https:\/\/www.freiburg-schwarzwald.de\/blog\/wp-json\/wp\/v2\/categories?post=129786"},{"taxonomy":"post_tag","embeddable":true,"href":"https:\/\/www.freiburg-schwarzwald.de\/blog\/wp-json\/wp\/v2\/tags?post=129786"}],"curies":[{"name":"wp","href":"https:\/\/api.w.org\/{rel}","templated":true}]}}