{"id":129156,"date":"2024-12-13T20:36:50","date_gmt":"2024-12-13T19:36:50","guid":{"rendered":"https:\/\/www.freiburg-schwarzwald.de\/blog\/?p=129156"},"modified":"2024-12-19T19:25:44","modified_gmt":"2024-12-19T18:25:44","slug":"im-notfall-ist-d-ohne-strom","status":"publish","type":"post","link":"https:\/\/www.freiburg-schwarzwald.de\/blog\/im-notfall-ist-d-ohne-strom\/","title":{"rendered":"Im Notfall ist D ohne Strom"},"content":{"rendered":"<p>Deutschland wurde von Stromexporteur zum Importeur. Die Nachfrage nach <a href=\"https:\/\/www.freiburg-schwarzwald.de\/blog\/energie\/strom\/strommangel\/\">Strom<\/a> aus dem Ausland, vor allem nach franz\u00f6sischem <a href=\"https:\/\/www.freiburg-schwarzwald.de\/blog\/energie\/akw\/kernkraft\/\">Atomstrom<\/a>, treibt den <a href=\"https:\/\/www.freiburg-schwarzwald.de\/blog\/energie\/energiekosten\/\">Strompreis<\/a> nach oben &#8211; auch f\u00fcr unsere Nachbarl\u00e4nder, da der europ\u00e4ische Strommarkt eng gekoppelt ist. Die schwedische Energieministerin: \u201eIch bin w\u00fctend auf die Deutschen\u201c (1).<!--more--><\/p>\n<p>Nun droht im Januar ein Stromausfall, modern als &#8222;<a href=\"https:\/\/www.freiburg-schwarzwald.de\/blog\/energie\/strom\/blackout\/\">Blackout<\/a>&#8220; bezeichnet. Grund: &#8222;Im Notfall liefert uns niemand Strom&#8220; &#8211; so <a href=\"https:\/\/www.freiburg-schwarzwald.de\/blog\/energie\/akw\/kernkraft\/\">Dr. Klaus-Dieter Humpich<\/a> und <a href=\"https:\/\/www.freiburg-schwarzwald.de\/blog\/energie\/energiepolitik\/eike\/\">Manfred Haferburg<\/a> im Gespr\u00e4ch mit <a href=\"https:\/\/www.freiburg-schwarzwald.de\/blog\/bildung\/hochschulen\/universitaet\/bildungskrieg\/\">Milena Preradovic<\/a> (2).<br \/>\nIn einem Brandbrief fordern jetzt der Deutsche Arbeitgeberverband und der &#8222;Aktionskreis Energie und Naturschutz&#8220; ein Umdenken von der Union. Die Fachleute bringen es so auf den Punkt: &#8222;Deutschland macht mitten im Frieden das, was sonst nur ein Gegner im Krieg macht: Die energetische Infrastruktur eines Landes zerst\u00f6ren und Kraftwerke zu Schrott umwandeln&#8220;.<\/p>\n<p><a href=\"https:\/\/www.freiburg-schwarzwald.de\/blog\/energie\/akw\/kernkraft\/\">In ihrem Buch<\/a> beschreiben die beiden Experten auch f\u00fcr den Laien verst\u00e4ndlich, &#8222;wie die \u201ed\u00fcmmste Energiepolitik der Welt\u201c abgewendet werden kann&#8220; (3). Das Gespr\u00e4chsvideo ist sehr informativ, gelingt es den Humpich und Haferburg doch, den im Grunde komplizierten Sachverhalt f\u00fcr den B\u00fcrger einsichtig zu erkl\u00e4ren.<br \/>\n.<br \/>\nDas Bundesamt f\u00fcr Bev\u00f6lkerungsschutz und Katastrophenhilfe (BBK) warnt (4): &#8222;Bereiten Sie sich auf Notlagen vor, dies kann auch l\u00e4nger andauernder Stromausfall sein\u201c.<br \/>\nAuch vor diesem Hintergrund ist es unverst\u00e4ndlich, da\u00df besorgte B\u00fcrger, die voller Angst von einem drohenden Stromausfall bzw. Blackout sprechen, als <a href=\"https:\/\/www.freiburg-schwarzwald.de\/blog\/engagement\/zukunft\/demokratie\/gegen-rechts\/\">Rechte (gemeint sind rechtsextremisten)<\/a>\u00a0bis hin zu <a href=\"https:\/\/www.freiburg-schwarzwald.de\/blog\/religion\/juden\/nazi\/nazi-keule\/\">Nazis<\/a> verunglimpft und so von der Diskussion um die Enegieversorgung ausgeschlossen werden.<br \/>\nEbenso unverst\u00e4ndlich ist, da\u00df Bundeswirtschaftsminister Habeck weiterhin feststellt \u201eWir haben ein W\u00e4rmeproblem, kein Stromproblem\u201c. Will Habeck die B\u00fcrger f\u00fcr dumm verkaufen, wo doch W\u00e4rme bei <a href=\"https:\/\/www.freiburg-schwarzwald.de\/blog\/energie\/strom\/strommangel\/\">Dunkelflaute<\/a> wie derzeit zwischen Dezember und Februar \u00fcber Strom zu erzeugt werden mu\u00df?<br \/>\n13.12.2024<br \/>\n.<br \/>\nEnde von Beitrag &#8222;Im Notfall ist D ohne Strom&#8220;<br \/>\n==========================================================<br \/>\nBeginn von Anlagen (1) &#8211; (4)<br \/>\n.<\/p>\n<p><strong>(1) Die gescheiterte Energiewende: Deutschlands Strom-Albtraum<\/strong><br \/>\nDunkelflaute und Preisschock rei\u00dfen Nachbar mit \u2013 sie gehen auf die Barrikaden<br \/>\nStellen Sie sich vor: Sie sitzen in Schweden, die Temperaturen sinken und pl\u00f6tzlich explodieren Ihre Strompreise. Warum? Nicht etwa, weil vor Ort etwas schiefl\u00e4uft, sondern wegen Deutschlands Energiepolitik. Ja, richtig gelesen. Unser Land \u2013 Schwedens Nachbar im S\u00fcden \u2013 hat mit seiner ideologisch verblendeten Politik den Strommarkt in ganz Europa ins Wanken gebracht. Die Folgen? F\u00fcr viele fatal.<br \/>\nDie schwedische Energieministerin Ebba Busch bringt es auf den Punkt: \u201eIch bin w\u00fctend auf die Deutschen.\u201c Und wer kann es ihr verdenken? Deutschlands Energiewende, der radikale Atomausstieg und die Stilllegung von Kohlekraftwerken haben Europa einen regelrechten Strompreis-Schock beschert. Besonders in S\u00fcdschweden und Norwegen schnellen die Kosten in die H\u00f6he. Der Grund? Die \u201eDunkelflaute\u201c \u2013 wenig Wind, dicke Wolken, kaum Solarenergie. Deutschland, das sich einst als Vorreiter der \u201eEnergiewende\u201c st\u00e4ndig selbst auf die Schulter klopfte, wird zum Strom-Bettler bei seinen Nachbarn.<br \/>\nDoch die Trag\u00f6die endet hier nicht. W\u00e4hrend Frankreich mit seinen 56 Atomkraftwerken stabilen und g\u00fcnstigen Strom liefert, herrscht bei uns das pure Chaos. Statt auf eigene Kapazit\u00e4ten zu setzen, importieren wir flei\u00dfig franz\u00f6sischen Atomstrom \u2013 also genau die Energie, die unsere Ideologen an der Macht f\u00fcr \u201eb\u00f6se\u201c halten. Und man fragt sich: Wie konnte es so weit kommen? Die Antwort ist offensichtlich: Eine \u00fcberhastete Energiewende ohne Plan B \u2013 und ohne R\u00fccksicht auf Verluste.<br \/>\n&#8230; Alles vom 13.12.2024 bitte lesen auf<br \/>\n<a href=\"https:\/\/reitschuster.de\/post\/die-gescheiterte-energiewende-deutschlands-strom-albtraum\/\">https:\/\/reitschuster.de\/post\/die-gescheiterte-energiewende-deutschlands-strom-albtraum\/<\/a><\/p>\n<p>&nbsp;<\/p>\n<p><strong>(2) \u201eIm Notfall liefert uns niemand Strom\u201c \u2013 mit Dr. Klaus-Dieter Humpich und Manfred Hafenburg<\/strong><br \/>\nDeutschland hat seine Atomkraft abgeschafft und bettelt nun bei Nachbarl\u00e4ndern wie Frankreich um Kernkraft-Energie. Aber k\u00f6nnen wir uns wirklich darauf verlassen, dass die Nachbarn uns konstant versorgen? Nein, sagen Kerntechniker Manfred Haferburg und Dr. Klaus-Dieter Humpich. \u201eWenn auf Grund von Wetter kein \u00dcberschuss da ist, werden wir auch nicht mehr beliefert. Jedes Land hat die Pflicht, seine Energieversorgung selbst zu sichern.\u201c<br \/>\n\u201eDie d\u00fcmmste Energiepolitik der Welt\u201c nennen die beiden Fachleute den deutschen Weg in ihrem Buch \u201eAtomenergie \u2013 Jetzt aber richtig\u201c. Wenn demn\u00e4chst die Kohle auch noch wegfalle, werde es nicht mal Back up-Gaskraftwerke geben, um den Flatterstrom zu ersetzen. Totalversagen der Politik\u2026<br \/>\n<a href=\"https:\/\/www.youtube.com\/watch?v=hCpJ97rOMVE\">https:\/\/www.youtube.com\/watch?v=hCpJ97rOMVE<\/a><br \/>\n&#8230; Alles vom 12.12.2024 bitte lesen auf<br \/>\n<a href=\"https:\/\/punkt-preradovic.com\/im-notfall-liefert-uns-niemand-strom-mit-dr-klaus-dieter-humpich-und-manfred-hafenburg\/\">https:\/\/punkt-preradovic.com\/im-notfall-liefert-uns-niemand-strom-mit-dr-klaus-dieter-humpich-und-manfred-hafenburg\/<\/a><\/p>\n<p>.<\/p>\n<p><strong>(3) Buch: Atomenergie \u2013 Jetzt aber richtig:<\/strong><br \/>\n<strong>Wie die \u201ed\u00fcmmste Energiepolitik der Welt\u201c abgewendet werden kann<\/strong><br \/>\nISBN 978-3-9825848-2-9<br \/>\n240 Seiten, 24 Euro<br \/>\n.<br \/>\nEs ist keine Frage ob, sondern lediglich wann \u201edie d\u00fcmmste Energiepolitik der Welt\u201c (Wall Street Journal) \u2013 in Deutschland euphemistisch \u201eEnergiewende\u201c genannt \u2013 beerdigt wird. Und was dann? \u00dcberall auf der Welt werden l\u00e4ngst wieder die Weichen f\u00fcr die Kernenergie gestellt, CO2-frei wie bisher, aber intelligenter, resilienter, mobiler und preiswerter als je zuvor. Die Atomenergie kann auch hierzulande der Nukleus f\u00fcr einen neuen Wohlstand sein, auch diese Einsicht wird sich unter der Last des Faktischen durchsetzen. Die beiden Energieexperten Manfred Haferburg und Klaus-Dieter Humpich analysieren den deutschen Irrweg und zeigen Wege aus der Sackgasse. Dieses Buch ist ein Almanach der Vernunft f\u00fcr alle, die in Deutschland erfolgreich wirtschaftlich t\u00e4tig sind und damit fortfahren wollen.<\/p>\n<p><em>Aus dem Nachwort von <a href=\"https:\/\/www.freiburg-schwarzwald.de\/blog\/kultur\/dichter\/literatur\/sachbuch\/esfeld\/\">Michael Esfeld<\/a><\/em><br \/>\nDer Slogan \u201eAtomkraft nein danke\u201c ist in Deutschland zum Symbol eines Angriffs geworden. Mit der Zerst\u00f6rung der Kernkraftwerke geht es um die Zerst\u00f6rung der auf freiwilligen Interaktionen beruhenden Wirtschafts- und Gesellschaftsordnung. An deren Stelle soll eine Gesellschaftsordnung treten, die auf Zwang von oben beruht, ausge\u00fcbt durch umfassende Regulierung auch des Privatlebens. Damit verbunden ist eine Wirtschaftsordnung, die sich an den faschistischen Regimen des 20. Jahrhunderts orientiert: Privateigentum bleibt bestehen. Aber der Staat bestimmt, was produziert wird (z.B. Elektro- statt Verbrenner- Autos) und wie es produziert wird (z.B. mit Strom aus Sonne und Wind, wenn denn das Wetter g\u00fcnstig ist, statt mit Atomstrom).<\/p>\n<p><em>Die Autoren<\/em><br \/>\nManfred Haferburg wurde 1948 im ostdeutschen Querfurt geboren. Er studierte an der TU Dresden Kernenergetik und machte eine Blitzkarriere im damalig gr\u00f6\u00dften AKW in Greifswald. Wegen des frechen Absingens von Biermannliedern sowie einiger unbedachter \u00c4u\u00dferungen beim Karneval wurde er zum feindlich-negativen Element der DDR ernannt und verbrachte folgerichtig einige Zeit unter der Obhut der Stasi in Hohensch\u00f6nhausen. Nach der Wende k\u00fcmmerte er sich f\u00fcr eine internationale Organisation um die Sicherheitskultur von Atomkraftwerken weltweit und hat so viele AKWs von innen gesehen wie kaum ein anderer. Aber im Dunkeln leuchten kann er immer noch nicht. Als die ehemalige SED als Die Linke in den Bundestag einzog, beging er Bundesrepublikflucht und leckt sich seither im Pariser Exil die Wunden. In seiner Freizeit arbeitet er sich an einer hundertj\u00e4hrigen holl\u00e4ndischen Tjalk ab, mit der er auch manchmal segelt. Im KUUUK-Verlag ver\u00f6ffentlichte er seinen auf Tatsachen beruhenden Roman \u201eWohn-Haft\u201c mir einem Vorwort von Wolf Biermann.<br \/>\n.<br \/>\nDr. Klaus-Dieter Humpich studierte Maschinenbau und Energie- und Verfahrenstechnik mit Schwerpunkt Kerntechnik, bevor er zehn Jahre am Institut f\u00fcr Kerntechnik in der Technischen Universit\u00e4t Berlin arbeitete. Seit 20 Jahren ist er freiberuflich im Bereich Energietechnik t\u00e4tig.<br \/>\n<a href=\"https:\/\/nukeklaus.net\/\">https:\/\/nukeklaus.net\/<\/a><\/p>\n<p><em>Wie die \u201ed\u00fcmmste Energiepolitik der Welt\u201c abgewendet werden kann<\/em><br \/>\nEs gibt keine physikalischen oder \u00f6konomischen Gr\u00fcnde f\u00fcr den Atomausstieg. Es gibt auch keine ethischen Gr\u00fcnde betreffend Umwelt- oder Klimaschutz oder Schutz vor Gesundheitsgefahren. Bei der so genannten Energiewende geht es nicht um Energie, Umweltschutz oder ein allgemeines gesellschaftliches Gut. Der Angriff auf die Kernenergie ist in Deutschland ein zentrales Element des postmarxistischen Angriffes auf die westliche Zivilisation. Manfred Haferburg und Klaus-Dieter Humpich zeigen in diesem Buch auf, warum die Atomenergie weltweit Erfolge feiert und in Deutschland eine Renaissance erleben muss.<\/p>\n<p><a href=\"https:\/\/shop.achgut.com\/products\/atomenergie-jetzt-aber-richtig-wie-die-duemmste-energiepolitik-der-welt\">https:\/\/shop.achgut.com\/products\/atomenergie-jetzt-aber-richtig-wie-die-duemmste-energiepolitik-der-welt<\/a><br \/>\n.<br \/>\n.<\/p>\n<p><strong>(4) \u201eBereiten Sie sich auf Notlagen vor\u201c, appelliert Bev\u00f6lkerungsschutz an Deutsche<\/strong><br \/>\n&#8230;<br \/>\nDas Bundesamt f\u00fcr Bev\u00f6lkerungsschutz und Katastrophenhilfe (BBK) ermahnt die Menschen in Deutschland dazu, sich f\u00fcr den Ausfall essenzieller Infrastruktur zu r\u00fcsten. <em><strong>\u201eIch appelliere an die B\u00fcrgerinnen und B\u00fcrger: Bereiten Sie sich auf Notlagen vor, dies kann auch l\u00e4nger andauernder Stromausfall sein\u201c<\/strong><\/em>, sagte BBK-Vizepr\u00e4sident Ren\u00e9 Funk dem Portal \u201et-online.de\u201c. \u201eNotlagen m\u00fcssen nicht eintreten, sind aber jederzeit m\u00f6glich\u201c, sagte er in dem am Donnerstag ver\u00f6ffentlichten Interview.<br \/>\n\u201eJeder deutsche Haushalt sollte so ger\u00fcstet sein, dass er sich drei Tage lang selbstst\u00e4ndig versorgen kann\u201c, empfahl Funk. Das gelte auch f\u00fcr l\u00e4nger andauernde Stromausf\u00e4lle. \u201eViele Menschen bedenken nicht, was dann alles nicht mehr funktionieren w\u00fcrde: das Licht, der Herd, in Teilen die Wasserversorgung, das Internet, die Geldautomaten.\u201c<br \/>\n&#8230; Alles vom 13.12.2024 bitte lesen auf<br \/>\n<a href=\"https:\/\/www.welt.de\/vermischtes\/article254847768\/Hybride-Angriffe-Bereiten-Sie-sich-auf-Notlagen-vor-appelliert-Bevoelkerungsschutz-an-Deutsche.html\">https:\/\/www.welt.de\/vermischtes\/article254847768\/Hybride-Angriffe-Bereiten-Sie-sich-auf-Notlagen-vor-appelliert-Bevoelkerungsschutz-an-Deutsche.html<\/a><\/p>\n<p>.<\/p>\n<p><strong>(4) \u201eDie Krise wird sich dramatisch versch\u00e4rfen\u201c \u2013 Manfred Haferburg im Interview<\/strong><br \/>\n\u201eDas wird sich noch verst\u00e4rken\u201c: Im Apollo News-Interview erkl\u00e4rt der Kerntechniker Manfred Haferburg die hohen Strompreise und warum sich die Energiekrise weiter zuspitzen wird. Er fordert eine R\u00fcckkehr zur Atomkraft.<br \/>\n<a href=\"https:\/\/www.youtube.com\/watch?v=Go1mVUGSXz4&amp;t=6s\">https:\/\/www.youtube.com\/watch?v=Go1mVUGSXz4&amp;t=6s<\/a><br \/>\n&#8230; Alles vom 15.12.2024 bitte lesen auf<br \/>\n<a href=\"https:\/\/apollo-news.net\/die-krise-wird-sich-dramatisch-verschaerfen-manfred-haferburg-im-interview\/\">https:\/\/apollo-news.net\/die-krise-wird-sich-dramatisch-verschaerfen-manfred-haferburg-im-interview\/<\/a><\/p>\n","protected":false},"excerpt":{"rendered":"<p>Deutschland wurde von Stromexporteur zum Importeur. Die Nachfrage nach Strom aus dem Ausland, vor allem nach franz\u00f6sischem Atomstrom, treibt den Strompreis nach oben &#8211; auch f\u00fcr unsere Nachbarl\u00e4nder, da der europ\u00e4ische Strommarkt eng gekoppelt ist. Die schwedische Energieministerin: \u201eIch bin &hellip; <a href=\"https:\/\/www.freiburg-schwarzwald.de\/blog\/im-notfall-ist-d-ohne-strom\/\">Weiterlesen <span class=\"meta-nav\">&rarr;<\/span><\/a><\/p>\n","protected":false},"author":2,"featured_media":0,"comment_status":"open","ping_status":"closed","sticky":false,"template":"","format":"standard","meta":{"footnotes":""},"categories":[164,4,5,135,195,132],"tags":[640,163,559,151,723,745],"class_list":["post-129156","post","type-post","status-publish","format-standard","hentry","category-akw","category-branchen","category-energie","category-energiepolitik","category-eu","category-strom","tag-akw-2","tag-atomkraft","tag-business","tag-erneuerbare-energien","tag-strom","tag-wirtschaft"],"_links":{"self":[{"href":"https:\/\/www.freiburg-schwarzwald.de\/blog\/wp-json\/wp\/v2\/posts\/129156","targetHints":{"allow":["GET"]}}],"collection":[{"href":"https:\/\/www.freiburg-schwarzwald.de\/blog\/wp-json\/wp\/v2\/posts"}],"about":[{"href":"https:\/\/www.freiburg-schwarzwald.de\/blog\/wp-json\/wp\/v2\/types\/post"}],"author":[{"embeddable":true,"href":"https:\/\/www.freiburg-schwarzwald.de\/blog\/wp-json\/wp\/v2\/users\/2"}],"replies":[{"embeddable":true,"href":"https:\/\/www.freiburg-schwarzwald.de\/blog\/wp-json\/wp\/v2\/comments?post=129156"}],"version-history":[{"count":5,"href":"https:\/\/www.freiburg-schwarzwald.de\/blog\/wp-json\/wp\/v2\/posts\/129156\/revisions"}],"predecessor-version":[{"id":129242,"href":"https:\/\/www.freiburg-schwarzwald.de\/blog\/wp-json\/wp\/v2\/posts\/129156\/revisions\/129242"}],"wp:attachment":[{"href":"https:\/\/www.freiburg-schwarzwald.de\/blog\/wp-json\/wp\/v2\/media?parent=129156"}],"wp:term":[{"taxonomy":"category","embeddable":true,"href":"https:\/\/www.freiburg-schwarzwald.de\/blog\/wp-json\/wp\/v2\/categories?post=129156"},{"taxonomy":"post_tag","embeddable":true,"href":"https:\/\/www.freiburg-schwarzwald.de\/blog\/wp-json\/wp\/v2\/tags?post=129156"}],"curies":[{"name":"wp","href":"https:\/\/api.w.org\/{rel}","templated":true}]}}