{"id":129082,"date":"2024-12-05T16:51:43","date_gmt":"2024-12-05T15:51:43","guid":{"rendered":"https:\/\/www.freiburg-schwarzwald.de\/blog\/?p=129082"},"modified":"2024-12-05T16:51:43","modified_gmt":"2024-12-05T15:51:43","slug":"appell-der-38-1-minute-vor-12","status":"publish","type":"post","link":"https:\/\/www.freiburg-schwarzwald.de\/blog\/appell-der-38-1-minute-vor-12\/","title":{"rendered":"Appell der 38: 1 Minute vor 12"},"content":{"rendered":"<p>Der <a href=\"https:\/\/www.freiburg-schwarzwald.de\/blog\/global\/ukraine\/ukrainekrieg\/\">Ukrainekrieg<\/a> eskaliert weiter. Noch-Pr\u00e4sident Biden genehmigt die Lieferung von <a href=\"https:\/\/www.freiburg-schwarzwald.de\/blog\/biden-ok-zu-atamacs-raketen\/\">ATAMACS-Raketen<\/a> an Kiew. CDU\/CSU, FDP und Gr\u00fcne dr\u00e4ngen auf die Lieferung von <a href=\"https:\/\/www.freiburg-schwarzwald.de\/blog\/keine-taurus-an-die-ukraine\/\">Taurus-Raketen<\/a>, die Moskau erreichen k\u00f6nnen; nur <a href=\"https:\/\/www.freiburg-schwarzwald.de\/blog\/engagement\/zukunft\/demokratie\/links\/wagenknecht\/\">BSW<\/a>, <a href=\"https:\/\/www.freiburg-schwarzwald.de\/blog\/vereine\/partei\/afd\/afd-opposition\/\">AfD<\/a>, <a href=\"https:\/\/www.freiburg-schwarzwald.de\/blog\/vereine\/partei\/cdu\/werteunion\/\">WerteUnion<\/a> und (in Teilen)<a href=\"https:\/\/www.freiburg-schwarzwald.de\/blog\/vereine\/partei\/spd\/\"> SPD<\/a> sind dagegen und unterst\u00fctzen den &#8222;Appell der 38&#8220; (1).<!--more--><br \/>\n5.12.2024<br \/>\n.<br \/>\nEnde von Beitrag &#8222;Appell der 38: Eine Minute vor 12&#8220;<br \/>\n===========================================================<br \/>\nBeginn von Anlagen (1) &#8211;<\/p>\n<p>.<br \/>\n<strong>(1) APPELL DER 38<\/strong><br \/>\n<strong>Eine Minute vor Zw\u00f6lf \u2013 Einen gro\u00dfen europ\u00e4ischen Krieg verhindern!<\/strong><br \/>\nDer v\u00f6lkerrechtswidrige Krieg Russlands gegen die Ukraine tobt seit \u00fcber 1000 Tagen. T\u00e4glich sterben Menschen, die Ukraine wird mehr und mehr zerst\u00f6rt. An der Front steht die ukrainische Armee unter Druck; es fehlt nicht nur an Waffen, sondern auch an Soldaten, die Russen erzielen Gel\u00e4ndegewinne. Ein Ende des Sterbens ist nicht in Sicht.<\/p>\n<p>Die Last-Minute-Entscheidung des US-Pr\u00e4sidenten Biden, Angriffe auf Russland mit von den USA gelieferten Raketen zu genehmigen, hat eine neue Eskalationsstufe eingeleitet. Inzwischen haben auch Gro\u00dfbritannien und Frankreich nachgezogen. Damit steigt das Risiko f\u00fcr ganz Europa extrem. Deutschland k\u00f6nnte das neue Schlachtfeld werden.<br \/>\nBiden hatte sich in der Vergangenheit geweigert, diesen Schritt zu gehen, um, wie er selbst betonte, einen Dritten Weltkrieg zu vermeiden. Gilt das jetzt nicht mehr?<\/p>\n<p>Statt alles daf\u00fcr zu tun, die hochgef\u00e4hrliche Situation zu entspannen, wollen CDU, FDP und Gr\u00fcne jetzt der Ukraine auch noch Taurus-Raketen liefern. Damit k\u00f6nnte Selenskyj Ziele tief in Russland punktgenau angreifen. Da diese Raketen von Bundeswehrsoldaten programmiert werden m\u00fcssen, k\u00e4me die Lieferung des Taurus fast einer Kriegserkl\u00e4rung Deutschlands an die Atommacht Russland gleich. Sie w\u00fcrde mit hoher Wahrscheinlichkeit eine milit\u00e4rische Antwort Russlands nach sich ziehen.<\/p>\n<p>Wir befinden uns in der vielleicht gef\u00e4hrlichsten Phase dieses Krieges. Unsere oberste Pflicht sollte sein, eine Katastrophe f\u00fcr unser Land und alle Menschen in Europa zu vermeiden. <em><strong>Deutschland hat aktuell zwar keine handlungsf\u00e4hige Regierung, aber immerhin ein handlungsf\u00e4higes Parlament. Wir appellieren an alle politischen Akteure: Vergessen wir unsere Differenzen und handeln gemeinsam, um das Schlimmste zu verhindern!<\/strong><\/em><\/p>\n<p>Es ist h\u00f6chste Zeit, dass sich die deutsche Politik mit Nachdruck f\u00fcr eine Deeskalation und einen sofortigen Waffenstillstand mit anschlie\u00dfenden Friedensverhandlungen einsetzt. So, wie es zum Beispiel der unter anderem von der Schweiz unterst\u00fctzte Friedensplan Brasiliens und Chinas vorsieht.<\/p>\n<p>Den Ukraine-Krieg kann und wird keine Seite gewinnen. Wenn die Waffen nicht bald schweigen, laufen wir Gefahr, alle gemeinsam zu verlieren. Noch nie seit dem Ende des 2. Weltkriegs war die Gefahr eines Nuklearkriegs in Europa so gro\u00df wie jetzt. Wir m\u00fcssen sie bannen, bevor es zu sp\u00e4t ist.<\/p>\n<p>DIE UNTERZEICHNERiNNEN<br \/>\nProf. Dr. Peter Brandt, Historiker und Publizist<br \/>\nReiner Braun, Friedensbewegung<br \/>\nAndrea Breth, Theater-Regisseurin<br \/>\nProf. Dr. Christoph Butterwegge, Politikwissenschaftler<br \/>\nProf. Dr. Wolfgang D\u00e4ubler, Rechtswissenschaftler<br \/>\nDaniela Dahn, Schriftstellerin<br \/>\nDr. Petra Erler, Publizistin<br \/>\nDr. Svenja Fla\u00dfp\u00f6hler, Philosophin<br \/>\nProf. Dr. Hajo Funke, Politikwissenschaftler<br \/>\nDr. Peter Gauweiler, Rechtsanwalt und Bayer. Staatsminister a.D. (CSU)<br \/>\nWolfgang Grupp, Firma TRIGEMA<br \/>\nProf. Dr. Michael Hartmann, Soziologe<br \/>\nHenry H\u00fcbchen, Schauspieler<br \/>\nProf. Dr. Elisa Hoven, Strafrechtlerin<br \/>\nProf. Dr. Hans Joas, Mitglied der Grundwertekommission der SPD<br \/>\nReinhard Klimmt, Ministerpr\u00e4sident a.D. (SPD)<br \/>\nUwe Kockisch, Schauspieler<br \/>\nProf. Dr. Gabriele Krone-Schmalz, Publizistin<br \/>\nOskar Lafontaine, Ministerpr\u00e4sident a.D.<br \/>\nPeter Maffay, S\u00e4nger<br \/>\nDetlef Malchow, Unternehmer<br \/>\nProf. Dr. Reinhard Merkel, Rechtsphilosoph<br \/>\nDr. Hans Misselwitz, Mitglied der Grundwertekommission der SPD<br \/>\nAlbrecht M\u00fcller, Publizist (SPD)<br \/>\nMichael M\u00fcller, NaturFreunde Deutschlands<br \/>\nWilly van Ooyen, Friedensbewegung<br \/>\nProf. Dr. Frauke Rostalski, Rechtsphilosophin<br \/>\nOliver Ruhnert, langj\u00e4hriger Fu\u00dfballmanager (BSW)<br \/>\nDr. Otto Schily, Bundesinnenminister a.D.<br \/>\nMichael von der Schulenburg, Abgeordneter EU-Parlament (BSW) und Assistant Secretary General der UN a.D.<br \/>\nAlice Schwarzer, Autorin und EMMA-Verlegerin<br \/>\nProf. Dr. Wolfgang Streeck, Soziologe<br \/>\nG\u00fcnter Verheugen, Vizepr\u00e4sident der Europ\u00e4ischen Kommission a.D.<br \/>\nDr. Sahra Wagenknecht, Parteivorsitzende BSW<br \/>\nDr. Nathalie Weidenfeld, Kulturwissenschaftlerin<br \/>\nHans-Eckardt Wenzel, Liedermacher<br \/>\nKatarina Witt, Sportlerin<br \/>\nNatascha Wodin, Schriftstellerin<br \/>\nDr. Juli Zeh, Schriftstellerin<br \/>\n&#8230; Alles vom 4.12.2024 bitte lesen auf<br \/>\n<a href=\"https:\/\/www.emma.de\/artikel\/appell-der-38-fuer-friedensverhandlungen-341429\">https:\/\/www.emma.de\/artikel\/appell-der-38-fuer-friedensverhandlungen-341429<\/a><br \/>\noder z.B.<br \/>\n<a href=\"https:\/\/www.berliner-zeitung.de\/news\/ukrainekrieg-peter-maffay-fuer-friedensappell-von-schwarzer-und-wagenknecht-li.2278297\">https:\/\/www.berliner-zeitung.de\/news\/ukrainekrieg-peter-maffay-fuer-friedensappell-von-schwarzer-und-wagenknecht-li.2278297<\/a><\/p>\n","protected":false},"excerpt":{"rendered":"<p>Der Ukrainekrieg eskaliert weiter. Noch-Pr\u00e4sident Biden genehmigt die Lieferung von ATAMACS-Raketen an Kiew. CDU\/CSU, FDP und Gr\u00fcne dr\u00e4ngen auf die Lieferung von Taurus-Raketen, die Moskau erreichen k\u00f6nnen; nur BSW, AfD, WerteUnion und (in Teilen) SPD sind dagegen und unterst\u00fctzen den &hellip; <a href=\"https:\/\/www.freiburg-schwarzwald.de\/blog\/appell-der-38-1-minute-vor-12\/\">Weiterlesen <span class=\"meta-nav\">&rarr;<\/span><\/a><\/p>\n","protected":false},"author":2,"featured_media":0,"comment_status":"open","ping_status":"closed","sticky":false,"template":"","format":"standard","meta":{"footnotes":""},"categories":[181,36,195,210,14,63,80,172],"tags":[813,520,667,626,525,796,86],"class_list":["post-129082","post","type-post","status-publish","format-standard","hentry","category-buergerbeteiligung","category-engagement","category-eu","category-gewalt","category-global","category-krise","category-medien","category-zukunft","tag-diplomatie","tag-frieden","tag-krieg","tag-partei","tag-politik","tag-ukraine","tag-waffen"],"_links":{"self":[{"href":"https:\/\/www.freiburg-schwarzwald.de\/blog\/wp-json\/wp\/v2\/posts\/129082","targetHints":{"allow":["GET"]}}],"collection":[{"href":"https:\/\/www.freiburg-schwarzwald.de\/blog\/wp-json\/wp\/v2\/posts"}],"about":[{"href":"https:\/\/www.freiburg-schwarzwald.de\/blog\/wp-json\/wp\/v2\/types\/post"}],"author":[{"embeddable":true,"href":"https:\/\/www.freiburg-schwarzwald.de\/blog\/wp-json\/wp\/v2\/users\/2"}],"replies":[{"embeddable":true,"href":"https:\/\/www.freiburg-schwarzwald.de\/blog\/wp-json\/wp\/v2\/comments?post=129082"}],"version-history":[{"count":1,"href":"https:\/\/www.freiburg-schwarzwald.de\/blog\/wp-json\/wp\/v2\/posts\/129082\/revisions"}],"predecessor-version":[{"id":129083,"href":"https:\/\/www.freiburg-schwarzwald.de\/blog\/wp-json\/wp\/v2\/posts\/129082\/revisions\/129083"}],"wp:attachment":[{"href":"https:\/\/www.freiburg-schwarzwald.de\/blog\/wp-json\/wp\/v2\/media?parent=129082"}],"wp:term":[{"taxonomy":"category","embeddable":true,"href":"https:\/\/www.freiburg-schwarzwald.de\/blog\/wp-json\/wp\/v2\/categories?post=129082"},{"taxonomy":"post_tag","embeddable":true,"href":"https:\/\/www.freiburg-schwarzwald.de\/blog\/wp-json\/wp\/v2\/tags?post=129082"}],"curies":[{"name":"wp","href":"https:\/\/api.w.org\/{rel}","templated":true}]}}