{"id":12891,"date":"2012-10-12T17:59:44","date_gmt":"2012-10-12T15:59:44","guid":{"rendered":"https:\/\/www.freiburg-schwarzwald.de\/blog\/?p=12891"},"modified":"2012-10-12T18:03:34","modified_gmt":"2012-10-12T16:03:34","slug":"klinik-ambulant-stationaer","status":"publish","type":"post","link":"https:\/\/www.freiburg-schwarzwald.de\/blog\/klinik-ambulant-stationaer\/","title":{"rendered":"Klinik ambulant &#8211; stationaer"},"content":{"rendered":"<p>Um die regionale <a title=\"Gesund\" href=\"https:\/\/www.freiburg-schwarzwald.de\/blog\/business\/gesund\/\">Gesundheitsversorgung<\/a> zu verbessern, hat sich die gesundheitspolitische Sprecherin der baden-w\u00fcrttembergischen Landtagsfraktion B\u00fcndnis 90\/Die Gr\u00fcnen, B\u00e4rbl Mielich, f\u00fcr mehr Kooperationsmodelle zwischen ambulanter und station\u00e4rer Versorgung ausgesprochen.\u00a0Die Freiburger Landtagsabgeordnete und Vorsitzende des Sozialausschusses besuchte das Evangelische Diakonie<a title=\"Uniklinik\" href=\"https:\/\/www.freiburg-schwarzwald.de\/blog\/business\/gesund\/uniklinik\/\">krankenhaus<\/a>, um sich \u00fcber die aktuellen Entwicklungen zu informieren.\u00a0\u00bbIch halte den Austausch mit den Praktikern vor Ort f\u00fcr unabdingbar\u00ab, <!--more-->sagte B\u00e4rbl Mielich: \u00bbNur so kann ich auch die richtigen Impulse in der Landespolitik geben.\u00ab Die Schwerpunktbildung des Diakoniekrankenhauses in der Versorgung von Magen-Darm-Krankheiten, dem Brust-Zentrum und der Geburtshilfe sieht B\u00e4rbl Mielich als richtigen Weg. Kooperationen mit selbstst\u00e4ndigen Praxen wie der Praxisklinik 2000 und dem demn\u00e4chst er\u00f6ffneten Strahlentherapiezentrum vor dem Diakoniekrankenhaus h\u00e4tten Modellcharakter, lobte die Gesundheitsmarkt-Expertin. Allgemein gebe es an der Schnittstelle zwischen der ambulanten und station\u00e4ren Versorgung noch einiges zu verbessern. Sie sprach sich auch daf\u00fcr aus, die Finanzierung von Krankenh\u00e4usern zu optimieren. Dass trotz Leistungssteigerung die Krankenh\u00e4user finanziell mit dem R\u00fccken zur Wand stehen, d\u00fcrfe man nicht einfach hinnehmen. Hier brauche es beispielsweise h\u00f6here Ausgleiche f\u00fcr Tarifsteigerungen. Au\u00dferdem m\u00fcsse man die regionalen Gegebenheiten st\u00e4rker ber\u00fccksichtigen, insbesondere im l\u00e4ndlichen Bereich. \u00bbDas muss sich in den Abrechnungssystemen widerspiegeln\u00ab, fordert Mielich. Um die Berufe im Gesundheitsbereich attraktiver zu machen, spricht sich Mielich daf\u00fcr aus, den Stellenwert der Pflege durch differenzierte Ausbildungswege und mehr Verantwortung zu st\u00e4rken. Beruf und Familie m\u00fcssten insgesamt besser vereinbar sein.<br \/>\nB\u00e4rbl Mielich besuchte au\u00dferdem die Baustelle des neuen OP- und Intensivbereichs des Krankenhauses. Das rund 18 Millionen teure Bauprojekt wird vom Land mit knapp zehn Millionen Euro gef\u00f6rdert. Es entstehen OP-S\u00e4le auf dem h\u00f6chsten technischen Niveau und eine neue Zentralsterilisation, au\u00dferdem wird die Versorgung von Intensiv-Patienten deutlich verbessert. Die Bauma\u00dfnahmen sollen im Jahr 2014 abgeschlossen sein.<\/p>\n<div id=\"attachment_12895\" style=\"width: 190px\" class=\"wp-caption alignnone\"><a href=\"https:\/\/www.freiburg-schwarzwald.de\/blog\/klinik-ambulant-stationaer\/mielich-diakonie201210\/\" rel=\"attachment wp-att-12895\"><img loading=\"lazy\" decoding=\"async\" aria-describedby=\"caption-attachment-12895\" class=\"size-thumbnail wp-image-12895\" title=\"mielich-diakonie201210\" src=\"https:\/\/www.freiburg-schwarzwald.de\/blog\/wp-content\/uploads\/2012\/10\/mielich-diakonie201210-180x119.jpg\" alt=\"\" width=\"180\" height=\"119\" srcset=\"https:\/\/www.freiburg-schwarzwald.de\/blog\/wp-content\/uploads\/2012\/10\/mielich-diakonie201210-180x119.jpg 180w, https:\/\/www.freiburg-schwarzwald.de\/blog\/wp-content\/uploads\/2012\/10\/mielich-diakonie201210.jpg 640w\" sizes=\"auto, (max-width: 180px) 100vw, 180px\" \/><\/a><p id=\"caption-attachment-12895\" class=\"wp-caption-text\">(v.l.): Pfarrer Marc Witzenbacher (Theologischer Vorstand), Michael Decker (Kaufm\u00e4nnischer Direktor), B\u00e4rbl Mielich MdL, Prof. Dr. Hans-Peter Allgaier (\u00c4rztlicher Direktor). Foto: Anette Kauerz<\/p><\/div>\n<p>Marc Witzenbacher, <a href=\"mailto:witzenbacher@diak-fr.de\">witzenbacher@diak-fr.de<\/a>\u00a0\u00a0<br \/>\n<a href=\"https:\/\/www.diakoniekrankenhaus.de\/\">www.diakoniekrankenhaus.de<\/a> &lt;<a href=\"https:\/\/www.diakoniekrankenhaus.de\/\">https:\/\/www.diakoniekrankenhaus.de<\/a>&gt;<\/p>\n<p>&nbsp;<\/p>\n","protected":false},"excerpt":{"rendered":"<p>Um die regionale Gesundheitsversorgung zu verbessern, hat sich die gesundheitspolitische Sprecherin der baden-w\u00fcrttembergischen Landtagsfraktion B\u00fcndnis 90\/Die Gr\u00fcnen, B\u00e4rbl Mielich, f\u00fcr mehr Kooperationsmodelle zwischen ambulanter und station\u00e4rer Versorgung ausgesprochen.\u00a0Die Freiburger Landtagsabgeordnete und Vorsitzende des Sozialausschusses besuchte das Evangelische Diakoniekrankenhaus, um sich &hellip; <a href=\"https:\/\/www.freiburg-schwarzwald.de\/blog\/klinik-ambulant-stationaer\/\">Weiterlesen <span class=\"meta-nav\">&rarr;<\/span><\/a><\/p>\n","protected":false},"author":4,"featured_media":0,"comment_status":"open","ping_status":"closed","sticky":false,"template":"","format":"standard","meta":{"footnotes":""},"categories":[433,158],"tags":[47],"class_list":["post-12891","post","type-post","status-publish","format-standard","hentry","category-arzt","category-gesund","tag-klinik"],"_links":{"self":[{"href":"https:\/\/www.freiburg-schwarzwald.de\/blog\/wp-json\/wp\/v2\/posts\/12891","targetHints":{"allow":["GET"]}}],"collection":[{"href":"https:\/\/www.freiburg-schwarzwald.de\/blog\/wp-json\/wp\/v2\/posts"}],"about":[{"href":"https:\/\/www.freiburg-schwarzwald.de\/blog\/wp-json\/wp\/v2\/types\/post"}],"author":[{"embeddable":true,"href":"https:\/\/www.freiburg-schwarzwald.de\/blog\/wp-json\/wp\/v2\/users\/4"}],"replies":[{"embeddable":true,"href":"https:\/\/www.freiburg-schwarzwald.de\/blog\/wp-json\/wp\/v2\/comments?post=12891"}],"version-history":[{"count":0,"href":"https:\/\/www.freiburg-schwarzwald.de\/blog\/wp-json\/wp\/v2\/posts\/12891\/revisions"}],"wp:attachment":[{"href":"https:\/\/www.freiburg-schwarzwald.de\/blog\/wp-json\/wp\/v2\/media?parent=12891"}],"wp:term":[{"taxonomy":"category","embeddable":true,"href":"https:\/\/www.freiburg-schwarzwald.de\/blog\/wp-json\/wp\/v2\/categories?post=12891"},{"taxonomy":"post_tag","embeddable":true,"href":"https:\/\/www.freiburg-schwarzwald.de\/blog\/wp-json\/wp\/v2\/tags?post=12891"}],"curies":[{"name":"wp","href":"https:\/\/api.w.org\/{rel}","templated":true}]}}