{"id":128733,"date":"2024-11-23T18:46:57","date_gmt":"2024-11-23T17:46:57","guid":{"rendered":"https:\/\/www.freiburg-schwarzwald.de\/blog\/?p=128733"},"modified":"2024-12-09T18:00:28","modified_gmt":"2024-12-09T17:00:28","slug":"bauern-demo-23-11-2024-berlin","status":"publish","type":"post","link":"https:\/\/www.freiburg-schwarzwald.de\/blog\/bauern-demo-23-11-2024-berlin\/","title":{"rendered":"Bauern-Demo 23.11.2024 Berlin"},"content":{"rendered":"<p>Auf einer Demo in <a href=\"https:\/\/www.freiburg-schwarzwald.de\/blog\/natur\/landwirt\/bauern-protest\/berlin8jan2024\/\">Berlin<\/a> am 23.11.2024 von 10 bis 18 Uhr protestieren <a href=\"https:\/\/www.freiburg-schwarzwald.de\/blog\/natur\/landwirt\/landwirtschaft\/\">Landwirte<\/a> nicht nur gegen Mercosur. Mit der Freihandelszone Mercosur zwischen EU und S\u00fcdamerika &#8211; kurz \u201eAutos gegen Rindfleisch\u201c &#8211; f\u00fcrchten viele Bauern um ihre Existenz. Auch deshalb flammen die <a href=\"https:\/\/www.freiburg-schwarzwald.de\/blog\/natur\/landwirt\/bauern-protest\/\">Bauernproteste<\/a> vom Fr\u00fchjahr 2024 wieder auf &#8211; in GBR, F und auch in D.<!--more--> Der Hauptgrund: Importierte Lebensmittel m\u00fcssen nicht den strengen Bestimmungen gen\u00fcgen, denen die inl\u00e4ndischen Erzeuger unterliegen.<\/p>\n<p>Doch es geht um weit mehr als nur die Auswirkungen der Globalisierung. Der Landwirt Anthony Lee (Freie W\u00e4hler) zur Lage der Bauern (1): <a href=\"https:\/\/www.youtube.com\/watch?v=96Fd9K0IEaI\">https:\/\/www.youtube.com\/watch?v=96Fd9K0IEaI<\/a> Die Landwirte f\u00fchlen sich von der <a href=\"https:\/\/www.freiburg-schwarzwald.de\/blog\/engagement\/zukunft\/demokratie\/ampel\/\">Berliner Politik<\/a> und\u00b4der <a href=\"https:\/\/www.freiburg-schwarzwald.de\/blog\/global\/eu\/eu-agrar\/\">EU<\/a> nicht ernst genommen.<br \/>\n23.11.2024<br \/>\n.<br \/>\nEnde von Beitrag &#8222;Bauern-Demo 23.11.2024 Berlin&#8220;<br \/>\n=============================================================<br \/>\nBeginn von Anlagen (1) &#8211; (7)<br \/>\n.<\/p>\n<p><strong>(1) Bauern Demos nehmen richtig Fahrt auf! Wann wird uns klar was auf den Spiel steht?<\/strong><br \/>\n<strong>Anthony Lee<\/strong><br \/>\n18.11.2024<br \/>\n<a href=\"https:\/\/www.freiburg-schwarzwald.de\/blog\/natur\/landwirt\/landwirtschaft\/\">https:\/\/www.youtube.com\/watch?v=96Fd9K0IEaI<\/a><br \/>\n.<br \/>\nEinige Kommentare<br \/>\nDanke Anthony Lee. Wir haben einen familienbewirtschafteten Milchviehbetrieb und so langsam denke ich dar\u00fcber nach aufzuh\u00f6ren, mich zur Ruhe zu setzen und endlich mein Leben zu genie\u00dfen. Diese st\u00e4ndigen Auflagen, Verordnungen und Bevormundungen zerren am Nervensystem. Seit einigen Wochen versuchen wir mit der Vorschrift der E- Rechnungen klar zu kommen und der zus\u00e4tzliche zeitliche Aufwand kosten uns Zeit, die wir wesentlich besser f\u00fcr unseren Betrieb einsetzen k\u00f6nnten. Vllt sollte man doch alles an den Nagel h\u00e4ngen und mit 66 Jahren den Ruhestand genie\u00dfen. Wir haben die Schnauze voll. Ramona<br \/>\n.<br \/>\nWir brauchen die Bauern, um zu \u00fcberleben !!! Im Gegensatz zu Politikern, Anw\u00e4lten, Versicherungsvertretern &#8230;.. Der Stellenwert sollte ganz weit vorne sein Detlef.<br \/>\n.<br \/>\nUnd wieder versucht man uns als Rechts abzutun. Bauern sind weder rechts noch links, sondern Bauern! E.K-<br \/>\nEnde Kommentare<br \/>\n.<\/p>\n<p><strong>(2) Landwirte auf der Stra\u00dfe: Bauernproteste in Frankreich und Gro\u00dfbritannien<\/strong><br \/>\nIn Europa gehen die Landwirte wieder auf die Stra\u00dfe. In Frankreich, Deutschland und Gro\u00dfbritannien kam es zu Bauernprotesten gegen Mercosur und die Traktorsteuer.<br \/>\n&#8230;<br \/>\nFreihandelszone: Macron unterst\u00fctzt Landwirte gegen Mercosur<br \/>\nMit dem Vertrag <a href=\"https:\/\/www.agrarheute.com\/tag\/mercosur\">https:\/\/www.agrarheute.com\/tag\/mercosur<\/a> w\u00fcrde eine der gr\u00f6\u00dften Freihandelszonen der Welt entstehen &#8211; mit dem Wegfall von Z\u00f6llen und einem einfacheren Marktzugang. Das Handelsvolumen k\u00f6nnte um bis zu 30 Prozent steigen.<br \/>\nMercosur wird auch oftmals lapidar als \u201eAutos gegen Rindfleisch\u201c bezeichnet, mit Bundeskanzler Olaf Scholz (SPD) als einem der gr\u00f6\u00dften Bef\u00fcrworter des Deals. Er sprach sich am Rande des G20-Treffens in Rio de Janeiro erneut f\u00fcr einen schnellen Abschluss aus.<br \/>\nFrankreichs Pr\u00e4sident Emmanuel Macron hingegen steht hier auf der Seite der Landwirte. Gemeinsam mit den Bauern wehrt er sich gegen Mercosur.<br \/>\nWenn alles nach dem Plan der Europ\u00e4ischen Kommission l\u00e4uft, wird es Anfang Dezember &#8211; nach 25 Jahren Verhandlung &#8211; unterschrieben.<br \/>\n&#8230; Alles vom 20.11.2024 bitte lesen auf<br \/>\n<a href=\"https:\/\/www.agrarheute.com\/politik\/landwirte-strasse-bauernproteste-frankreich-grossbritannien-628960\">https:\/\/www.agrarheute.com\/politik\/landwirte-strasse-bauernproteste-frankreich-grossbritannien-628960<\/a><br \/>\n.<br \/>\n<strong>(3) Protest mit Traktoren: Landwirte ziehen zum Brandenburger Tor<\/strong><br \/>\nMit Traktoren nach Berlin: Der Verein \u201eHand in Hand\u201c fordert Eigenversorgung und politische Reformen.<br \/>\nDer Verein &#8222;Hand in Hand f\u00fcr unser Land&#8220; ruft zu einem bundesweiten Korso nach Berlin auf. Unter den Organisatoren sind auch Landwirte, wie beispielsweise Franz Huber aus dem niederbayerischen Haibach (Lks Straubing). Hier startet Huber am Mittwoch (20.11.) mit seinem Traktor. Ihm schlie\u00dfen sich weitere Teilnehmer an. Stationen auf dem Weg zum Brandenburger Tor sind Neustadt a. d. Aisch und Erfurt.<br \/>\n&#8230; Alles vom 19.11.224 bitte lesen auf<br \/>\n<a href=\"https:\/\/www.agrarheute.com\/politik\/landwirte-strasse-bauernproteste-frankreich-grossbritannien-628960\">https:\/\/www.wochenblatt-dlv.de\/politik\/protest-traktoren-landwirte-ziehen-brandenburger-tor-578819<\/a><br \/>\n.<\/p>\n<p><strong>(4) Die Bauernproteste in London sind erst der Anfang<\/strong><br \/>\n\u00dcberall in Europa versuchen linke Politiker, familiengef\u00fchrte Agrarbetriebe zu schleifen und die Lebensmittelversorgung zu zentralisieren. Doch der Widerstand w\u00e4chst. In der ganzen EU machen die Bauern mittlerweile mobil. Jetzt gibt es auch in Gro\u00dfbritannien heftige Massenproteste.<br \/>\n&#8230;<br \/>\nErdverbundene Bauern, die sich gegen abgehobene Politiker wehren: Das sieht man mittlerweile in Europa immer \u00f6fter. Zeitgleich zu den Demonstrationen in London protestieren auch die franz\u00f6sischen Landwirte weiter. Sie versuchen, das sogenannte Freihandelsabkommen zwischen der EU und den Staaten der s\u00fcdamerikanischen Mercosur-Gruppe (Argentinien, Brasilien, Paraguay, Uruguay, Venezuela) zu verhindern. Landesweit haben am Montag und Dienstag franz\u00f6sische Bauern mit Traktoren Stra\u00dfen blockiert, Protestfeuer entz\u00fcndet und Holzkreuze aufgestellt.<br \/>\nDas Abkommen ist bei Landwirten in der ganzen EU geradezu verhasst. Denn um die s\u00fcdamerikanischen M\u00e4rkte f\u00fcr EU-Industrieprodukte zu \u00f6ffnen, vor allem f\u00fcr Autos und Maschinen, sollen im Gegenzug viele landwirtschaftliche Erzeugnisse wie Rindfleisch weitgehend ohne Handelsbeschr\u00e4nkungen nach Europa importiert werden. Doch in den Mercosur-Staaten werden die Agrarprodukte nach viel niedrigeren Standards und damit viel g\u00fcnstiger produziert. Europas Bauern werden also einem stark verzerrten Wettbewerb ausgesetzt, den sie praktisch nicht gewinnen k\u00f6nnen. Das geben selbst Verfechter des Abkommens zu.<br \/>\nDen Eurokraten im fernen Br\u00fcssel jedoch ist die Industrie traditionell wichtiger als die Landwirtschaft.<br \/>\nAber in den EU-Mitgliedsstaaten \u2013 mit Ausnahme von Deutschland \u2013 erzielen die Bauern mit ihren Protesten immer \u00f6fter beachtliche Erfolge. Allein in den vergangenen zwei Jahren gab es Massendemonstrationen von Landwirten in Belgien, Griechenland, Italien, Lettland, Polen, Rum\u00e4nien und Spanien \u2013 fast immer gegen Vorgaben der EU.<br \/>\nAls direkte Folge der Proteste hat Br\u00fcssel unter anderem die Verordnung zur\u00fcckgenommen, dass EU-weit vier (4) Prozent aller Agrarfl\u00e4chen ungenutzt bleiben oder brach liegen m\u00fcssen. Auch eine extrem scharfe Pestizidverordnung wurde vorl\u00e4ufig wieder beerdigt.<br \/>\n&#8230; Alles vom 20.11.2024 bitte lesen auf<br \/>\n<a href=\"https:\/\/www.tichyseinblick.de\/kolumnen\/aus-aller-welt\/bauernproteste-london\/\">https:\/\/www.tichyseinblick.de\/kolumnen\/aus-aller-welt\/bauernproteste-london\/<\/a><br \/>\n.<br \/>\n.<br \/>\n<strong>(5) Hand in Hand f\u00fcr unser Land&#8220;<\/strong><br \/>\nWir fordern:<br \/>\n1) Wiederherstellung der internationalen Wettbewerbsf\u00e4higkeit der Betriebe und des Wohlstandes der Bev\u00f6lkerung<br \/>\nEnergiesicherheit, Steuersenkungen, B\u00fcrokratieabbau, tragbare Energiekosten und bezahlbarer Wohnraum.<br \/>\n2) Mehr nationale Selbstbestimmung<br \/>\nAngepasst an unsere regionalen Gegebenheiten, sowie Werte und Traditionen.<\/p>\n<p>3) Sicherstellung der Rahmenbedingen zur Eigenversorgung der Bev\u00f6lkerung mit im Inland ben\u00f6tigten Produkten<br \/>\nEigenproduktion bezahlbarer Lebensmittel, Eigenproduktion und Forschung f\u00fcr Medikamente in Deutschland. Sicherung des inl\u00e4ndischen Arbeitsmarktes durch wettbewerbsf\u00e4hige Lohnkosten. Sicherstellung unabh\u00e4ngiger Energieversorgung und Beteiligung an entsprechenden zukunftsf\u00e4higen Projekten.<br \/>\n4) Verantwortungsvolle, verl\u00e4ssliche und langfristige Politik<br \/>\n5) Pers\u00f6nliche Haftung f\u00fcr Politiker, Vorst\u00e4nde und Aufsichtsr\u00e4te<br \/>\n6) Vorrangig Investitionen im eigenen Land<br \/>\n7) Konsequente und z\u00fcgige Durchsetzung geltenden Asylrechts<br \/>\n8) Soziale Gerechtigkeit<br \/>\n9) Frieden nach innen und au\u00dfen wahren<br \/>\n.<br \/>\nGro\u00dfdemo in Berlin &#8211; Ab durch die Mitte Deutschlands:<br \/>\n23.11.2024, <a href=\"https:\/\/www.youtube.com\/live\/H_0cB2NGai4\">https:\/\/www.youtube.com\/live\/H_0cB2NGai4<\/a><br \/>\n<a href=\"https:\/\/www.youtube.com\/@LandHandinHand\/videos\">https:\/\/www.youtube.com\/@LandHandinHand\/videos<\/a><br \/>\n&#8230; Alles vom 18.11.2024 von &#8222;Hand in Hand f\u00fcr unser Land&#8220; bitte lesen auf<br \/>\n<a href=\"https:\/\/hihful.de\/ab-durch-die-mitte\/\">https:\/\/hihful.de\/ab-durch-die-mitte\/<\/a><br \/>\n.<br \/>\n.<br \/>\n<strong>(6) Indubio Folge 357 \u2013 Die R\u00fcckkehr der Bauernproteste<\/strong><br \/>\nWie gro\u00df ist die Wut der deutschen Landwirte? Was wird aus den Bauernprotesten in Deutschland, und welche Rolle k\u00f6nnte die bevorstehende Bundestagswahl im Februar 2025 dabei spielen?<br \/>\nDar\u00fcber spricht Gerd Buurmann mit Bernd Achgelis, Mutterkuhhalter und Schwei\u00dfspezialist, mit Bernd Gast, Musiker und Landwirtsohn, sowie mit Anthony Lee, engagierter Landwirt und ehemaliger Polizist.<br \/>\n&#8230; Alles vom 1.12.2024 bitte lesen auf<br \/>\n<a href=\"https:\/\/www.achgut.com\/artikel\/indubio_folge_357_die_rueckkehr_der_bauernproteste\">https:\/\/www.achgut.com\/artikel\/indubio_folge_357_die_rueckkehr_der_bauernproteste<\/a><br \/>\n.<br \/>\n<a href=\"https:\/\/achgelis.de\/\">https:\/\/achgelis.de\/<\/a><br \/>\n<a href=\"https:\/\/www.tageblatt.de\/Nachrichten\/Gruen-und-clever-Landwirt-produziert-mit-Weidezaeunen-Solarstrom-579140.html\">https:\/\/www.tageblatt.de\/Nachrichten\/Gruen-und-clever-Landwirt-produziert-mit-Weidezaeunen-Solarstrom-579140.html<\/a><br \/>\n.<br \/>\n<a href=\"https:\/\/www.agrarheute.com\/politik\/landwirt-influencer-anthony-lee-verlaesst-freien-waehler-629574\">https:\/\/www.agrarheute.com\/politik\/landwirt-influencer-anthony-lee-verlaesst-freien-waehler-629574<\/a><br \/>\n.<br \/>\n.<br \/>\n<strong>(7) Von der Leyen d\u00fcpiert Macron bei Mercosur-Abkommen \u2013 und bleibt der Notre-Dame-Er\u00f6ffnung fern<\/strong><br \/>\nNach einem Vierteljahrhundert einigen sich die Mercosur-Staaten und die Europ\u00e4ische Union auf ein Freihandelsabkommen. Emmanuel Macron sieht es als Affront an, dass Ursula von der Leyen die franz\u00f6sische Staatskrise ausnutzt, um den Vertrag durchzuziehen.<br \/>\n&#8230;<br \/>\nDie franz\u00f6sischen Bauern f\u00fcrchten bekanntlich den Wettbewerb mit dem s\u00fcdamerikanischen Kontinent. Der Schutz der eigenen Agrikultur war daher seit jeher ein Pariser Anliegen. Solche verh\u00e4rteten Fronten sind mit ein Grund, warum die Verhandlungen zum Mercosur-Abkommen ein Vierteljahrhundert auf Eis lagen. Die EU und die f\u00fcnf lateinamerikanischen Staaten Brasilien, Bolivien, Argentinien, Uruguay und Paraguay konnten sich beim Freihandel einfach nicht einig werden, weil der eigene Protektionismus im Weg stand.<br \/>\nAu\u00dfenpolitische Ver\u00e4nderungen bereiteten offenbar den Weg. Die EU f\u00fcrchtet sich vor dem Zugriff Chinas auf den rohstoffreichen Kontinent, der einst der privilegierte Vorhof der USA war. In Washington wiederum sitzt bald Donald Trump, der mit Schutzz\u00f6llen droht. In Buenos Aires dagegen hat sich mit Javier Milei ein \u00fcberzeugter Libert\u00e4rer etabliert, der dem Freihandel wohlgesonnen ist \u2013 die Unterzeichnung nach so langer Zeit ist damit auch sein Erfolg.<br \/>\nVor allem d\u00fcrften aber die destruktiven Zust\u00e4nde in Frankreich eine Rolle spielen. Paralysiert vom Sturz der Regierung Barnier hat von der Leyen wohl die Gunst der Stunde ergriffen, um das Abkommen in Montevideo in trockene T\u00fccher zu bringen. So sieht man es offenbar auch in Frankreich.<br \/>\n&#8230;<br \/>\nAuch Polen, \u00d6sterreich, die Niederlande und Irland haben Vorbehalte gegen\u00fcber dem Abkommen ge\u00e4u\u00dfert. <em><strong>Bei Mercosur handelt es sich um eine s\u00fcdamerikanische Wirtschaftsgemeinschaft, die Abk\u00fcrzung steht f\u00fcr Mercado Com\u00fan del Sur (Gemeinsamer Markt des S\u00fcdens). Der Binnenmarkt umfasst rund 300 Millionen Menschen.<\/strong><\/em> Kritiker bef\u00fcrchten, dass die europ\u00e4ischen Bauern, die an immer noch strengere Regeln gebunden werden und unendlich viele Einschr\u00e4nkungen beachten m\u00fcssen von der gro\u00dfindustriellen Landwirtschaft S\u00fcdamerikas und deren laxen Standard \u00fcberrollt werden. Die Landwirtschaft in der EU wird ohnehin mit Green Deal und Beschr\u00e4nkung der Anbaufl\u00e4chen. Jetzt d\u00fcrfte das H\u00f6festerben und der Verfall der b\u00e4uerlich gepr\u00e4gten Landschaft und Wirtschaft noch schneller vorangehen und das Eigentum der traditionellen Landwirte vernichtet werden.<br \/>\n&#8230;. Alles vom 7.12.2024 bitte lesen auf<br \/>\n<a href=\"https:\/\/www.tichyseinblick.de\/kolumnen\/aus-aller-welt\/leyen-macron-mercosur\/\">https:\/\/www.tichyseinblick.de\/kolumnen\/aus-aller-welt\/leyen-macron-mercosur\/<\/a><\/p>\n","protected":false},"excerpt":{"rendered":"<p>Auf einer Demo in Berlin am 23.11.2024 von 10 bis 18 Uhr protestieren Landwirte nicht nur gegen Mercosur. Mit der Freihandelszone Mercosur zwischen EU und S\u00fcdamerika &#8211; kurz \u201eAutos gegen Rindfleisch\u201c &#8211; f\u00fcrchten viele Bauern um ihre Existenz. Auch deshalb &hellip; <a href=\"https:\/\/www.freiburg-schwarzwald.de\/blog\/bauern-demo-23-11-2024-berlin\/\">Weiterlesen <span class=\"meta-nav\">&rarr;<\/span><\/a><\/p>\n","protected":false},"author":2,"featured_media":0,"comment_status":"open","ping_status":"closed","sticky":false,"template":"","format":"standard","meta":{"footnotes":""},"categories":[131,355,36,201,12,68],"tags":[786,277,716,286,489,423],"class_list":["post-128733","post","type-post","status-publish","format-standard","hentry","category-biomasse","category-buergerinitiativen","category-engagement","category-landwirt","category-natur","category-umwelt","tag-agrar","tag-bauer","tag-bauernhof","tag-bioland","tag-european-union","tag-lebensmittel"],"_links":{"self":[{"href":"https:\/\/www.freiburg-schwarzwald.de\/blog\/wp-json\/wp\/v2\/posts\/128733","targetHints":{"allow":["GET"]}}],"collection":[{"href":"https:\/\/www.freiburg-schwarzwald.de\/blog\/wp-json\/wp\/v2\/posts"}],"about":[{"href":"https:\/\/www.freiburg-schwarzwald.de\/blog\/wp-json\/wp\/v2\/types\/post"}],"author":[{"embeddable":true,"href":"https:\/\/www.freiburg-schwarzwald.de\/blog\/wp-json\/wp\/v2\/users\/2"}],"replies":[{"embeddable":true,"href":"https:\/\/www.freiburg-schwarzwald.de\/blog\/wp-json\/wp\/v2\/comments?post=128733"}],"version-history":[{"count":5,"href":"https:\/\/www.freiburg-schwarzwald.de\/blog\/wp-json\/wp\/v2\/posts\/128733\/revisions"}],"predecessor-version":[{"id":129136,"href":"https:\/\/www.freiburg-schwarzwald.de\/blog\/wp-json\/wp\/v2\/posts\/128733\/revisions\/129136"}],"wp:attachment":[{"href":"https:\/\/www.freiburg-schwarzwald.de\/blog\/wp-json\/wp\/v2\/media?parent=128733"}],"wp:term":[{"taxonomy":"category","embeddable":true,"href":"https:\/\/www.freiburg-schwarzwald.de\/blog\/wp-json\/wp\/v2\/categories?post=128733"},{"taxonomy":"post_tag","embeddable":true,"href":"https:\/\/www.freiburg-schwarzwald.de\/blog\/wp-json\/wp\/v2\/tags?post=128733"}],"curies":[{"name":"wp","href":"https:\/\/api.w.org\/{rel}","templated":true}]}}