{"id":12864,"date":"2012-10-12T12:27:13","date_gmt":"2012-10-12T10:27:13","guid":{"rendered":"https:\/\/www.freiburg-schwarzwald.de\/blog\/?p=12864"},"modified":"2012-10-12T12:27:55","modified_gmt":"2012-10-12T10:27:55","slug":"bund-nachhaltiges-wirtschaften","status":"publish","type":"post","link":"https:\/\/www.freiburg-schwarzwald.de\/blog\/bund-nachhaltiges-wirtschaften\/","title":{"rendered":"Bund &#8211; nachhaltiges Wirtschaften"},"content":{"rendered":"<p>Es ist erschreckend, dass die <a title=\"BUND\" href=\"https:\/\/www.freiburg-schwarzwald.de\/blog\/natur\/umwelt\/bund\/\">Umweltbewegung<\/a> die aktuellen Krisen nicht offensiver als Krisen eines generell falschen, nicht <a title=\"Nachhaltigkeit\" href=\"https:\/\/www.freiburg-schwarzwald.de\/blog\/natur\/klima\/nachhaltigkeit\/\">nachhaltigen<\/a>, un\u00f6kologischen Wirtschaftens aufzeigt und in der aktuellen Debatte still am Rande steht. Zwischen neoliberalen Deregulierungsphantasien und falschen Wachstumstr\u00e4umen m\u00fcssen wir einen dritten Weg globaler Nachhaltigkeit und sozialer Gerechtigkeit aufzeigen unter Ber\u00fccksichtigung der Menschenrechte, wie er beispielsweise im Buch <a title=\"Zukunftsfaehiges-Deutschland\" href=\"https:\/\/www.freiburg-schwarzwald.de\/blog\/engagement\/zukunft\/zukunftsfaehiges-deutschland\/\">&#8222;Zukunftsf\u00e4higes Deutschland&#8220;<\/a>\u00a0und in den\u00a0<a href=\"https:\/\/vorort.bund.net\/suedlicher-oberrhein\/toblacher-thesen.html\">Toblacher Thesen<\/a>\u00a0beschrieben ist. &#8230;. Mehr vom 12.10.2012 auf <a href=\"https:\/\/vorort.bund.net\/suedlicher-oberrhein\/eurokrise-wachstum.html\">https:\/\/vorort.bund.net\/suedlicher-oberrhein\/eurokrise-wachstum.html<\/a><\/p>\n","protected":false},"excerpt":{"rendered":"<p>Es ist erschreckend, dass die Umweltbewegung die aktuellen Krisen nicht offensiver als Krisen eines generell falschen, nicht nachhaltigen, un\u00f6kologischen Wirtschaftens aufzeigt und in der aktuellen Debatte still am Rande steht. Zwischen neoliberalen Deregulierungsphantasien und falschen Wachstumstr\u00e4umen m\u00fcssen wir einen dritten &hellip; <a href=\"https:\/\/www.freiburg-schwarzwald.de\/blog\/bund-nachhaltiges-wirtschaften\/\">Weiterlesen <span class=\"meta-nav\">&rarr;<\/span><\/a><\/p>\n","protected":false},"author":4,"featured_media":0,"comment_status":"open","ping_status":"closed","sticky":false,"template":"","format":"standard","meta":{"footnotes":""},"categories":[1,141,172],"tags":[445,41,258],"class_list":["post-12864","post","type-post","status-publish","format-standard","hentry","category-allgemein","category-nachhaltigkeit","category-zukunft","tag-bund","tag-nachhaltig","tag-oekologie"],"_links":{"self":[{"href":"https:\/\/www.freiburg-schwarzwald.de\/blog\/wp-json\/wp\/v2\/posts\/12864","targetHints":{"allow":["GET"]}}],"collection":[{"href":"https:\/\/www.freiburg-schwarzwald.de\/blog\/wp-json\/wp\/v2\/posts"}],"about":[{"href":"https:\/\/www.freiburg-schwarzwald.de\/blog\/wp-json\/wp\/v2\/types\/post"}],"author":[{"embeddable":true,"href":"https:\/\/www.freiburg-schwarzwald.de\/blog\/wp-json\/wp\/v2\/users\/4"}],"replies":[{"embeddable":true,"href":"https:\/\/www.freiburg-schwarzwald.de\/blog\/wp-json\/wp\/v2\/comments?post=12864"}],"version-history":[{"count":0,"href":"https:\/\/www.freiburg-schwarzwald.de\/blog\/wp-json\/wp\/v2\/posts\/12864\/revisions"}],"wp:attachment":[{"href":"https:\/\/www.freiburg-schwarzwald.de\/blog\/wp-json\/wp\/v2\/media?parent=12864"}],"wp:term":[{"taxonomy":"category","embeddable":true,"href":"https:\/\/www.freiburg-schwarzwald.de\/blog\/wp-json\/wp\/v2\/categories?post=12864"},{"taxonomy":"post_tag","embeddable":true,"href":"https:\/\/www.freiburg-schwarzwald.de\/blog\/wp-json\/wp\/v2\/tags?post=12864"}],"curies":[{"name":"wp","href":"https:\/\/api.w.org\/{rel}","templated":true}]}}