{"id":128483,"date":"2024-11-19T17:42:01","date_gmt":"2024-11-19T16:42:01","guid":{"rendered":"https:\/\/www.freiburg-schwarzwald.de\/blog\/?p=128483"},"modified":"2024-11-19T17:54:12","modified_gmt":"2024-11-19T16:54:12","slug":"einsiedeln-madonna-anschlag","status":"publish","type":"post","link":"https:\/\/www.freiburg-schwarzwald.de\/blog\/einsiedeln-madonna-anschlag\/","title":{"rendered":"Einsiedeln: Madonna Anschlag"},"content":{"rendered":"<p>Ein 17-j\u00e4hriger <a href=\"https:\/\/www.freiburg-schwarzwald.de\/blog\/global\/migration\/migrationspolitik\/\">Migrant<\/a> aus <a href=\"https:\/\/www.freiburg-schwarzwald.de\/blog\/global\/afghanistan\/\">Afghanistan<\/a> hat am 17.11.2024 gegen 15 Uhr auf das Gnadenbild der Schwarzen Madonna von Einsiedeln\/<a href=\"https:\/\/www.freiburg-schwarzwald.de\/blog\/global\/schweiz\/\">Schweiz<\/a> eingeschlagen, die Ehrenkleidung und die Krone abgerissen und sich letztere aufgesetzt (1). Die ca 200 in der ber\u00fchmten <a href=\"https:\/\/www.freiburg-schwarzwald.de\/blog\/religion\/kirchen\/\">Klosterkirche<\/a> anwesenden Gl\u00e4ubigen mussten schockiert zusehen, <!--more-->viele begannen zu weinen und zu beten.<br \/>\nNiemand vermochte einzuschreiten, wohl aus Angst vor einer <a href=\"https:\/\/www.freiburg-schwarzwald.de\/blog\/selbsthilfe\/soziales\/justiz\/messerstecher\/\">Messerstecherei<\/a>, als die 117 cm hohe Statue der Jungfrau und Gottesmutter Maria, die im Jahr 1466 in die Kapelle gelangte und eines der bedeutendsten Wallfahrtsziele Europas ist, von dem afghanischen <a href=\"https:\/\/www.freiburg-schwarzwald.de\/blog\/global\/integration\/asylanten\/\">Asylsuchenden<\/a> besch\u00e4digt wurde. <a href=\"https:\/\/x.com\/thomas_aeschi\/status\/1858602748360671495\">https:\/\/x.com\/thomas_aeschi\/status\/1858602748360671495<\/a><br \/>\n.<br \/>\nDiese unglaubliche Tat der Blasphemie bzw. <a href=\"https:\/\/www.freiburg-schwarzwald.de\/blog\/religion\/kirchen\/kirchenschaendung\/\">Kirchensch\u00e4ndung<\/a> wird rasch vergessen sein und die n\u00e4chste wird folgen. &#8222;Doch ob Gebete und Verschweigen wirklich helfen? Oder sollten wir vielleicht auch einen Gedanken an unsere Asylpolitik verschwenden?&#8220; (2). Und ob da die Forderung von David Berger (3) nach einem &#8222;<a href=\"https:\/\/www.freiburg-schwarzwald.de\/blog\/religion\/katholisch\/\">wehrhaften Katholizismus<\/a>&#8220; \u00fcberhaupt erlaubt ist?<\/p>\n<p>Unmittelbar nach dem <a href=\"https:\/\/www.freiburg-schwarzwald.de\/blog\/global\/france\/enthauptung\/\">blasphemistischen<\/a> Anschlag auf die Schwarze Madonna von Einsiedeln beginnt das Medienspektakel: Obwohl man nichts wei\u00df und die Motive unklar seien, sind sich die <a href=\"https:\/\/www.freiburg-schwarzwald.de\/blog\/kultur\/medien\/mainstream\/\">Medien<\/a> sofort sicher, da\u00df der afghanische, in der Schweiz Schutzsuchende psychisch verwirrt und somit unzurechnungsf\u00e4hig ist. &#8222;Dieses Medienspiel ist ein Spiel der <a href=\"https:\/\/www.freiburg-schwarzwald.de\/blog\/kultur\/medien\/desinformation\/\">Desinformation<\/a>&#8222;, so Guiseppe Nardi (5).<br \/>\n19.11.2024<br \/>\n.<br \/>\nEnde von Beitrag &#8222;Einsiedeln: Madonna Anschlag&#8220;<br \/>\n======================================================<br \/>\nBeginn von Anlagen (1) &#8211; (5)<br \/>\n.<\/p>\n<p><strong>(1) Asylsuchender besch\u00e4digt Schwarze Madonna<\/strong><br \/>\n<strong>Wahrzeichen des Klosters Einsiedeln<\/strong><br \/>\n&#8230; Die Schwarze Madonna von Einsiedeln zieht seit Jahrhunderten Pilger aus aller Welt an. Die 117 Zentimeter hohe Statue, die 1466 in die Kapelle gelangte, gilt als eines der bedeutendsten Wallfahrtsziele Europas.<br \/>\nViele Besucher h\u00e4tten nach der Tat geweint und gebetet. Die Zeugin sagt: \u00abIch bin gl\u00e4ubig, und ich finde das alles sehr traurig. Ich finde es absolut nicht in Ordnung, dass Menschen, die hier Schutz suchen, unsere religi\u00f6sen Gef\u00fchle derart mit F\u00fcssen treten.\u00bb<br \/>\n&#8230;<br \/>\nTrotz des Vorfalls betont das Kloster Einsiedeln seine Mission, ein Ort des Friedens und der Vers\u00f6hnung zu sein. Am Sonntagabend, dem 17. November, wird das Rosenkranzgebet in der Gnadenkapelle besonders gestaltet, um ein Zeichen der Andacht und Gemeinschaft zu setzen.<br \/>\n&#8230; Alles vom 17.11.2024 bitte lesen auf<br \/>\n<a href=\"https:\/\/www.tagesanzeiger.ch\/schwarze-madonna-von-einsiedeln-beschaedigt-270567282978\">https:\/\/www.tagesanzeiger.ch\/schwarze-madonna-von-einsiedeln-beschaedigt-270567282978<\/a><br \/>\n.<br \/>\n.<br \/>\n<strong>(2) Sch\u00e4ndung der Schwarzen Madonna von Einsiedeln durch afghanischen Asylbewerber: Helfen wirklich nur Gebete? Oder sollten wir auch einen Gedanken an die Asylpolitik verschwenden?<\/strong><br \/>\nDie Schlagzeilen schockieren: \u00abAsylbewerber aus Afghanistan entkleidet Schwarze Madonna\u00bb schreibt das St. Galler Tagblatt. \u00abAngriff auf Heiligtum an Wallfahrtsort: Verwirrter Asylbewerber setzt sich Krone der Schwarzen Madonna auf\u00bb berichtet die Aargauer Zeitung. \u00abVerwirrter Teenager zieht die Schwarze Madonna aus\u00bb meldet der Bote der Urschweiz.<br \/>\n&#8230;<br \/>\nObwohl die Hintergr\u00fcnde und Motive der Tat noch nicht bekannt sind, wussten einzelne Medien wie Nau.ch bereits: \u00abEine politische oder religi\u00f6se Motivation wird ausgeschlossen.\u00bb<br \/>\nImmerhin musste der Afghane eigens ins Kloster Einsiedeln reisen, eigens in die Gnadenkapelle marschieren, eigens das Gnadenbild Unserer Lieben Frau von Einsiedeln aufsuchen, damit er sie sch\u00e4nden konnte. So rasch im Vorbeigehen tut man so etwas nicht, mag man auch noch so \u00abverwirrt\u00bb sein. Oder m\u00fcssen wir davon ausgehen, dass es sich um einen Nachahmungst\u00e4ter einer gewissen GLP-Politikerin handelte, die \u00e4hnlich medienwirksam auf ein Bild einer Muttergottes mit Jesuskind geschossen hatte? Wir wissen es nicht. Doch ob Gebete und Verschweigen wirklich helfen? Oder sollten wir vielleicht auch einen Gedanken an unsere Asylpolitik verschwenden?<br \/>\n&#8230; Alles vom 18.11.2024 von Philipp Gut bitte lesen auf<br \/>\n<a href=\"https:\/\/weltwoche.ch\/daily\/schaendung-der-schwarzen-madonna-von-einsiedeln-durch-afghanischen-asylbewerber-helfen-wirklich-nur-gebete-oder-sollten-wir-auch-einen-gedanken-an-die-asylpolitik-verschwenden\/\">https:\/\/weltwoche.ch\/daily\/schaendung-der-schwarzen-madonna-von-einsiedeln-durch-afghanischen-asylbewerber-helfen-wirklich-nur-gebete-oder-sollten-wir-auch-einen-gedanken-an-die-asylpolitik-verschwenden\/<\/a><br \/>\n.<br \/>\n.<br \/>\n<strong>(3) Einsiedeln: Afghanischer Asylant sch\u00e4ndet viel verehrtes Gnadenbild der Gottesmutter<\/strong><br \/>\n&#8230; Der Vorfall ist Teil einer zunehmenden Welle von Blasphemie, besonders gegen Symbole des katholischen Glaubens. Derartige Vorf\u00e4lle werden durch gezielte, als Kunst getarnte Propaganda angeheizt. So etwa durch das blasphemische St\u00fcck \u201eSancta\u201c.<br \/>\n<a href=\"https:\/\/philosophia-perennis.com\/2024\/10\/11\/uebelstes-katholiken-bashing-protest-aktion-gegen-blasphemie-an-der-oper-stuttgart\/\">https:\/\/philosophia-perennis.com\/2024\/10\/11\/uebelstes-katholiken-bashing-protest-aktion-gegen-blasphemie-an-der-oper-stuttgart\/<\/a><br \/>\n&#8230;<br \/>\nOb da Tr\u00e4nen und Gebete f\u00fcr die T\u00e4ter sowie politisch korrekte Beschwichtigungsversuche alleine ausreichend sind, wage ich freilich zu bezweifeln. Ein wenig mehr wehrhafter Katholizismus w\u00e4re tats\u00e4chlich in der gegenw\u00e4rtigen Lage angebracht.<br \/>\n&#8230; Alles vom 18.11.2024 von David Berger bitte lesen auf<br \/>\n<a href=\"https:\/\/philosophia-perennis.com\/2024\/11\/18\/einsiedeln-afghanischer-asylant-schaendet-viel-verehrtes-gnadenbild-der-gottesmutter\/\">https:\/\/philosophia-perennis.com\/2024\/11\/18\/einsiedeln-afghanischer-asylant-schaendet-viel-verehrtes-gnadenbild-der-gottesmutter\/<\/a><br \/>\n.<br \/>\n<a href=\"https:\/\/philosophia-perennis.com\/2024\/11\/19\/schockierende-aufnahmen-vom-anschlag-auf-schwarze-madonna\/\">https:\/\/philosophia-perennis.com\/2024\/11\/19\/schockierende-aufnahmen-vom-anschlag-auf-schwarze-madonna\/<\/a><br \/>\n.<br \/>\nEinige Kommentare:<br \/>\nEs werden noch einige Kirchen &#8222;brennen&#8220; in Europa. Wundert sich da jemand dr\u00fcber? Die Heiligen werden aus ihrer Schockstarre gar nicht mehr heraus kommen. Schon der alte Goethe wu\u00dfte: &#8222;Die ich rief, die Geister &#8211; werd ich nicht mehr los&#8230;&#8220; Monika Ebner<br \/>\n.<br \/>\nDas ist schon wieder bezeichnend f\u00fcr solche Vorf\u00e4lle: die Gl\u00e4ubigen sind entsetzt und ersch\u00fcttert wenn sowas passiert. Und was tun sie? Nichts, au\u00dfer &#8222;ersch\u00fcttert und traurig&#8220; zugucken &#8211; und beten nat\u00fcrlich, fromm und vor allem friedlich beten. Es wird sicher wieder zu Betroffenheits-Rosenkr\u00e4nzen, m\u00f6glicherweise auch -Gottesdiensten aufgerufen, damit die T\u00e4ter, denen man in passiver Gottergebenheit zuguckt, irgendwie von selbst drauf kommen, dass man sowas nicht tun sollte. Was mich hier ersch\u00fcttert ist eher das j\u00e4mmerliche Bild, das dieser &#8222;Katholizismus&#8220; abgibt mit einem in den letzten Jahrzehnten eingeschliffenen Verhalten, das genau solche Vorkommnisse wohl eher selbst provoziert. Meines Erachtens ist so eine Einstellung alles andere als &#8222;katholisch&#8220;. Auch das &#8222;Kloster&#8220; zeigt kein Zeichen der Emp\u00f6rung, d\u00fcrfte damit aber wohl kaum in der Linie des Ordensgr\u00fcnders oder ber\u00fchmter Abk\u00f6mmlinge der Religionsgemeinschaft stehen. Jeanne<br \/>\n.<br \/>\nWenn 200 schockierte Gl\u00e4ubige solche Tat zulassen, ohne gegen den angeblich 17- j\u00e4hrigen sozialen Schutzsucher bei dieser Tat vorzugehen und einzugreifen, dann stimmt aber offensichtlich nichts mehr, in dieser scheinbar frommen Welt. Herbert R.<br \/>\n.<br \/>\nDas hat mich am meisten ersch\u00fcttert dass 200 Gl\u00e4ubige , darunter sicher auch einige wehrhafte M\u00e4nner und der Pfarrer und seine Helfer , scheinbar in Schockstarre gefallen sind, und ersch\u00fcttert und traurig geschaut haben, was der djihadist macht. .Nur einige h\u00e4tten sich auf ihn st\u00fcrzen m\u00fcssen ,um ihn mit Gewalt zu zwingen, sich hinzuknien ,bis die Polizei kommen. Nau.ch kann man getrost schreiben, selbstverst\u00e4ndlich war das eine politische Tat, f\u00fcr seinen Allah. Er hat eindeutig gezeigt, was er vom Christentum im Namen des islam\/Quran h\u00e4lt, und wie er sich gl\u00e4ubiger Moslem Afghane die Zukunft in der Schweiz vorstellt. Das war ebenfalls ein Zeichen der Dankbarkeit aus islamischer Sicht, dass er in der Schweiz &#8222;Gastfreundschaft&#8220; genie\u00dfen darf, was f\u00fcr ihn selbstverst\u00e4ndlich ist. Dass das Kloster ihn in seine Gebete mit einbeschlie\u00dft, kann ich verstehen, wenn das Christen machen aber leider wird er mit 17 Jahren ohne Strafe mit Sozialstunden davon kommen, wenn das Schweizer System wie das Deutsche arbeitet und von einer Migrationsindustrie als Opfer behandelt. Es hat den Anschein, als ob die Kirchenbesucher immer noch glauben, dass diese Migranten Schutz-Suchende sind. Nein wir und alle Europ\u00e4er sind Schutz-Suchende, den wir nicht mehr finden, egal wo wir suchen, au\u00dfer in Ungarn und sonstigen Visegrad L\u00e4ndern. Ilse El Khaloui<br \/>\n.<br \/>\n.<br \/>\n<strong>(4) Schockierende Aufnahmen eines muslimischen AsylMigranten aus Afghanistan<\/strong><br \/>\nThomas Aeschi. Schockierende Aufnahmen eines muslimischen #AsylMigranten aus Afghanistan, der die #SchwarzeMadonna in der #Klosterkirche #Einsiedeln gewaltsam entkleidet und ihre Krone stiehlt. Jetzt die @SVP-Initiative \u00abAsylmissbrauch stoppen! (#Grenzschutzinitiative)\u00bb unterschreiben!<br \/>\nDer moslemische Kirchensch\u00e4nder aus Afghanistan steht auf dem Altar, entkleidet das Gnadenbild und setzt sich selbst die Krone der Gottesmutter auf<br \/>\n18.11.2024<br \/>\n<a href=\"https:\/\/x.com\/thomas_aeschi\/status\/1858602748360671495\">https:\/\/x.com\/thomas_aeschi\/status\/1858602748360671495<\/a><br \/>\n.<\/p>\n<p><strong>(5) Die Sch\u00e4ndung von Einsiedeln<\/strong><br \/>\n<strong>Von Gottlosigkeit, Migration und einer entmannten Kirche<\/strong><br \/>\nAm Samstagnachmittag kam es in der Gnadenkapelle des Klosters Einsiedeln, eines der bedeutendsten Marienwallfahrtsorte Europas, zu einem schwerwiegenden Vorfall. Ein Afghane, der sich als Asylwerber in der Schweiz aufh\u00e4lt, drang w\u00e4hrend einer Me\u00dffeier in der Kirche in die Gnadenkapelle ein, in das \u201eHaus der Mutter\u201c, das sich inmitten der Kirche der ber\u00fchmten Benediktinerabtei befindet, stieg dort auf den Altar zum Gnadenbild hinauf, entkleidete die festlich gewandete Marienstatue, besch\u00e4digte diese dabei und nahm der Gottesmutter die Krone ab. Diese setzte sich der schamlose Migrant selbst auf den Kopf. Die Szene wurde von schockierten anwesenden Gl\u00e4ubigen gefilmt. Wo aber waren die beherzten M\u00e4nner, um das Schlimmste zu verhindern? Was lehrt uns diese Tat \u00fcber die Migrations-Agenda der Globalisten und auch von Papst Franziskus?<br \/>\n.<br \/>\nDie Fakten wurden genannt. Die Medien berichteten eifrig. Ebenso eifrig aber waren viele von ihnen auf Knopfdruck bem\u00fcht, den skandal\u00f6sen Vorfall als Tat eines \u201everwirrten jungen Mannes\u201c hinzustellen. Ganz nach dem Motto: Hier gibt es nichts zu sehen, gehen Sie weiter. Die Polizei nahm den T\u00e4ter in Gewahrsam und brachte ihn zu Untersuchungen in eine psychiatrische Einrichtung im benachbarten Kanton Z\u00fcrich. Ende der Geschichte. Zur Tagesordnung \u00fcbergehen. Wirklich?<br \/>\nWas l\u00e4\u00dft sich aus alldem folgern? Die Medien machen eine Nachricht erst bekannt. Sie schildern die Details eines Tathergangs, doch sobald ein Migrant als T\u00e4ter ins Spiel kommt, wird reflexartig eine bestimmte Taste gedr\u00fcckt. Dann hei\u00dft es: Die Motive seien unklar, man wisse nichts dar\u00fcber. Und obwohl man angeblich nichts wei\u00df, wissen diese Medien ganz genau, da\u00df der migrantische T\u00e4ter automatisch \u201everwirrt\u201c ist und damit nicht zurechnungsf\u00e4hig. Dieses Medienspiel ist ein Spiel der Desinformation. Den B\u00fcrgern wird Sand in die Augen gestreut, weil das Handeln der Akteure von Ideologie diktiert ist. Es werden vorgefertigte Schablonen angesetzt, in die eine Tat gezw\u00e4ngt wird. Es geht um eine A\u2011priori-Entlastung von Angreifern, wenn sie \u201eMigranten\u201c, \u201eAsylanten\u201c \u201eFl\u00fcchtlinge\u201c sind. So lehrt es uns eine bestimmte Politik, so trommelt es der derzeitige Papst, seit er in Rom den Thron bestiegen hat: Ein Migrant sei ein besserer Mensch. Er verdiene immer Schonung. Er sei rundum gut. Schuld mu\u00df demnach immer bei anderen, den Einheimischen, gesucht werden. Wer wei\u00df, was den \u201everwirrten jungen Mann\u201c aus Afghanistan \u201everwirrt\u201c hat, da\u00df er eines der bedeutendsten Marienheiligt\u00fcmer gesch\u00e4ndet hat? So h\u00f6rt man es zwischen den Zeilen heraus. Das ist die Botschaft. So will es dieses Narrativ. Immer wegschauen. Immer die Schuld woanders suchen. Immer eine Ausrede zur Hand.<br \/>\n.<br \/>\nDas Gnadenbild der Einsiedler Madonna mit Kind war 1947 vom Apostolischen Nuntius feierlich gekr\u00f6nt worden. Papst Pius XII. hatte diesem Wunsch der Benediktiner und der frommen Schweizer entsprochen. Da spielte viel Dankbarkeit mit, da\u00df die Schweiz vor den Katastrophen des Zweiten Weltkrieges verschont geblieben ist. Mehr als 50.000 Menschen versammelten sich bei der Zeremonie, um die festliche Kr\u00f6nung ihrer Gottesmutter, der K\u00f6nigin des Himmels, zu erleben. Es gen\u00fcgt die zeitgen\u00f6ssischen Berichte zu lesen, um eine Ahnung von der gro\u00dfen Ehrfurcht, dem starken religi\u00f6sen Gemeinschaftsgef\u00fchl in der Schweiz und auch den Freudentr\u00e4nen zu gewinnen, die damals geflossen sind.<br \/>\nIm Jahr 2024 wurde dies alles wortw\u00f6rtlich mit den F\u00fc\u00dfen getreten, von einem Moslem, der nicht verwirrt war, um entschlossen und zielstrebig Tausende von Kilometern zur\u00fcckzulegen, um ausgerechnet in die Schweiz zu gelangen, die ihm irgendwer offenbar als \u201eParadies auf Erden\u201c verkauft hatte. Er soll aber pl\u00f6tzlich \u201everwirrt\u201c gewesen sein, als er die kostbarste Mariendarstellung der Christenheit in der Schweiz sch\u00e4ndete.<br \/>\nFakt ist, da\u00df ein Moslem sich an der Gottesmutter vergangen hat, dargestellt durch das Gnadenbild Unserer Lieben Frau von Einsiedeln. Zu diesem Gnadenbild pilgern die Gl\u00e4ubigen seit \u00fcber tausend Jahren, voller Hoffnung, beladen mit ihren Anliegen, um Maria zu verehren und um sie um ihre F\u00fcrsprache zu bitten. Fakt ist, da\u00df der T\u00e4ter sein Asylrecht sp\u00e4testens mit dieser Tat verwirkt haben sollte. Fakt ist, da\u00df die Information zu Migration und Migranten auch in der Schweiz korrumpiert ist, indem die Tatsachen hinter einem ideologischen Schleier versteckt werden, weil nicht sein kann, was nicht sein darf. Fakt ist, da\u00df die ma\u00dflose Migrations-Agenda von Papst Franziskus und einiger Kirchenm\u00e4nner am Samstag von dem afghanischen Migranten mit F\u00fc\u00dfen getreten wurde. Der afghanische T\u00e4ter schlug den anwesenden Gl\u00e4ubigen und den Europ\u00e4ern insgesamt die Wirklichkeit ins Gesicht, knallhart, unges\u00fc\u00dft und schonungslos.<br \/>\nWird Papst Franziskus, werden die Pr\u00e4laten der Migrations-Agenda zur Kenntnis nehmen, sich zumindest ein klein wenig anr\u00fchren lassen von dem Schock und dem Schmerz, den viele Gl\u00e4ubige dabei empfinden, wenn das, was ihnen am kostbarsten, am heiligsten ist, von Fremden, Andersgl\u00e4ubigen, Heiden mit F\u00fc\u00dfen getreten wird?<br \/>\nDa stellt sich auch die Frage an die Gl\u00e4ubigen selbst. Wo sind die M\u00e4nner, die in einem solchen Moment gegen einen solchen Angriff auf die Gottesmutter beherzt einschreiten? Wo waren die M\u00e4nner, um diesen blasphemischen Afghanen sofort vom Altar zu holen, noch bevor er Hand an die Gottesmutter legen konnte? Auch an diesem Beispiel zeigt sich, wie wehrlos die Kirche gemacht wurde. Wie sehr man sie eingeschl\u00e4fert und entmannt hat. Der \u201eneutrale\u201c Staat soll eingreifen. Ein etatistisches und sozialistisches Denken wurde uns \u00fcbergest\u00fclpt. Die Tat geschah aber auf Kirchenboden, auf heiligem Boden sogar, denn das ist die Gnadenkapelle und erst recht der Altar. Ihn hat der sch\u00e4ndliche Angreifer auch gesch\u00e4ndet, was von den Medien in ihrer religi\u00f6sen Unkenntnis nicht verstanden und daher nicht berichtet wurde.<br \/>\n&#8230; Alles vom 19.11.2024 von Guiseppe Nardi bitte lesen auf<br \/>\n<a href=\"https:\/\/katholisches.info\/2024\/11\/19\/die-schaendung-von-einsiedeln\/\">https:\/\/katholisches.info\/2024\/11\/19\/die-schaendung-von-einsiedeln\/<\/a><\/p>\n<p>&nbsp;<\/p>\n","protected":false},"excerpt":{"rendered":"<p>Ein 17-j\u00e4hriger Migrant aus Afghanistan hat am 17.11.2024 gegen 15 Uhr auf das Gnadenbild der Schwarzen Madonna von Einsiedeln\/Schweiz eingeschlagen, die Ehrenkleidung und die Krone abgerissen und sich letztere aufgesetzt (1). Die ca 200 in der ber\u00fchmten Klosterkirche anwesenden Gl\u00e4ubigen &hellip; <a href=\"https:\/\/www.freiburg-schwarzwald.de\/blog\/einsiedeln-madonna-anschlag\/\">Weiterlesen <span class=\"meta-nav\">&rarr;<\/span><\/a><\/p>\n","protected":false},"author":2,"featured_media":0,"comment_status":"open","ping_status":"closed","sticky":false,"template":"","format":"standard","meta":{"footnotes":""},"categories":[210,155,261,89,63,19],"tags":[775,672,732,421,765,503],"class_list":["post-128483","post","type-post","status-publish","format-standard","hentry","category-gewalt","category-integration","category-katholisch","category-kirchen","category-krise","category-religion","tag-christ","tag-fluechtling","tag-gewalt","tag-islam","tag-kath","tag-church"],"_links":{"self":[{"href":"https:\/\/www.freiburg-schwarzwald.de\/blog\/wp-json\/wp\/v2\/posts\/128483","targetHints":{"allow":["GET"]}}],"collection":[{"href":"https:\/\/www.freiburg-schwarzwald.de\/blog\/wp-json\/wp\/v2\/posts"}],"about":[{"href":"https:\/\/www.freiburg-schwarzwald.de\/blog\/wp-json\/wp\/v2\/types\/post"}],"author":[{"embeddable":true,"href":"https:\/\/www.freiburg-schwarzwald.de\/blog\/wp-json\/wp\/v2\/users\/2"}],"replies":[{"embeddable":true,"href":"https:\/\/www.freiburg-schwarzwald.de\/blog\/wp-json\/wp\/v2\/comments?post=128483"}],"version-history":[{"count":5,"href":"https:\/\/www.freiburg-schwarzwald.de\/blog\/wp-json\/wp\/v2\/posts\/128483\/revisions"}],"predecessor-version":[{"id":128494,"href":"https:\/\/www.freiburg-schwarzwald.de\/blog\/wp-json\/wp\/v2\/posts\/128483\/revisions\/128494"}],"wp:attachment":[{"href":"https:\/\/www.freiburg-schwarzwald.de\/blog\/wp-json\/wp\/v2\/media?parent=128483"}],"wp:term":[{"taxonomy":"category","embeddable":true,"href":"https:\/\/www.freiburg-schwarzwald.de\/blog\/wp-json\/wp\/v2\/categories?post=128483"},{"taxonomy":"post_tag","embeddable":true,"href":"https:\/\/www.freiburg-schwarzwald.de\/blog\/wp-json\/wp\/v2\/tags?post=128483"}],"curies":[{"name":"wp","href":"https:\/\/api.w.org\/{rel}","templated":true}]}}