{"id":128463,"date":"2024-11-18T18:43:58","date_gmt":"2024-11-18T17:43:58","guid":{"rendered":"https:\/\/www.freiburg-schwarzwald.de\/blog\/?p=128463"},"modified":"2024-11-24T16:09:12","modified_gmt":"2024-11-24T15:09:12","slug":"biden-ok-zu-atamacs-raketen","status":"publish","type":"post","link":"https:\/\/www.freiburg-schwarzwald.de\/blog\/biden-ok-zu-atamacs-raketen\/","title":{"rendered":"Biden OK zu ATAMACS-Raketen"},"content":{"rendered":"<p>\u201eThe Military Industrial Complex seems to want to make sure they get World War 3 going before my father has a chance to create peace and save lives. Gotta lock in those $Trillions. Life be damned!!! Imbeciles!\u201c Also &#8222;Der milit\u00e4risch-industrielle Komplex scheint den Dritten Weltkrieg starten zu wollen, <!--more-->noch bevor mein Vater die Chance hat, Frieden zu schaffen. Verdammte Schwachk\u00f6pfe!&#8220; So <a href=\"https:\/\/www.freiburg-schwarzwald.de\/blog\/global\/usa\/trump\/\">Trumps<\/a> Sohn auf<br \/>\n<a href=\"https:\/\/x.com\/DonaldJTrumpJr\/status\/1858242971373637784\">https:\/\/x.com\/DonaldJTrumpJr\/status\/1858242971373637784<\/a><br \/>\nzur \u00fcberraschenden Entscheidung von Pr\u00e4sident <a href=\"https:\/\/www.freiburg-schwarzwald.de\/blog\/global\/usa\/biden\/\">Biden<\/a>, f\u00fcr die <a href=\"https:\/\/www.freiburg-schwarzwald.de\/blog\/global\/ukraine\/ukrainekrieg\/\">Ukraine<\/a> ATAMACS-Raketen freizugeben, die weit in <a href=\"https:\/\/www.freiburg-schwarzwald.de\/blog\/global\/russland\/\">russisches Gebiet<\/a> schie\u00dfen k\u00f6nnen.<br \/>\n.<br \/>\nDamit ignoriert Biden die bisherige Gepflogenheit, da\u00df der abgew\u00e4hlte US-Pr\u00e4sident mit seinem <a href=\"https:\/\/www.freiburg-schwarzwald.de\/blog\/global\/usa\/usa-trump\/\">gew\u00e4hlten Nachfolger<\/a> w\u00e4hrend der \u00dcbergangsphase im konsultativen Austausch steht &#8211; vor allem in einer Frage, die zum 3. Weltkrieg f\u00fchren kann. Die Aufregung ist gro\u00df. So schl\u00e4gt in den USA ein Ex-US-Sicherheitsberater Alarm: &#8222;Biden muss abgesetzt werden&#8220; (3).<\/p>\n<p>Die Freigabe reichweitenstarker Raketen, die vom ukrainischen Grenzgebiet aus bis 300 km nach Russland hinein zielen, macht auch in D Sorge und Angst.<br \/>\nAngst macht, da\u00df nur die Oppositionsparteien <a href=\"https:\/\/www.freiburg-schwarzwald.de\/blog\/engagement\/zukunft\/demokratie\/links\/wagenknecht\/\">BSW<\/a>, <a href=\"https:\/\/www.freiburg-schwarzwald.de\/blog\/vereine\/partei\/afd\/afd-opposition\/\">AfD<\/a> und <a href=\"https:\/\/www.freiburg-schwarzwald.de\/blog\/vereine\/partei\/cdu\/werteunion\/\">WerteUnion<\/a> gegen diese Waffenlieferungen sind.<br \/>\nAngst macht, da\u00df CDU, Gr\u00fcne und FDP nun sogar Taurus-Raketen liefern wollen, deren 500 km-Reichweite bis Moskau reicht und die von den US-St\u00fctzpunkten Wiesbaden bzw. <a href=\"https:\/\/www.freiburg-schwarzwald.de\/blog\/global\/usa\/ramstein\/\">Ramstein<\/a> aus gesteuert werden. <em><strong>Ex-General Harald Kujat fordert Friedrich Merz in einem beeindruckenden Video dringend auf, vom &#8222;Kriegseintritt Deutschlands&#8220; per Taurus-Zustimmung Abstand zu nehmen (4).<\/strong><\/em><br \/>\nAngst macht, da\u00df es in Deutschland kaum Proteste gegen diese weitere Eskalation des Krieges gibt &#8211; weder in den Strassen noch in den Medien.<br \/>\nAngst macht, da\u00df die <a href=\"https:\/\/www.freiburg-schwarzwald.de\/blog\/engagement\/zukunft\/frieden\/friedensbewegung2-0\/\">Friedensbewegung<\/a> auch jetzt lautstark schweigt.<\/p>\n<p>Es bleibt die Hoffnung, da\u00df Bundeskanzler Olaf Scholz (SPD) bei seiner Weigerung der Taurus-Lieferung bleibt und nicht dem Berliner <a href=\"https:\/\/www.freiburg-schwarzwald.de\/blog\/engagement\/zukunft\/krieg\/bellizismus\/\">Bellizismus<\/a> nachgibt. Scholz m\u00f6ge sich erinnern an Helmut Schmid (SPD), der sich gegen den Eintritt Deutschlands in den Irak-Krieg ausgesprochen hat. Und an Willy Brandt (SPD) mit seiner <a href=\"https:\/\/www.freiburg-schwarzwald.de\/blog\/engagement\/zukunft\/demokratie\/entspannungspolitik\/\">Entspannungspolitik<\/a> &#8222;Wir wollen ein Volk der guten Nachbarn sein&#8220;, die heute mehr denn je gilt.<br \/>\n18.11.2024<br \/>\n.<br \/>\nEnde von Beitrag &#8222;Biden OK zu ATAMACS-Raketen&#8220;<br \/>\n==========================================================<br \/>\nBeginn von Anlagen (1) &#8211; (4)<br \/>\n.<\/p>\n<p><strong>(1) Dann Gnade uns Gott \u2013 Der abgew\u00e4hlte US-Pr\u00e4sident Joe Biden eskaliert den Ukrainekrieg<\/strong><br \/>\n&#8230;<br \/>\nATACMS steht f\u00fcr Army Tactical Missile Systems \u2013 Raketensysteme, die in ihrer Wirkung und Reichweite mit britischen \u201eStorm Shadow\u201c und deutschen &#8222;Taurus&#8220;-Marschflugk\u00f6rpern vergleichbar sind.<br \/>\nBidens Entscheidung soll innerhalb seines Stabs umstritten sein. Wieder die New York Times schreibt dazu: \u201cMr. Biden\u2019s decision is a major change in U.S. policy. The choice has divided his advisers, and his shift comes two months before President-elect Donald J. Trump takes office, having vowed to limit further support for Ukraine.\u201d<br \/>\n\u00dcbersetzt hei\u00dft das, seine Berater sollen unterschiedlicher Auffassung gewesen sein. Aber wie passt das mit der Tatsache zusammen, dass der designierte Pr\u00e4sident Donald Trump angek\u00fcndigt hatte, eine weitere Unterst\u00fctzung f\u00fcr die Ukraine zu begrenzen? Die Mehrheit der W\u00e4hler in den USA ist sich bewusst, das <em><strong>Biden seinen Nachfolger damit vor den Kopf gesto\u00dfen hat.<\/strong><\/em> Biden selbst sieht in seiner Entscheidung keine Gef\u00e4hrdung von NATO-Territorium. Noch vor Monaten sah er das anders.<\/p>\n<p>Woher aber der pl\u00f6tzliche Sinneswandel? Bisher gab es eine Reihe unterschiedliche Begr\u00fcndungen der Biden-Administration, den Einsatz dieser reichenweitenstarken Systeme nicht zu genehmigen. Die Einw\u00e4nde reichten von der allgemeinen Annahme der Gefahr einer Eskalation bis dahin, dass Stimmen meinten, die USA sei selber nicht ausreichend mit solchen Systemen ausgestattet. Damit gef\u00e4hrde man die eigene Sicherheit.<br \/>\nEnde September hatten US-Geheimdienste <a href=\"https:\/\/www.nytimes.com\/2024\/09\/26\/us\/politics\/us-ukraine-strikes.html\">https:\/\/www.nytimes.com\/2024\/09\/26\/us\/politics\/us-ukraine-strikes.html<\/a> sogar noch einmal explizit davor gewarnt, den Einsatz von ATAMACS-Systemen zu genehmigen, Russland k\u00f6nne daraufhin auch milit\u00e4rische Anschl\u00e4ge gegen die USA in Erw\u00e4gung ziehen. Was wiederum automatisch den Nato-B\u00fcndnisfall ausl\u00f6sen w\u00fcrde.<br \/>\n&#8230; Alles vom 18.11.2024 bitte lesen auf<br \/>\n<a href=\"https:\/\/www.alexander-wallasch.de\/gesellschaft\/dann-gnade-uns-gott-der-abgewaehlte-us-praesident-joe-biden-eskaliert-den-ukrainekrieg\">https:\/\/www.alexander-wallasch.de\/gesellschaft\/dann-gnade-uns-gott-der-abgewaehlte-us-praesident-joe-biden-eskaliert-den-ukrainekrieg<\/a><br \/>\n.<br \/>\n.<br \/>\n<strong>(2) Ein Tag \u2013 Drei gro\u00dfe K\u00f6pfe: Maa\u00dfen, Patzelt und Vosgerau<\/strong><br \/>\nDrei Interview-Gespr\u00e4che und drei kritische Haltungen gegen\u00fcber der westlichen Politik im Ukrainekrieg. Die prominenten Gespr\u00e4chspartner betonen die Gefahren durch Eskalation und strategische Fehlentscheidungen im Ukrainekrieg.<br \/>\nDr. Maa\u00dfen fokussiert auf die CDU, die aus seiner Sicht Deutschland in eine gef\u00e4hrliche Lage bringt.<br \/>\nDr. Vosgerau beleuchtet m\u00f6gliche Risiken politischer Entscheidungen, die in einer Art Twilight Zone zwischen Abwahl und Neuwahl getroffen werden.<br \/>\nProf. Patzelt hingegen betrachtet die Problematik breiter und bewertet die Auswirkungen der politischen Schw\u00e4chen von Scholz und Biden auf die Stabilit\u00e4t westlicher Staaten. Gemeinsames Ziel scheint ein Ruf nach Kurskorrektur und Besinnung auf diplomatische L\u00f6sungen.<br \/>\n&#8230;. Alles vom 18.11.2024 bitte lesen auf<br \/>\n<a href=\"https:\/\/www.alexander-wallasch.de\/gesellschaft\/ein-tag-drei-grosse-koepfe-maassen-patzelt-und-vosgerau\">https:\/\/www.alexander-wallasch.de\/gesellschaft\/ein-tag-drei-grosse-koepfe-maassen-patzelt-und-vosgerau<\/a>.<br \/>\n.<br \/>\n.<br \/>\n<strong>(3) Ex-US-Sicherheitsberater schl\u00e4gt Alarm: Biden muss abgesetzt und vor Gericht gestellt werden<\/strong><br \/>\nDie Emp\u00f6rung \u00fcber Bidens Eskalation im Ukraine-Konflikt k\u00f6nnte kaum gr\u00f6\u00dfer sein. Jetzt hat sich ein ehemaliger Sicherheitsberater aus Trumps erster Amtszeit via X eingeschalten. Er warnt seine 1,8 Millionen Follower vor einem drohenden Weltkrieg.<br \/>\nVia X:<br \/>\nLast 24 hours Ukraine fired ATACMS into Russian territory\u2014a clear escalation of war. So what?<br \/>\n1. Harris should immediately invoke the 25th amendment and remove Biden\u2014he\u2019s sleepwalking us into WWIII. Let\u2019s at least put the constitutional pressure on Harris because Joe\u2019s poor memory make him unaccountable (see Special Counsel Hur report).<br \/>\n&#8230;<br \/>\nIn den letzten 24 Stunden hat die Ukraine ATACMS auf russisches Gebiet abgefeuert &#8211; eine klare Eskalation des Krieges. Was nun?<br \/>\n1. Harris sollte sich sofort auf den 25. Verfassungszusatz berufen und Biden absetzen &#8211; er f\u00fchrt uns schlafwandlerisch in den Dritten Weltkrieg. Lassen Sie uns zumindest den verfassungsrechtlichen Druck auf Harris aus\u00fcben, denn Joes schlechtes Ged\u00e4chtnis macht ihn unzurechnungsf\u00e4hig (siehe Bericht des Sonderberaters Hur).<br \/>\n&#8230; Alles vom 20.11.2024 bitte lesen auf<br \/>\n<a href=\"https:\/\/www.alexander-wallasch.de\/gesellschaft\/ex-us-sicherheitsberater-schlaegt-alarm-biden-muss-abgesetzt-und-vor-gericht-gestellt-werden\">https:\/\/www.alexander-wallasch.de\/gesellschaft\/ex-us-sicherheitsberater-schlaegt-alarm-biden-muss-abgesetzt-und-vor-gericht-gestellt-werden<\/a><\/p>\n<p>.<\/p>\n<p><strong>(4) General Harald Kujat gegen Merz und Taurus<\/strong><br \/>\nEx-Bundeswehrgeneral Harald Kujat ist entsetzt \u00fcber die Forderung von Friedrich Merz (CDU), nach Biden&#8217;s Entscheidung nun auch deutsche Taurus-Raketen an die Ukraine zu liefern. Denn Einsatz, Planung und Steuerung dieser Langstreckenwaffen ist nur m\u00f6glich, wenn sie von Deutschland bzw. der Bundeswehr \u00fcbernommen wird. Das bedeutet: Aus der indirekten Kriegsbeteiligung in den Ukrainekrieg wird eine direkte Kriegsbeteiligung &#8211; Deutschlands Kriegseintritt gegen Russland. <em><strong>&#8222;Wer das nicht versteht, der darf kein politisches Amt in Deutschland \u00fcbernehmen&#8220;<\/strong> <\/em>&#8211; Kujat fordert den CDU-Kanzlerkandidaten dringend zur \u00c4nderung seiner Taurus-Zustimmung auf.<br \/>\n23.11.2024, <a href=\"https:\/\/t.me\/EvaHermanOffiziell\/180790\">https:\/\/t.me\/EvaHermanOffiziell\/180790<\/a><br \/>\n.<br \/>\n<em>Harald Kujat ist ein deutscher General a. D. der Luftwaffe. Er war von 2000 bis 2002 als 13. Generalinspekteur der Bundeswehr der rangh\u00f6chste Offizier der Bundeswehr und von 2002 bis 2005 Vorsitzender des NATO-Milit\u00e4rausschusses<br \/>\n.<br \/>\n.<br \/>\n<\/em><strong>(5) K\u00f6ppel interviewt Kujat: &#8222;Wir waren noch nie so nah an einem Dritten Weltkrieg\u00bb: Nato-General Harald Kujat zur Lage<\/strong><br \/>\nRoger K\u00f6ppel interviewt Harald Kujat , 104 min<br \/>\n&#8230; Alles vom 21.11.2024 bitte lesen auf<br \/>\n<a href=\"https:\/\/weltwoche.de\/daily\/wir-waren-noch-nie-so-nah-an-einem-dritten-weltkrieg-nato-general-harald-kujat-zur-lage\/\">https:\/\/weltwoche.de\/daily\/wir-waren-noch-nie-so-nah-an-einem-dritten-weltkrieg-nato-general-harald-kujat-zur-lage\/<\/a><\/p>\n<p>Einige Zitate von Kujat:<br \/>\n&#8222;Im Kalten Krieg sprach Helmut Schmidt von &#8222;Die Vorhersehbarkeit des politischen Handelns&#8220; zum direkten Telefon Moskau-Washington. Diese ist nicht mehr gegeben&#8220;<br \/>\n&#8222;Biden verneinte die Raketenlieferung mehrfach mit dem Hinweis, da\u00df er damit einen 3. Weltkrieg verhindern wolle. Dies ist nun nicht mehr der Fall. Im Hinblick auf diese Aussage von Biden sind wir dramatisch nahe an einem 3.Weltkrieg&#8220;.<\/p>\n<p>&#8222;Was bewog die Amerikaner? es ist die Frustration dar\u00fcber, da\u00df das Kriegsziel der Schw\u00e4chung Russlands nicht erreicht worden ist. &#8220;<br \/>\n&#8222;In dieser brandgef\u00e4hrlichen Situation m\u00fcssen wir auf Putin hoffen, da\u00df er ma\u00dfvoll reagiert. Und auf Trump, da\u00df er Biden&#8217;s Entscheidung r\u00fcckg\u00e4ngig macht&#8220;<br \/>\n&#8222;<em><strong>Die R\u00fccksichtslosigkeit der USA gegen\u00fcber Europa ist gro\u00df<\/strong><\/em>. Europa ist der Kriegsschauplatz und nicht die USA hinter den Ozeanen&#8220;<br \/>\n&#8222;Scholz, Theamer und Macron wurden \u00fcberrascht von Biden, sie waren nicht eingeweiht&#8220;.<br \/>\n&#8222;Scholz reagierte duckm\u00e4userisch. Er m\u00fcsste gegen\u00fcber Biden laut protestieren. Es ist nicht im deutschen Interesse.&#8220;<br \/>\n&#8222;Wir haben \u00fcberhaupt keine Kriegsbeendigungsstrategie in Europa. &#8220;<\/p>\n<p>&nbsp;<\/p>\n","protected":false},"excerpt":{"rendered":"<p>\u201eThe Military Industrial Complex seems to want to make sure they get World War 3 going before my father has a chance to create peace and save lives. Gotta lock in those $Trillions. Life be damned!!! Imbeciles!\u201c Also &#8222;Der milit\u00e4risch-industrielle &hellip; <a href=\"https:\/\/www.freiburg-schwarzwald.de\/blog\/biden-ok-zu-atamacs-raketen\/\">Weiterlesen <span class=\"meta-nav\">&rarr;<\/span><\/a><\/p>\n","protected":false},"author":2,"featured_media":0,"comment_status":"open","ping_status":"closed","sticky":false,"template":"","format":"standard","meta":{"footnotes":""},"categories":[195,14],"tags":[667,785,796,705],"class_list":["post-128463","post","type-post","status-publish","format-standard","hentry","category-eu","category-global","tag-krieg","tag-nato","tag-ukraine","tag-usa"],"_links":{"self":[{"href":"https:\/\/www.freiburg-schwarzwald.de\/blog\/wp-json\/wp\/v2\/posts\/128463","targetHints":{"allow":["GET"]}}],"collection":[{"href":"https:\/\/www.freiburg-schwarzwald.de\/blog\/wp-json\/wp\/v2\/posts"}],"about":[{"href":"https:\/\/www.freiburg-schwarzwald.de\/blog\/wp-json\/wp\/v2\/types\/post"}],"author":[{"embeddable":true,"href":"https:\/\/www.freiburg-schwarzwald.de\/blog\/wp-json\/wp\/v2\/users\/2"}],"replies":[{"embeddable":true,"href":"https:\/\/www.freiburg-schwarzwald.de\/blog\/wp-json\/wp\/v2\/comments?post=128463"}],"version-history":[{"count":5,"href":"https:\/\/www.freiburg-schwarzwald.de\/blog\/wp-json\/wp\/v2\/posts\/128463\/revisions"}],"predecessor-version":[{"id":128777,"href":"https:\/\/www.freiburg-schwarzwald.de\/blog\/wp-json\/wp\/v2\/posts\/128463\/revisions\/128777"}],"wp:attachment":[{"href":"https:\/\/www.freiburg-schwarzwald.de\/blog\/wp-json\/wp\/v2\/media?parent=128463"}],"wp:term":[{"taxonomy":"category","embeddable":true,"href":"https:\/\/www.freiburg-schwarzwald.de\/blog\/wp-json\/wp\/v2\/categories?post=128463"},{"taxonomy":"post_tag","embeddable":true,"href":"https:\/\/www.freiburg-schwarzwald.de\/blog\/wp-json\/wp\/v2\/tags?post=128463"}],"curies":[{"name":"wp","href":"https:\/\/api.w.org\/{rel}","templated":true}]}}