{"id":128420,"date":"2024-11-17T17:21:33","date_gmt":"2024-11-17T16:21:33","guid":{"rendered":"https:\/\/www.freiburg-schwarzwald.de\/blog\/?p=128420"},"modified":"2026-02-01T13:12:24","modified_gmt":"2026-02-01T12:12:24","slug":"schwachkopf-hausdurchsuchung","status":"publish","type":"post","link":"https:\/\/www.freiburg-schwarzwald.de\/blog\/schwachkopf-hausdurchsuchung\/","title":{"rendered":"Schwachkopf Hausdurchsuchung"},"content":{"rendered":"<p>Der Albtraum eines jeden B\u00fcrgers: Morgens um 6.15 Uhr l\u00e4utet es und die <a href=\"https:\/\/www.freiburg-schwarzwald.de\/blog\/selbsthilfe\/soziales\/justiz\/polizei\/\">Polizei<\/a> dr\u00e4ngt in die <a href=\"https:\/\/www.freiburg-schwarzwald.de\/blog\/business\/dienste\/immobilien\/wohnen\/\">Wohnung<\/a> zur <a href=\"https:\/\/www.freiburg-schwarzwald.de\/blog\/selbsthilfe\/soziales\/justiz\/polizei\/hausdurchsuchung\/\">Hausdurchsuchung<\/a>. Der 64-j\u00e4hrige Rentner Stefan Niehoff hatte auf X ein Bild geteilt, das ein <a href=\"https:\/\/www.freiburg-schwarzwald.de\/blog\/kultur\/kunst\/satire\/\">satirisches<\/a> Meme \u201eSchwachkopf Professionell\u201c (in Abwandlung der Shampoo-Marke Schwarzkopf) zeigt (1),<br \/>\n<!--more-->darunter ein Bild von <a href=\"https:\/\/www.freiburg-schwarzwald.de\/blog\/engagement\/zukunft\/demokratie\/ampel\/ampel-ende\/\">Robert Habeck<\/a>. Der Bundeswirtschaftsministers selbst hatte dazu einen Strafantrag beantragt \u2013 wegen Beleidigung (2). Der Rentner hatte zudem nicht selbst eine Beleidigung ausgesprochen, sondern nur eine angeblich solche retweetet. Im Beisein der Tochter mit <a href=\"https:\/\/www.freiburg-schwarzwald.de\/blog\/selbsthilfe\/behinderung\/down-syndrom\/\">Downsyndrom<\/a> nahm die Polizei dem Vater das Tablet weg.\u00a0 Beide im Schlafanzug. Wer sich auskennt, wei\u00df, was dieses Verhalten mit einem Kind mit <a href=\"https:\/\/www.freiburg-schwarzwald.de\/blog\/selbsthilfe\/behinderung\/\">Handicap<\/a> ausmacht.<br \/>\n.<br \/>\nErst im Nachhinein schiebt die Staatsanwaltschaft der Beleidigung zus\u00e4tzlich noch den Vorwurf der <a href=\"https:\/\/www.freiburg-schwarzwald.de\/blog\/kultur\/medien\/meinungsfreiheit\/volksverhetzung\/\">Volksverhetzung<\/a> nach (3,4). Dieser hat mit dem Hausdurchsuchungsbefehl jedoch nichts zu tun und scheint nach Aussagen der Medien an den Haaren herbeigezogen..<br \/>\nFragen \u00fcber Fragen:<br \/>\n&#8211; <a href=\"https:\/\/www.freiburg-schwarzwald.de\/blog\/business\/handel\/buchhandel\/buchladen\/\">Dagmar Dagen<\/a> aus <a href=\"https:\/\/www.freiburg-schwarzwald.de\/blog\/global\/deutschland\/dresden\/\">Dresden<\/a> verweist in der Sonntagsrunde <a href=\"https:\/\/kontrafunk.radio\/de\/sendung-nachhoeren\/politik-und-zeitgeschehen\/die-sonntagsrunde\/die-sonntagsrunde-mit-burkhard-mueller-ullrich-beleidigter-robert\">https:\/\/kontrafunk.radio\/de\/sendung-nachhoeren\/politik-und-zeitgeschehen\/die-sonntagsrunde\/die-sonntagsrunde-mit-burkhard-mueller-ullrich-beleidigter-robert<\/a>\u00a0 auf die polizeilichen Angriffe auf die Kultur des Volkswitzes in der DDR: Je schlechter die Lage ist, umso breiter die Flucht in Humor und Witz, \u00fcber die man lachen konnte. Soll nun in der BRD das Lachen verboten werden?<br \/>\n&#8211; Der Widerhall in den Medien ist gro\u00df. Greift nun das Streisand-Paradoxon hinsichtlich der Assoziationen mit &#8222;Schwachkopf&#8220;?<br \/>\n&#8211; Die unangek\u00fcndigte Hausdurchsuchung ist ein tiefer Eingriff in das im Grundgesetz verbriefte Recht auf Unversehrtheit der eigenen Wohnung. Gilt dieses nicht mehr?17.11.2024<br \/>\nNachtrag:<br \/>\n<em><strong>Film \u201eSchwachkopf-Aff\u00e4re\u201c<\/strong><\/em>: Portr\u00e4t \u00fcber die Familie hinter dem Skandal<br \/>\nEin liebevolles Portr\u00e4t \u00fcber die Familie &#8211; anschauen lohnt sich (siehe (6) unten).<br \/>\n<a href=\"https:\/\/www.youtube.com\/watch?v=2xvAFT-7jJo\">https:\/\/www.youtube.com\/watch?v=2xvAFT-7jJo<\/a><br \/>\n.<br \/>\n<a href=\"https:\/\/www.freiburg-schwarzwald.de\/blog\/kultur\/medien\/beleidigung\/\">OK f\u00fcr Nazischlampe \u2013 Hausdurchsuchung f\u00fcr Schwachkopf<\/a>\u00a0(19.10.2025)<br \/>\n.<br \/>\nEnde von Beitrag \u201cSchwachkopf Hausdurchsuchung&#8220;<br \/>\n==================================================<br \/>\nBeginn von Anlagen (1) -(7)<br \/>\n.<br \/>\nEsteban Cortez &#8211; Meinungsdelikt (&#8230;dann bist Du dran)<br \/>\n<a href=\"https:\/\/www.youtube.com\/watch?v=zXmJfIs-EIQ\">https:\/\/www.youtube.com\/watch?v=zXmJfIs-EIQ<\/a><\/p>\n<p><a href=\"https:\/\/www.freiburg-schwarzwald.de\/blog\/engagement\/zukunft\/demokratie\/gewaltenteilung\/judikative\/\">Gericht verbietet \u201eSchwachkopf\u201c-Rentner das Reden<\/a>\u00a0(5.6.2025)<\/p>\n<p><a href=\"https:\/\/www.freiburg-schwarzwald.de\/blog\/schwachkopf-affaere-niehoff-tot\/\">\u00a0Schwachkopf-Aff\u00e4re: Niehoff tot<\/a>\u00a0(1.2.2026)<\/p>\n<div id=\"attachment_134298\" style=\"width: 650px\" class=\"wp-caption alignnone\"><a href=\"https:\/\/www.freiburg-schwarzwald.de\/blog\/wp-content\/uploads\/2024\/11\/schwachkopf-niehoff-pan250519.jpg\"><img loading=\"lazy\" decoding=\"async\" aria-describedby=\"caption-attachment-134298\" class=\"size-full wp-image-134298\" src=\"https:\/\/www.freiburg-schwarzwald.de\/blog\/wp-content\/uploads\/2024\/11\/schwachkopf-niehoff-pan250519.jpg\" alt=\"\" width=\"640\" height=\"358\" srcset=\"https:\/\/www.freiburg-schwarzwald.de\/blog\/wp-content\/uploads\/2024\/11\/schwachkopf-niehoff-pan250519.jpg 640w, https:\/\/www.freiburg-schwarzwald.de\/blog\/wp-content\/uploads\/2024\/11\/schwachkopf-niehoff-pan250519-180x101.jpg 180w\" sizes=\"auto, (max-width: 640px) 100vw, 640px\" \/><\/a><p id=\"caption-attachment-134298\" class=\"wp-caption-text\">Schwachkopf-Skandal: Familie Niehoff mit Vater, Mutter und Tochter sowie Filmregisseur 5\/2025<\/p><\/div>\n<p><strong>(1) Ein Habeck-Meme artet zum Kampf \u00fcber die Deutungshoheit aus<\/strong><br \/>\n\u2026 Zitat: \u201eDem Tatverd\u00e4chtigen wird vorgeworfen, im Fr\u00fchjahr \/ Sommer 2024 auf der Internetplattform \u201aX\u2018 eine Bilddatei hochgeladen zu haben, die eine Portr\u00e4taufnahme des Bundeswirtschaftsministers Dr. Robert Habeck mit dem an den Werbeauftritt der Fa. Schwarzkopf angelehnten Schriftzug \u201aSchwachkopf PROFESSIONAL\u2018 zeigt. Durch Herrn Dr. Habeck wurde Strafantrag gestellt. Wegen des Tatverdachts einer gegen Personen des politischen Lebens gerichteten Beleidigung gem. \u00a7\u00a7 185, 188, 194 StGB erfolgte am vergangenen Dienstag, 12.11.2024, eine richterlich angeordnete Durchsuchung der Wohnung des Beschuldigten durch Polizeibeamte der Kriminalpolizei Schweinfurt. Hierbei konnte ein Tablet des Beschuldigten sichergestellt werden.\u201c<br \/>\nDie Staatsanwaltschaft best\u00e4tigt also exakt das, was die freien Medien von Anfang an so geschrieben haben: Robert Habeck hat einen Strafantrag gestellt und die Hausdurchsuchung fand aufgrund der Beleidigung des Bundeswirtschaftsministers statt.<br \/>\n\u2026 Alles vom 15.11.2024 bitte lesen auf<br \/>\n<a href=\"https:\/\/www.tichyseinblick.de\/feuilleton\/medien\/habeck-meme\/\">https:\/\/www.tichyseinblick.de\/feuilleton\/medien\/habeck-meme\/<\/a><br \/>\n.<\/p>\n<p><strong>(2) Rentner Stefan Niehoff: 6.15 Uhr Polizei mit Hausdurchsuchung<\/strong><br \/>\nRobert Habeck will ihn fertig machen. Aber er l\u00e4sst sich nicht einsch\u00fcchtern! Exklusiv bei #NIUS spricht Stefan Niehoff, der Habeck als #Schwachkopf bezeichnete und deswegen von der Polizei geweckt wurde. Er sagt \u00fcber die Hausdurchsuchung: \u201eMeine Tochter hat Downsyndrom. Die war fix und fertig.\u201c Und: \u201eHat der Habeck nix Besseres zu tun in dem Land? Meiner Meinung nach hat er schon genug Schaden angerichtet. Und jetzt hat er Zeit, auf die B\u00fcrger loszugehen, die ihm kritisch gegen\u00fcber stehen.\u201c<br \/>\n15.11.2024,<br \/>\n<a href=\"https:\/\/x.com\/jreichelt\/status\/1857398654241239213\">https:\/\/x.com\/jreichelt\/status\/1857398654241239213<\/a><br \/>\n.<\/p>\n<p><strong>(3) Staatsanwaltschaft best\u00e4tigt Razzia nur wegen \u201eSchwachkopf\u201c \u2013 und ermittelt zus\u00e4tzlich wegen Volksverhetzung<\/strong><br \/>\nDie Razzia fand wegen des Retweets eines satirischen Bilds von Habeck mit dem an den Werbeauftritt der Firma Schwarzkopf angelehnten Schriftzug \u201eSchwachkopf PROFESSIONAL\u201c statt. Wegen dieses \u201eTatverdachts einer gegen Personen des politischen Lebens gerichteten Beleidigung gem. \u00a7\u00a7 185, 188, 194 StGB erfolgte am vergangenen Dienstag, 12.11.2024, eine richterlich angeordnete Durchsuchung der Wohnung des Beschuldigten durch Polizeibeamte der Kriminalpolizei Schweinfurt. Hierbei konnte ein Tablet des Beschuldigten sichergestellt werden\u201c, hei\u00dft es in der Pressemitteilung.<br \/>\nZudem ma\u00df das Landeskriminalamt Bayern dem Fall einen vermeintlich antisemitischen Bezug bei \u2013 ohne n\u00e4her darauf einzugehen. Schlie\u00dflich fand die Durchsuchung am Aktionstag des Bundeskriminalamtes gegen antisemitische Hasspostings im Internet statt. Nun hei\u00dft es in der Pressemitteilung, dass gegen Herrn Niehoff auch der \u201eAnfangsverdacht einer Volksverhetzung\u201c besteht. Doch dieser ist eben nicht als Grund f\u00fcr die Razzia aufgef\u00fchrt, weder explizit in der Pressemitteilung noch im Durchsuchungsbeschluss.<br \/>\nAuch der Volksverhetzungsvorwurf selbst scheint dabei sehr konstruiert \u2013 und irref\u00fchrend vonseiten der Staatsanwaltschaft<br \/>\n\u2026 Alles vom 15.11.224 bitte lesen auf<br \/>\n<a href=\"https:\/\/apollo-news.net\/staatsanwaltschaft-bestaetigt-razzia-nur-wegen-schwachkopf-und-ermittelt-zusaetzlich-wegen-volksverhetzung\/\">https:\/\/apollo-news.net\/staatsanwaltschaft-bestaetigt-razzia-nur-wegen-schwachkopf-und-ermittelt-zusaetzlich-wegen-volksverhetzung\/<\/a><\/p>\n<p><strong>(4) \u201eMassive Unstimmigkeiten\u201c: Die dubiose Rolle der Staatsanwaltschaft in der \u201eSchwachkopf\u201c-Aff\u00e4re<\/strong><br \/>\n\u201eDas ist ein mehr als fragliches Vorgehen\u201c, erkl\u00e4rt der Rechtsanwalt Walther Wegner bez\u00fcglich der \u201eSchwachkopf\u201c-Aff\u00e4re. Wegner kritisiert die Beh\u00f6rden: Der Durchsuchungsbeschluss nach der Habeck-Anzeige besteht nur \u201eaus pauschalen Behauptungen\u201c \u2013 und wirft Fragen auf.<br \/>\n\u2026<br \/>\nDie Durchsuchung durch das Landeskriminalamt fand im Rahmen eines Aktionstages gegen antisemitischen Hass im Internet statt \u2013 doch darum ging es in Niehoffs Fall gar nicht, wie der Durchsuchungsbeschluss zeigt. In der Pressemitteilung behauptete die Staatsanwaltschaft dann, dass gegen den 64-J\u00e4hrigen zudem der \u201eAnfangsverdacht einer Volksverhetzung\u201c bestehe<br \/>\n\u2026 Alles vom 16.11.2024 bitte lesen auf<br \/>\n<a href=\"https:\/\/apollo-news.net\/massive-unstimmigkeiten-die-dubiose-rolle-der-staatsanwaltschaft-in-der-schwachkopf-affaere\/\">https:\/\/apollo-news.net\/massive-unstimmigkeiten-die-dubiose-rolle-der-staatsanwaltschaft-in-der-schwachkopf-affaere\/<\/a><br \/>\n.<br \/>\n<a href=\"https:\/\/apollo-news.net\/vizekanzler-laesst-rentner-wegen-witz-jagen-dieser-vorgang-zeigt-habecks-wahren-charakter\/\">https:\/\/apollo-news.net\/vizekanzler-laesst-rentner-wegen-witz-jagen-dieser-vorgang-zeigt-habecks-wahren-charakter\/<\/a><\/p>\n<p><a href=\"https:\/\/apollo-news.net\/hausdurchsuchung-aber-was-ziehe-ich-an\/\">https:\/\/apollo-news.net\/hausdurchsuchung-aber-was-ziehe-ich-an\/<\/a>.<br \/>\n.<br \/>\n.<br \/>\n<strong>(5) Auf die Hausdurchsuchung folgen die Fake News<\/strong><br \/>\n<strong>Schwachkopfgate<\/strong><br \/>\nRobert Habeck behauptet bei \u201eBerlin direkt\u201c, dass die Hausdurchsuchung bei Stefan Niehoff vornehmlich auf antisemitische und rassistische \u00c4u\u00dferungen zur\u00fcckgehe. Eigentlich ein Grund, um den Minister anzuzeigen. Braucht es einen Volksverh\u00f6hnungsparagrafen?<br \/>\n&#8230;<br \/>\nSo oder so w\u00e4re es zur Hausdurchsuchung gekommen. Doch das Gegenteil ist der Fall. Die Kausalkette, die von einem simplen Retweet zur Hausdurchsuchung f\u00fchrte, ist ohne den Strafantrag des Ministers nicht denkbar.<br \/>\nDas zu leugnen, hie\u00dfe die Realit\u00e4t zu leugnen; das ist eine Sportart, bei der zahlreiche Aktivisten, Journalisten und Politiker seit Jahren mitmachen. Leider hat sich in dem Milieu die Weisheit von Jean-Claude Juncker durchgesetzt, dass man l\u00fcgen m\u00fcsse, wenn es denn ernst wird.<br \/>\nDie Dreistigkeit, mit der die Unwahrheit in der Verteidigungslinie linker Argumentation derzeit bem\u00fcht wird, kennt keine Schamgrenzen. Mittlerweile verbreitet sich das Argument, dass die Durchsuchung gar nichts mit dem \u201eSchwachkopf\u201c-Meme zu tun habe, und einzig wegen Antisemitismus und Volksverhetzung durchgef\u00fchrt worden sei. Habecks Statement hat solchen akrobatischen Verrenkungen im Kampf gegen Wahrheit und Meinungsfreiheit den fruchtbaren Boden bereitet.<br \/>\nDie Konsequenzen liegen auf der Hand: Wenn ein \u201eSchwachkopf\u201c-Meme, das nicht einmal erstellt, sondern nur verbreitet wurde, die Staatsanwaltschaft auf den Plan ruft, dann hat Deutschland ein Problem. Das hei\u00dft nicht X, Elon Musk, Donald Trump oder AfD. Das hei\u00dft schlichtweg Robert Habeck. Er h\u00e4tte die M\u00f6glichkeit besessen, sich bei Berlin direkt schockiert zu zeigen. Dass derlei nicht in einem Rechtsstaat vorkommen d\u00fcrfte.<br \/>\n&#8230; Alles vom 18.11.2024 bitte lesen auf<br \/>\n<a href=\"https:\/\/www.tichyseinblick.de\/feuilleton\/medien\/habeck-hausdurchsuchung-verleumdung-fake-news\/\">https:\/\/www.tichyseinblick.de\/feuilleton\/medien\/habeck-hausdurchsuchung-verleumdung-fake-news\/<\/a><\/p>\n<p>.<br \/>\n<strong>(6) Film \u201eSchwachkopf-Aff\u00e4re\u201c: Portr\u00e4t \u00fcber die Familie hinter dem Skandal<\/strong><br \/>\nRoadmovie \u00fcber die \u201eSchwachkopf-Aff\u00e4re\u201c<br \/>\n<em>Der Film \u201eSchwachkopf-Aff\u00e4re\u201c zeichnet ein liebevolles Portr\u00e4t \u00fcber die Familie hinter dem Skandal. Ohne Anklage und erhobenen Zeigefinger werden umso wirkungsvoller Recht und Unrecht dargestellt.<br \/>\n<a href=\"https:\/\/www.youtube.com\/watch?v=2xvAFT-7jJo\">https:\/\/www.youtube.com\/watch?v=2xvAFT-7jJo<\/a><\/em>\u00a0 <em>Film 42 min<br \/>\n<\/em><br \/>\nIm vergangenen Herbst schockierte der sogenannte \u201eSchwachkopf\u201c-Skandal die Republik: Der 64-j\u00e4hrige fr\u00e4nkische Rentner Stefan Niehoff kassierte eine Hausdurchsuchung und den Einzug seines Tablets, weil er im Juni 2024 eine Karikatur, die den damaligen Wirtschaftsminister aufs Korn nahm, auf X retweetet hatte: Ein Foto Robert Habecks und darunter das bekannte Logo der Firma \u201eSchwarzkopf Professional\u201c, umgewandelt in \u201eSchwachkopf Professional\u201c, waren auf dem Meme zu sehen. Habeck erstattete Strafantrag. Der Vorwurf des Durchsuchungsbeschlusses: Volksverhetzung. Ein riesiges Medien-Echo machte den Fall zum Skandal, der Robert Habeck im gerade begonnen Wahlkampf schlecht zu Gesicht stand: Denn der sympathische Stefan Niehoff lebt mit seiner Frau und der erwachsenen Tochter mit Down-Syndrom zusammen, f\u00fcr die der Polizeibesuch im Morgengrauen einen besonderen Schock bedeutete.<br \/>\nWenige Tage nach der Hausdurchsuchung hie\u00df es in einer Pressemitteilung der Staatsanwaltschaft Bamberg, dass wegen weiterer Postings \u201eweiterhin der Anfangsverdacht einer Volksverhetzung\u201c gegen Niehoff best\u00fcnde. Beim Habeck-Meme handele es sich um eine \u201egegen eine Person des politischen Lebens gerichtete Beleidigung gem\u00e4\u00df \u00a7\u00a7 185, 188 Abs. 1, 194 Strafgesetzbuch\u201c. Mitte April wurde dann bekannt, dass Niehoff zwar nicht wegen des \u201eSchwachkopf\u201c-Memes strafrechtlich belangt werden w\u00fcrde, aber daf\u00fcr wegen mehrerer Beitr\u00e4ge mit verfassungswidrigen Symbolen und Volksverhetzung eine Geldstrafe zahlen m\u00fcsse. Gegen diesen Strafbefehl legte Niehoff Einspruch ein, sodass der Fall vor Gericht verhandelt werden wird (Achgut berichtete).<br \/>\nGestern feierte der Film \u201eSchwachkopf-Aff\u00e4re\u201c <a href=\"https:\/\/www.youtube.com\/watch?v=2xvAFT-7jJo\">https:\/\/www.youtube.com\/watch?v=2xvAFT-7jJo<\/a> (42 min) von Alexander Tuschinski Premiere, der einen v\u00f6llig anderen, pers\u00f6nlicheren Blick auf diesen medial viel bespielten Skandal wirft. Dem unabh\u00e4ngigen Filmemacher ist mit dieser Produktion ein kleines Meisterwerk gelungen: Jenseits der gro\u00dfen politischen Aufregung hat er einen gem\u00fctlichen, l\u00e4ssigen, kreativen, unverkrampften, liebevollen und angenehm improvisiert wirkenden Film \u00fcber die Familie Niehoff geschaffen. Und f\u00fchrt damit wirkungsvoll die Strafverfolgung des Familienvaters ad absurdum.<br \/>\n&#8230; Alles vom 17.5.2025 von Ulrike Stockmann bitte lesen auf<br \/>\n<a href=\"https:\/\/www.achgut.com\/artikel\/roadmovie_ueber_die_schwachkopf_affaere\">https:\/\/www.achgut.com\/artikel\/roadmovie_ueber_die_schwachkopf_affaere<\/a><\/p>\n<p>Film \u201eSchwachkopf-Aff\u00e4re\u201c(42 min)<br \/>\nvon Alexander Tuschinski<br \/>\n\u201c <a href=\"https:\/\/www.youtube.com\/watch?v=2xvAFT-7jJo\">https:\/\/www.youtube.com\/watch?v=2xvAFT-7jJo<\/a><\/p>\n<p>Einige Kommentare:<br \/>\nSch\u00f6ner Film \u00fcber diese sympathische Familie. Alles Gute f\u00fcr Familie Niehoff. BS38<br \/>\n.<br \/>\nBesser als mit dieser Geschichte der Familie Niehoff kann man Hrn. HABECK nicht zeigen, wie sehr er als Minister &#8222;vergessen&#8220; hat, f\u00fcr WEN er im Bundestag Verantwortung \u00fcbernommen hat. Hut ab Fam. Niehoff, f\u00fcr so viel Familiensinn, f\u00fcr soviel Verantwortung f\u00fcreinander, f\u00fcr so viel Liebe. Ich arbeite im Kindergarten und bin genau auf solche starken Familien angewiesen. 18.5.2025,vogelnest<br \/>\n:<br \/>\nDer Film ist voller Poesie, und die Musikauswahl mit dem alten Plattenspieler war eine tolle Idee. Die \u201eMainstream\u201c-Darstellung ab Minute 38, genial. Sie zeigte, wie Propaganda funktioniert. Es ist ein kleines St\u00fcck deutscher Geschichte, gesehen durch die Augen eines Menschen, dem diese vergessenen Menschen am Herzen liegen. Respekt, Herr Tuschinski. Danke! Hele.<br \/>\n.<br \/>\nSehr geehrter Herr Tuschinski. Danke f\u00fcr dieses historische Dokument aus der Zeitqualit\u00e4t einer beginnenden Tyrannei. Die (aus meiner Sicht! offenbare Verwirrung) des ehemaligen Bundeswirtschaftsministers kann hier als &#8222;typisches&#8220; Beispiel dienen, wenn man in ein paar Jahrzehnten in den Geschichtsb\u00fcchern st\u00f6bert und sich fragt, wie diese irrsinnige Zeit m\u00f6glich war. Gerade in Anbetracht der deutschen Historie vor diesen neuen Verwerfungen. Andreas Popp.<br \/>\n.<br \/>\nDanke fuer diese Doku. Eine wunderbare Familie und ich freue mich, dass es der Familie Niehoff gut geht. Das hat mich damals sehr empoert, dass es wegen so einer Lapalie eine Hausdurchsuchung gab. Konnte es nicht fassen, aber ich wusste schon lange, dass wir in einer Zeit leben, die mich stark an das erinnert, worueber meine Verwandten nach dem Krieg sprachen und froh waren, dass sie diese Zeit hinter sich hatten.<br \/>\nIch bin alt genug um mich noch an die Bombennaechte im Bunker meiner Heimatstadt Stuttgart zu erinnern. Nie im Leben haette ich gedacht, dass solche Zeiten wieder kommen wuerden, wo man jedes Wort auf die Goldwaage legen muss. Meine Verwandten wuerden sich alle im Grab umdrehen, wenn sie sehen koennten was heute los ist auf der Welt.<br \/>\nAlles Gute Familie Niehoff, seien Sie stolz auf ihren Papa. Ein aufrichtiger Mann mit gesundem Menschenverstand und guten Werten. Gruesse aus Australien. amaryllis<br \/>\n.<br \/>\n&#8230;geniale Einblendung ab min 38:40&#8230;.so arbeiten die (noch) gro\u00dfen Medien wirklich, immer das gleiche Schema, bravo f\u00fcr diesen anschaulichen Kontrast. Vielleicht verstehen es ja mal ein paar mehr, wie \u00fcber die Farben und Einstellungen u div. verbalen Einf\u00e4rbungen, manipuliert wird.<br \/>\nDieser herzlichen Familie und auch Ihnen vielen Dank. Lasst uns die Welt sch\u00f6ner machen Momo<br \/>\nEnde Kommentare<br \/>\n.<br \/>\n.<\/p>\n<p><strong>(7) Schwachkopf &#8211; Film<br \/>\n<\/strong>Um 6.15 Uhr l\u00e4utet es am Haus der Familie des 64-j\u00e4hrigen Rentners Stefan Niehoff und die Polizei f\u00fchrt eine Hausdurchsuchung durch bei Herrn, Frau und Tochter Niehoff. Alleiniger Grund laut Durchsuchungsbefehl: Stefan Niehoff hat auf X ein Bild geteilt, das ein satirisches Meme \u201eSchwachkopf Professionell\u201c (in Abwandlung der Shampoo-Marke Schwarzkopf) zeigt, darunter ein Bild von Bundeswirtschaftsminister Habeck.<br \/>\nErst im Nachhinein schiebt die Staatsanwaltschaft dem Vorwurf der Beleidigung zus\u00e4tzlich noch den Vorwurf der Volksverhetzung nach wegen eines lange zur\u00fcckliegenden Posts. Dieser hat mit dem Hausdurchsuchungsbefehl jedoch nichts zu tun und scheint nach Aussagen der Medien an den Haaren herbeigezogen, nachdem der Schwachkopf-Skandal zu einem so gro\u00dfen Wirbel in den Medien gef\u00fchrt hatte.<br \/>\nDer Blick hinter die \u201eSchwachkopf-Aff\u00e4re\u201c: Wie ein Dokumentarfilm den Kampf um unsere Meinungsfreiheit auf die Alltagsebene hebt!<br \/>\n<a href=\"https:\/\/www.youtube.com\/watch?v=2xvAFT-7jJo\">https:\/\/www.youtube.com\/watch?v=2xvAFT-7jJo<\/a><br \/>\n&#8230; Alles vom 19.5.2025 bitte lesen auf<br \/>\n<a href=\"https:\/\/www.riehle-news.de\/der-blick-hinter-die-schwachkopf-affaere-wie-ein-dokumentarfilm-den-kampf-um-unsere-meinungsfreiheit-auf-die-alltagsebene-hebt\/\">https:\/\/www.riehle-news.de\/der-blick-hinter-die-schwachkopf-affaere-wie-ein-dokumentarfilm-den-kampf-um-unsere-meinungsfreiheit-auf-die-alltagsebene-hebt\/<\/a><br \/>\noder<br \/>\n<a href=\"https:\/\/philosophia-perennis.com\/2025\/05\/20\/der-blick-hinter-die-schwachkopf-affaere\/\">https:\/\/philosophia-perennis.com\/2025\/05\/20\/der-blick-hinter-die-schwachkopf-affaere\/<\/a><br \/>\n<a href=\"https:\/\/x.com\/A_Tuschinski\">https:\/\/x.com\/A_Tuschinski<\/a><\/p>\n","protected":false},"excerpt":{"rendered":"<p>Der Albtraum eines jeden B\u00fcrgers: Morgens um 6.15 Uhr l\u00e4utet es und die Polizei dr\u00e4ngt in die Wohnung zur Hausdurchsuchung. Der 64-j\u00e4hrige Rentner Stefan Niehoff hatte auf X ein Bild geteilt, das ein satirisches Meme \u201eSchwachkopf Professionell\u201c (in Abwandlung der &hellip; <a href=\"https:\/\/www.freiburg-schwarzwald.de\/blog\/schwachkopf-hausdurchsuchung\/\">Weiterlesen <span class=\"meta-nav\">&rarr;<\/span><\/a><\/p>\n","protected":false},"author":2,"featured_media":0,"comment_status":"open","ping_status":"closed","sticky":false,"template":"","format":"standard","meta":{"footnotes":""},"categories":[58,371,13,9],"tags":[766,682,405,92],"class_list":["post-128420","post","type-post","status-publish","format-standard","hentry","category-familie","category-justiz","category-kultur","category-soziales","tag-buerger","tag-freiheit","tag-polizei","tag-wohnformen"],"_links":{"self":[{"href":"https:\/\/www.freiburg-schwarzwald.de\/blog\/wp-json\/wp\/v2\/posts\/128420","targetHints":{"allow":["GET"]}}],"collection":[{"href":"https:\/\/www.freiburg-schwarzwald.de\/blog\/wp-json\/wp\/v2\/posts"}],"about":[{"href":"https:\/\/www.freiburg-schwarzwald.de\/blog\/wp-json\/wp\/v2\/types\/post"}],"author":[{"embeddable":true,"href":"https:\/\/www.freiburg-schwarzwald.de\/blog\/wp-json\/wp\/v2\/users\/2"}],"replies":[{"embeddable":true,"href":"https:\/\/www.freiburg-schwarzwald.de\/blog\/wp-json\/wp\/v2\/comments?post=128420"}],"version-history":[{"count":5,"href":"https:\/\/www.freiburg-schwarzwald.de\/blog\/wp-json\/wp\/v2\/posts\/128420\/revisions"}],"predecessor-version":[{"id":145075,"href":"https:\/\/www.freiburg-schwarzwald.de\/blog\/wp-json\/wp\/v2\/posts\/128420\/revisions\/145075"}],"wp:attachment":[{"href":"https:\/\/www.freiburg-schwarzwald.de\/blog\/wp-json\/wp\/v2\/media?parent=128420"}],"wp:term":[{"taxonomy":"category","embeddable":true,"href":"https:\/\/www.freiburg-schwarzwald.de\/blog\/wp-json\/wp\/v2\/categories?post=128420"},{"taxonomy":"post_tag","embeddable":true,"href":"https:\/\/www.freiburg-schwarzwald.de\/blog\/wp-json\/wp\/v2\/tags?post=128420"}],"curies":[{"name":"wp","href":"https:\/\/api.w.org\/{rel}","templated":true}]}}