{"id":128372,"date":"2024-11-16T12:41:21","date_gmt":"2024-11-16T11:41:21","guid":{"rendered":"https:\/\/www.freiburg-schwarzwald.de\/blog\/?p=128372"},"modified":"2024-11-16T18:17:17","modified_gmt":"2024-11-16T17:17:17","slug":"israel-from-the-river-to-the-sea","status":"publish","type":"post","link":"https:\/\/www.freiburg-schwarzwald.de\/blog\/israel-from-the-river-to-the-sea\/","title":{"rendered":"Israel: From the river to the sea"},"content":{"rendered":"<p>Professor Ralf Michaels, Direktor des Max-Planck-Instituts f\u00fcr ausl\u00e4ndisches und internationales Privatrecht in Hamburg, vertritt die Meinung (1), da\u00df der Slogan <em>&#8222;Palestine free &#8211; from the river to the sea&#8220;<\/em> nicht beinhalten mu\u00df, da\u00df <a href=\"https:\/\/www.freiburg-schwarzwald.de\/blog\/global\/israel\/israel-hamas\/\">Israel<\/a> vom <em>&#8222;river&#8220;<\/em> Jordan bis zur <em>&#8222;sea&#8220;<\/em> Mittelmeer ausgel\u00f6scht werden soll, <!--more-->sondern da\u00df vielmehr \u201eDemokratie und Gleichberechtigung in dem ganzen Land\u201c verwirklicht werden soll. Der \u00dcberfall der <a href=\"https:\/\/www.freiburg-schwarzwald.de\/blog\/global\/deutschland\/deutschland-hamas\/\">Hamas<\/a> auf Israel am <a href=\"https:\/\/www.freiburg-schwarzwald.de\/blog\/global\/israel\/israel7-10-2023\/\">7. Oktober 2023<\/a> dient laut Michaels demnach der <a href=\"https:\/\/www.freiburg-schwarzwald.de\/blog\/engagement\/zukunft\/demokratie\/\">Demokratisierung<\/a>. Das Interview im DLF kann man hier h\u00f6ren:<br \/>\n<a href=\"https:\/\/bilder.deutschlandfunk.de\/f0\/4a\/c9\/7f\/f04ac97f-4a38-4f76-97d9-5f73ff16e195\/240510-dlf-interview-ralf-michaels-100.pdf\">https:\/\/bilder.deutschlandfunk.de\/f0\/4a\/c9\/7f\/f04ac97f-4a38-4f76-97d9-5f73ff16e195\/240510-dlf-interview-ralf-michaels-100.pdf<\/a><br \/>\n.<br \/>\nIn Erg\u00e4nzung zu dieser furchtbaren <a href=\"https:\/\/www.freiburg-schwarzwald.de\/blog\/religion\/juden\/antisemitismus\/\">Antisemitismus<\/a>-Unlogik zitiert Henryk M. Broder (1) den Feuilletonisten Patrick Bahners <a href=\"https:\/\/x.com\/PBahners\/status\/1788825327503909115\">https:\/\/x.com\/PBahners\/status\/1788825327503909115<\/a>: &#8222;Es bedeutet ja auch nicht notwendig die \u201aAusl\u00f6schung\u2018 Israels. Es bedeutet zun\u00e4chst nur, dass ein sog. freies Pal\u00e4stina an die Stelle des heutigen Staates Israel treten soll. \u201aAusl\u00f6schung\u2018 suggeriert gewaltt\u00e4tige, sogar genozidale Mittel.\u201c<\/p>\n<p>Das ern\u00fcchternde Fazit von Broder: Im <a href=\"https:\/\/www.freiburg-schwarzwald.de\/blog\/global\/deutschland\/deutschland-juden\/\">Deutschland<\/a> des Jahres 2024 l\u00e4\u00dft sich ein &#8222;Massenmordversprechen so lange hin- und herwenden, bis es sich wie ein Friedensangebot anh\u00f6rt&#8220;.<br \/>\n17.11.2024<br \/>\n.<br \/>\nEnde von Beitrag &#8222;Israel: From the river to the sea&#8220;<br \/>\n=====================================================<br \/>\nBeginn von Anlagen (1) &#8211;<br \/>\n.<\/p>\n<p><strong>(1) Der Antisemitismus der klugen Kerls<\/strong><br \/>\n&#8230;<br \/>\nAm 10. Mai 2024 gab Ralf Michaels, Verfasser eines 2002 erschienenen Buches \u00fcber \u201eSachzuordnung durch Kaufvertrag\u201c und seit 2019 Direktor des Max-Planck-Instituts f\u00fcr ausl\u00e4ndisches und internationales Privatrecht in Hamburg, dem Deutschlandfunk ein Interview dar\u00fcber, wie Universit\u00e4ten \u201emit den Protesten und Demonstrationen gegen Israel umgehen\u201c sollten. Die Fragen stellte Thomas Armbr\u00fcster, ein langj\u00e4hriger Mitarbeiter des Deutschlandfunks. Sie k\u00f6nnen das Interview hier in voller L\u00e4nge nachlesen, ich will Sie nur auf zwei Stellen hinweisen, die besondere Aufmerksamkeit verdienen. Man werde dem Sachverhalt nicht gerecht, sagt Ralf Michaels, wenn man alle \u201eIsrael-bezogenen Parolen\u201c als \u201eantisemitisch und als gefa\u0308hrlich fu\u0308r Juden\u201c ansehe. Wenn jemand Free Palestine ruft, \u201edann kann man dazu so stehen oder so, aber Free Palestine bezieht sich zuna\u0308chst einmal nicht auf Juden in Deutschland\u201c.<br \/>\n&#8230;<br \/>\nAuf die Frage des Interviewers, was hinter diesem Spruch steht, ob man \u201eimplizieren\u201c k\u00f6nnte, \u201edass viele, die das rufen, meinen, Israel soll weg\u2026, und alle Israelis sollen das Land verlassen\u201c, antwortet der Direktor des Max-Planck-Instituts f\u00fcr ausl\u00e4ndisches und internationales Privatrecht, es sei \u201enicht richtig, dass das unbedingt hinter dem Spruch steht\u201c.<br \/>\n&#8230;<br \/>\nSpinnt man den von dem Fachmann f\u00fcr ausl\u00e4ndisches und internationales Privatrecht initiierten Gedanken weiter, mit der Parole \u201eFree Palestine\u201d sei gemeint, \u201edass Demokratie und Gleichberechtigung in dem ganzen Land erfolgen soll\u201c, stellt sich die Hamas-Operation vom 7. Oktober 2023 ganz anders da. Kein Blutbad, kein Pogrom, keine Generalprobe f\u00fcr die Befreiung Pal\u00e4stinas from the river to the sea, sondern ein Angebot an die israelische Seite, sich zusammenzusetzen, um \u00fcber die Verwirklichung von \u201eDemokratie und Gleichberechtigung in dem ganzen Land\u201c zu verhandeln. Leider wurde die Botschaft von den Israelis falsch verstanden, und auch in Deutschland kam es zu einer seltsamen \u201eFremdzuschreibung\u201c, die sich dar\u00fcber hinwegsetzte, \u201ewas die Protestierenden wirklich meinen mit ihren Spru\u0308chen\u201c.<br \/>\nAugust Bebel soll mal gesagt habe, der Antisemitismus sei \u201eder Sozialismus der dummen Kerls\u201c. Die \u201edummen Kerls\u201c von heute sind feingeistige Akademiker und penibel differenzierende Intellektuelle, die ein Massenmordversprechen so lange hin- und herwenden, bis es sich wie ein Friedensangebot anh\u00f6rt, frei von jeder \u201eFremdzuschreibung\u201c.<br \/>\n&#8230; Alles vom 16.11.2024 von Henryk M. Broder bitte lesen auf<br \/>\n<a href=\"https:\/\/www.achgut.com\/artikel\/der_antisemitismus_der_klugen_kerls\">https:\/\/www.achgut.com\/artikel\/der_antisemitismus_der_klugen_kerls<\/a><br \/>\n.<br \/>\nEinige Kommentare:<br \/>\nEs zeigt ganz deutlich, wie Teile unserer Gesellschaft verkommen sind. Durch und durch verkommen. Aber es zeigt auch die Richtigkeit des Zitates von Antoine de Saint-Exupery \u201cWenn Menschen gottlos werden, dann sind die Regierungen ratlos, L\u00fcgen grenzenlos, Schulden zahllos, Besprechungen ergebnislos; dann ist die Aufkl\u00e4rung hirnlos, sind Politiker charakterlos, Christen gebetlos, Kirchen kraftlos, V\u00f6lker friedlos, Sitten z\u00fcgellos, Mode schamlos, Verbrechen ma\u00dflos, Konferenzen endlos, Aussichten trostlos\u201d Chris Groll<br \/>\n.<br \/>\nEs ist bedenklich mit welcher Ignoranz Terroristen hier von sog. Intellektuellen verteidigt werden. Der Hass wird doch sichtbar in den vielen gewaltt\u00e4tigen \u00dcbergriffen auf Juden. Es ist so ersch\u00fctternd. In Berlin (und sicher nicht nur da) mit einer Kippa sich \u00f6ffentlich zu zeigen, birgt ein extrem hohes Risiko zu Schaden zu kommen. Das ist schon lange so und hat eindeutig mit dem muslimisch gepr\u00e4gten und islamisch gesch\u00fcrten Hass auf Juden zu tun. Den gilt es zu benennen und zu bek\u00e4mpfen. Stattdessen wird von den sog. Eliten seit Jahren sog. Islamphobie thematisiert und Kritik an den Auswirkungen auf Freiheit und Gesellschaft unterdr\u00fcckt. D.Wehleit<br \/>\n.<br \/>\nWas w\u00fcrde Herr Broder sagen, wenn die Muslime in Nordrhein-Westfalen \u2013 alle legal eingewandert oder \u201cgeduldet\u201d &#8211; mit Zustimmung der UNO dort einen Muslim-Staat ausrufen w\u00fcrden, als \u201cHeimstatt der Muslime in Europa\u201d? D\u00fcrfte dann die deutsche Obrigkeit dort einschreiten? Oder m\u00fcsste Restdeutschland das hinnehmen und die deutschen Fl\u00fcchtlinge, die nicht unter der Scharia leben wollen, friedlich aufnehmen? \u2013\u2013 Ich selbst bin 100 % pro Israel. Aber wer intellektuell argumentieren will, muss diese Frage beantworten k\u00f6nnen. Marcel Seiler<br \/>\n.<br \/>\nEin \u201cz\u00fcnftiges Sieg Heil\u201d ist demnach auch nicht der Ruf nach der \u201cEndl\u00f6sung\u201d, sondern das freundliche Angebot vom netten Professor von nebenan entweder sofort freiwillig das Land zu verlassen oder kostenlos seine Arbeitskraft im Vernichtungslager anzubieten. Wie sagt man in linken Kreisen: ein ganzer Blumenstrau\u00df an M\u00f6glichkeiten B.Ollo<br \/>\n.<br \/>\nWenn die j\u00fcdische Bev\u00f6lkerung aus Pal\u00e4stina verschwinden soll, soll dann auch die muslimische Bev\u00f6lkerung aus Europa verschwinden? Das w\u00e4re die faire Konsequenz f\u00fcr Schreih\u00e4lse auf Europas Stra\u00dfen. Ist der Westen so verlottert &#8211; was frage ich &#8211; dass er das nicht als Argument thematisiert und die Doppelmoral und das L\u00fcgen aus bestimmten Ecken einfach hinnimmt. Wie w\u00e4re es, wenn man entsprechende Muslime auffordert, mit gutem Beispiel voranzugehen. Peter Holschke<\/p>\n<p>Sehr geehrter Herr Broder, Israel ist die einzige Demokratie im mittleren Osten, umgeben von Diktaturen, teilweise mit vielen Todesstrafen. Israel wird st\u00e4ndig ermahnt, sich an die Menschenrechte zu halten, zu deskalieren und, und und. Die ganzen wohlmeinenden Gutmenschen sollen doch mal im israelischen Heer dienen und dann mit dem gleichen Pa\u00df versuchen, nach Saudi-Arabien in den Urlaub zu fliegen. Nico Schmidt<br \/>\n.<br \/>\nEs geht nicht darum, ob man Juden mag oder Herrn Broder. Es geht schlicht darum, dass Europa mittlerweile ein gro\u00dfes Israel 2.0 ist. Wer glaubt, das Krokodil frisst erst die israelischen Fu\u00dfballfans &amp; die Holl\u00e4nder sp\u00e4ter, hat nicht ganz unrecht, ist aber auch reichlich bl\u00f6d. Markus Kranz<br \/>\n.Ende Kommentare<\/p>\n","protected":false},"excerpt":{"rendered":"<p>Professor Ralf Michaels, Direktor des Max-Planck-Instituts f\u00fcr ausl\u00e4ndisches und internationales Privatrecht in Hamburg, vertritt die Meinung (1), da\u00df der Slogan &#8222;Palestine free &#8211; from the river to the sea&#8220; nicht beinhalten mu\u00df, da\u00df Israel vom &#8222;river&#8220; Jordan bis zur &#8222;sea&#8220; &hellip; <a href=\"https:\/\/www.freiburg-schwarzwald.de\/blog\/israel-from-the-river-to-the-sea\/\">Weiterlesen <span class=\"meta-nav\">&rarr;<\/span><\/a><\/p>\n","protected":false},"author":2,"featured_media":0,"comment_status":"open","ping_status":"closed","sticky":false,"template":"","format":"standard","meta":{"footnotes":""},"categories":[18,210,63,13,19],"tags":[84,420,810],"class_list":["post-128372","post","type-post","status-publish","format-standard","hentry","category-bildung","category-gewalt","category-krise","category-kultur","category-religion","tag-israel","tag-juden","tag-maghreb"],"_links":{"self":[{"href":"https:\/\/www.freiburg-schwarzwald.de\/blog\/wp-json\/wp\/v2\/posts\/128372","targetHints":{"allow":["GET"]}}],"collection":[{"href":"https:\/\/www.freiburg-schwarzwald.de\/blog\/wp-json\/wp\/v2\/posts"}],"about":[{"href":"https:\/\/www.freiburg-schwarzwald.de\/blog\/wp-json\/wp\/v2\/types\/post"}],"author":[{"embeddable":true,"href":"https:\/\/www.freiburg-schwarzwald.de\/blog\/wp-json\/wp\/v2\/users\/2"}],"replies":[{"embeddable":true,"href":"https:\/\/www.freiburg-schwarzwald.de\/blog\/wp-json\/wp\/v2\/comments?post=128372"}],"version-history":[{"count":5,"href":"https:\/\/www.freiburg-schwarzwald.de\/blog\/wp-json\/wp\/v2\/posts\/128372\/revisions"}],"predecessor-version":[{"id":128378,"href":"https:\/\/www.freiburg-schwarzwald.de\/blog\/wp-json\/wp\/v2\/posts\/128372\/revisions\/128378"}],"wp:attachment":[{"href":"https:\/\/www.freiburg-schwarzwald.de\/blog\/wp-json\/wp\/v2\/media?parent=128372"}],"wp:term":[{"taxonomy":"category","embeddable":true,"href":"https:\/\/www.freiburg-schwarzwald.de\/blog\/wp-json\/wp\/v2\/categories?post=128372"},{"taxonomy":"post_tag","embeddable":true,"href":"https:\/\/www.freiburg-schwarzwald.de\/blog\/wp-json\/wp\/v2\/tags?post=128372"}],"curies":[{"name":"wp","href":"https:\/\/api.w.org\/{rel}","templated":true}]}}