{"id":128211,"date":"2024-11-12T13:59:38","date_gmt":"2024-11-12T12:59:38","guid":{"rendered":"https:\/\/www.freiburg-schwarzwald.de\/blog\/?p=128211"},"modified":"2024-11-12T17:30:11","modified_gmt":"2024-11-12T16:30:11","slug":"gen-z-frei-nur-in-der-bubble","status":"publish","type":"post","link":"https:\/\/www.freiburg-schwarzwald.de\/blog\/gen-z-frei-nur-in-der-bubble\/","title":{"rendered":"Gen Z: Frei nur in der Bubble?"},"content":{"rendered":"<p>Laut der im Auftrag des Verbandes der <a href=\"https:\/\/www.freiburg-schwarzwald.de\/blog\/business\/industrie\/\">Chemischen Industrie<\/a> vom rheingold-Institut durchgef\u00fchrten Studie &#8222;GenZ 2024 &#8211; Generation \u00dcberdruck&#8220; sind die 16- bis 24-J\u00e4hrigen der <a href=\"https:\/\/www.freiburg-schwarzwald.de\/blog\/selbsthilfe\/familie\/generationen\/generation-z\/\">Generation Z<\/a> verunsichert (1). Einerseits durch die zahlreichen Probleme (Kosten f\u00fcr Lebenshaltung, Schulsystem, Massenmigration, Corona, Polarisierung der Gesellschaft),<!--more--> wobei der Klimawandel f\u00fcr sie sekund\u00e4r ist.<br \/>\nAndererseits ist das gemeinsame &#8222;Wir&#8220;-Gef\u00fchl fr\u00fcherer Generationen (z.B. z.B. <a href=\"https:\/\/www.freiburg-schwarzwald.de\/blog\/selbsthilfe\/familie\/generationen\/\">Babyboomer<\/a> durch Rock \u2019n\u2018 Roll-Musik und Hippie-Bewegung) zerfallen in eine Vielzahl sich isoliert und unvers\u00f6hnlich gegen\u00fcberstehender Bubbles. Unvers\u00f6hnlich, weil die andere bzw. <a href=\"https:\/\/www.freiburg-schwarzwald.de\/blog\/engagement\/zukunft\/demokratie\/freiheit\/abweichende-meinung\/\">abweichende Meinung<\/a> nicht toleriert wird und somit die <a href=\"https:\/\/www.freiburg-schwarzwald.de\/blog\/kultur\/medien\/meinungsfreiheit\/\">Meinungsfreiheit<\/a> und die Bereitschaft zum offenen, ehrlichen <a href=\"https:\/\/www.freiburg-schwarzwald.de\/blog\/kultur\/medien\/diskussionskultur\/diskussionskultur2023\/\">Diskurs<\/a> leiden &#8211; die jungen Menschen haben <a href=\"https:\/\/www.freiburg-schwarzwald.de\/blog\/engagement\/zukunft\/angst\/angst-jugend\/\">Angst<\/a>, etwas falsches zu sagen, sie f\u00fchlen sich nicht frei und fl\u00fcchten deshalb allzugerne in ihre Bubble.<\/p>\n<p>Die Studie nennt als Hauptbefund das Verschwinden eines generellen \u201eWir-Gef\u00fchls\u201c und der R\u00fcckzug in private Bubbles. Die Bubbles sind voneinander abgeschottet: Die eine Bubble verspottet, was die andere feiert. Mit der Folge, selbst lieber &#8222;die Klappe zu halten&#8220;. Die <a href=\"https:\/\/www.freiburg-schwarzwald.de\/blog\/selbsthilfe\/jugend\/jugend-ideologisierung\/\">Jugendlichen<\/a> f\u00fchlen sich unfrei und ver\u00e4ngstigt, anzuecken und zum unbeliebten Au\u00dfenseiter ausgegrenzt zu werden.<\/p>\n<p>Alarmierend an der Studie ist weniger das Klagen \u00fcber finanzielle Probleme und Mangel an <a href=\"https:\/\/www.freiburg-schwarzwald.de\/blog\/energie\/versorgungssicherheit\/\">Versorgungssicherheit<\/a> &#8211; all dies lie\u00dfe sich durch eine kluge Wirtschaft-, Sozial- und Gesellschaftspolitik beheben. Sondern das Gef\u00fchl der jungen Generation, da\u00df Ihnen die <a href=\"https:\/\/www.freiburg-schwarzwald.de\/blog\/engagement\/zukunft\/demokratie\/freiheit\/\">Freiheit<\/a> fehlt.<\/p>\n<p>Lernt man die Freiheit erst dann wertzusch\u00e4tzen, wenn sie abhanden gekommen ist? Die russische J\u00fcdin Ekaterina Quehl hat in St.Petersburg die Unfreiheit erlebt und dann auch Perestroika und Glasnost. In ihrem <a href=\"https:\/\/www.freiburg-schwarzwald.de\/blog\/selbsthilfe\/familie\/generationen\/generation-z\/\">Beitrag<\/a> &#8222;Freiheit versus Konformit\u00e4t&#8220; zitiert sie den russischen Autor Wassili Grossmann in seinem antisowjetischen Roman \u201eLeben und Schicksal&#8220; so: <em>\u201eWenn Menschen zwischen Wurst und Freiheit Wurst w\u00e4hlen, dann bekommen sie am Ende weder das eine noch das andere.\u201c<\/em> Wurde in Deutschland und auch von der <a href=\"https:\/\/www.freiburg-schwarzwald.de\/blog\/selbsthilfe\/familie\/generationen\/generation-z\/\">Generation Z<\/a> bereits &#8222;Wurst statt Freiheit&#8220; gew\u00e4hlt? Wo doch die Wahl zwischen materieller Sicherheit und Meinungsfreiheit der Menschheit keinen Fortschritt bringen kann.<br \/>\n12.11.2024<br \/>\n.<br \/>\nEnde von Beitrag &#8222;Gen Z: Frei in der Bubble?&#8220;<br \/>\n============================================================<br \/>\nBeginn von Anlagen (1) &#8211;<br \/>\n.<br \/>\n.<br \/>\n<strong>(1) Studie zur \u201cGenZ 2024\u201d \u2013 Jugend unter der Tarnkappe<\/strong><br \/>\nDie krisengepr\u00e4gte \u201eGeneration Z\u201c (GenZ) w\u00fcnscht sich soziale und wirtschaftliche Stabilit\u00e4t. Viele junge Menschen f\u00fchlen sich angesichts der aktuellen Herausforderungen oft verloren, orientierungs- und hilflos. Das ist ein zentrales Ergebnis der rheingold Studie \u201cGenZ 2024 \u2013 Generation \u00dcberdruck\u201d im Auftrag des Verbandes der Chemischen Industrie (VCI).<\/p>\n<p>St\u00e4ndige Unsicherheit durch multiple Krisen<br \/>\nDie GenZ steht f\u00fcr die Altersgruppe der 16- bis 24-J\u00e4hrigen, die von einer anhaltenden Krisenerfahrung gepr\u00e4gt sind. Seit der Corona-Pandemie sind sie durch den Krieg in der Ukraine, die Energie- und Inflationskrise sowie die andauernde Wirtschaftskrise einer st\u00e4ndigen Unsicherheit ausgesetzt. Zu den zentralen Sorgen der jungen Generation geh\u00f6ren die unsichere Altersvorsorge, hohe Mieten, gesellschaftliche Polarisierung, Migration, die Krise im Bildungssystem und eine marode Infrastruktur. Der Klimawandel bleibt zwar ein wichtiges Thema, r\u00fcckt jedoch f\u00fcr viele in den Hintergrund.<br \/>\n.<br \/>\n\u201cGenZ 2024\u201d sorgt sich wegen der Polarisierung der Gesellschaft<br \/>\n79 Prozent der jungen Menschen sind \u00fcber die soziale und wirtschaftliche Entwicklung besorgt, 71 Prozent \u00fcber die Polarisierung innerhalb der Gesellschaft. Ebenso viele Jugendliche w\u00fcnschen sich, Teil einer Gemeinschaft zu sein, ohne andere auszuschlie\u00dfen.<br \/>\nVersch\u00e4rft wird die anhaltende Krisenwahrnehmung der jungen Menschen durch einen immer aggressiveren Ton im politischen und gesellschaftlichen Diskurs, der auch zu einem erodierenden Gemeinschaftsgef\u00fchl innerhalb der Jugendgeneration f\u00fchrt. Immer wieder beklagen junge Menschen, dass ihre Welt in unvers\u00f6hnliche Bubbles zerf\u00e4llt. Gro\u00df ist ihre Angst, sich vor allen in den sozialen Netzwerken angreifbar zu machen, gecancelt, geghostet oder als ganzer Mensch verurteilt zu werden, wenn sie offen ihre Meinung \u00e4u\u00dfern.<\/p>\n<p>Aufspaltung der Lebenswelten und Verdr\u00e4ngung<br \/>\nObwohl die Jugendlichen diese Blasenbildung bedauern, betreiben sie die Flucht in eine \u201eabsichernde Selbstbez\u00fcglichkeit\u201c sehr bewusst. Im engen Kreis guter Freunde und in der eigenen Privatheit f\u00fchlen sie sich am wohlsten. \u00c4hnlich wie die Erwachsenen spalten sie die Welt auf in eine private Eigenwelt, die noch \u00fcberschaubar und sicher ist, und eine bedrohliche Au\u00dfenwelt, in der schier unl\u00f6sbare, nicht zu bezwingende Dauerkrisen herrschen. Zwischen dem eigenen Schneckenhaus und der \u00e4u\u00dferen Bedrohungswelt wird ein Verdr\u00e4ngungsvorhang aufgespannt. So sagen 70 Prozent der Befragten: Ich k\u00fcmmere mich st\u00e4rker um mich, meine Familie, enge Freunde oder mein Zuhause. O-Ton aus einem der Tiefeninterviews: \u201eMit den negativen Themen will ich mich nicht st\u00e4ndig belasten.\u201c<br \/>\nIn diesem Klima der unvers\u00f6hnlichen Bubbles wagt es die Generation Z kaum noch, sich offen, konfrontativ und fordernd zu zeigen. Au\u00dferhalb der Sicherheit der eigenen Bubble entwickelt sie eine Tarnkappen-Strategie. Sie versteckt ihre Haltung, um keine Angriffsfl\u00e4che zu bieten. Was fr\u00fcher ein nat\u00fcrlicher Ausdruck jugendlicher Selbstentfaltung war \u2013 das laute Einfordern von Ver\u00e4nderung und das freie Aussprechen ihrer W\u00fcnsche \u2013 ist heute sp\u00fcrbar gehemmt und staut sich im Innern auf.<\/p>\n<p>Psychosomatische Symptome durch gestaute Ausdrucksbildung<br \/>\nDie gestaute Ausdrucksbildung artikuliert sich in einer Vielzahl von psychosomatischen Symptomen. Auff\u00e4llig viele Jugendliche klagen \u00fcber Schlafst\u00f6rungen, M\u00fcdigkeit, Depressionen, Anspannung, Unruhe und Angstzust\u00e4nde. Auf gesellschaftlicher Ebene manifestiert sich die gestaute Ausdrucksbildung in einer zunehmenden Komplexit\u00e4ts- und Kompromiss-M\u00fcdigkeit, die zu einer wachsenden Demokratie-M\u00fcdigkeit f\u00fchren kann.<\/p>\n<p>&#8230; Alles vom 31.10.2024 bitte lesen auf<br \/>\n<a href=\"https:\/\/www.rheingold-marktforschung.de\/gesellschaft\/studie-zur-genz-2024-jugend-unter-der-tarnkappe\/\">https:\/\/www.rheingold-marktforschung.de\/gesellschaft\/studie-zur-genz-2024-jugend-unter-der-tarnkappe\/<\/a><\/p>\n<p>&nbsp;<\/p>\n","protected":false},"excerpt":{"rendered":"<p>Laut der im Auftrag des Verbandes der Chemischen Industrie vom rheingold-Institut durchgef\u00fchrten Studie &#8222;GenZ 2024 &#8211; Generation \u00dcberdruck&#8220; sind die 16- bis 24-J\u00e4hrigen der Generation Z verunsichert (1). Einerseits durch die zahlreichen Probleme (Kosten f\u00fcr Lebenshaltung, Schulsystem, Massenmigration, Corona, Polarisierung &hellip; <a href=\"https:\/\/www.freiburg-schwarzwald.de\/blog\/gen-z-frei-nur-in-der-bubble\/\">Weiterlesen <span class=\"meta-nav\">&rarr;<\/span><\/a><\/p>\n","protected":false},"author":2,"featured_media":0,"comment_status":"open","ping_status":"closed","sticky":false,"template":"","format":"standard","meta":{"footnotes":""},"categories":[18,36,60,61,13,64,95],"tags":[709,749,682,170,568],"class_list":["post-128211","post","type-post","status-publish","format-standard","hentry","category-bildung","category-engagement","category-jugend","category-kinder","category-kultur","category-psyche","category-schulen","tag-angst","tag-diskussionskultur","tag-freiheit","tag-generationenvertrag","tag-jugend-2"],"_links":{"self":[{"href":"https:\/\/www.freiburg-schwarzwald.de\/blog\/wp-json\/wp\/v2\/posts\/128211","targetHints":{"allow":["GET"]}}],"collection":[{"href":"https:\/\/www.freiburg-schwarzwald.de\/blog\/wp-json\/wp\/v2\/posts"}],"about":[{"href":"https:\/\/www.freiburg-schwarzwald.de\/blog\/wp-json\/wp\/v2\/types\/post"}],"author":[{"embeddable":true,"href":"https:\/\/www.freiburg-schwarzwald.de\/blog\/wp-json\/wp\/v2\/users\/2"}],"replies":[{"embeddable":true,"href":"https:\/\/www.freiburg-schwarzwald.de\/blog\/wp-json\/wp\/v2\/comments?post=128211"}],"version-history":[{"count":5,"href":"https:\/\/www.freiburg-schwarzwald.de\/blog\/wp-json\/wp\/v2\/posts\/128211\/revisions"}],"predecessor-version":[{"id":128239,"href":"https:\/\/www.freiburg-schwarzwald.de\/blog\/wp-json\/wp\/v2\/posts\/128211\/revisions\/128239"}],"wp:attachment":[{"href":"https:\/\/www.freiburg-schwarzwald.de\/blog\/wp-json\/wp\/v2\/media?parent=128211"}],"wp:term":[{"taxonomy":"category","embeddable":true,"href":"https:\/\/www.freiburg-schwarzwald.de\/blog\/wp-json\/wp\/v2\/categories?post=128211"},{"taxonomy":"post_tag","embeddable":true,"href":"https:\/\/www.freiburg-schwarzwald.de\/blog\/wp-json\/wp\/v2\/tags?post=128211"}],"curies":[{"name":"wp","href":"https:\/\/api.w.org\/{rel}","templated":true}]}}