{"id":127907,"date":"2024-11-02T21:16:11","date_gmt":"2024-11-02T20:16:11","guid":{"rendered":"https:\/\/www.freiburg-schwarzwald.de\/blog\/?p=127907"},"modified":"2024-11-03T09:05:56","modified_gmt":"2024-11-03T08:05:56","slug":"orban-trifft-schroeder-in-wien","status":"publish","type":"post","link":"https:\/\/www.freiburg-schwarzwald.de\/blog\/orban-trifft-schroeder-in-wien\/","title":{"rendered":"Orban trifft Schr\u00f6der in Wien"},"content":{"rendered":"<p>Auf Einladung von Roger K\u00f6ppel von der Schweizer Weltwoche kamen am 31.10.2024 <a href=\"https:\/\/www.freiburg-schwarzwald.de\/blog\/global\/eu\/ungarn\/\">Ungarns<\/a> Premierminister Viktor Orb\u00e1n und der deutsche Ex-Bundeskanzler Gerhard Schr\u00f6der zu einem 90-min\u00fctigen geopolitischen Gespr\u00e4ch in Wien zusammen.<br \/>\n<a href=\"https:\/\/www.youtube.com\/watch?v=COxPgGz2Tow\">https:\/\/www.youtube.com\/watch?v=COxPgGz2Tow<\/a>\u00a0 \u00a0 <!--more--><br \/>\nIm Mittelpunkt des Gespr\u00e4chs im Wiener Sofiensaal: Die Beendigung des <a href=\"https:\/\/www.freiburg-schwarzwald.de\/blog\/global\/ukraine\/ukrainekrieg\/\">Ukrainekriegs<\/a> und die Rolle der <a href=\"https:\/\/www.freiburg-schwarzwald.de\/blog\/global\/eu\/eu-ungarn\/\">EU<\/a>.<br \/>\n.<br \/>\nEinige Zitate:<br \/>\nOrban: Dass Europa nicht bereit ist, mit Ru\u00dfland zu reden, diplomatisch, ist barbarisch.<br \/>\nSchr\u00f6der: Seit wann wird man f\u00fcr Friedensaktivit\u00e4ten gescholten, Wo sind wir denn in Europa?<br \/>\nSch: Der einzige der Pr\u00e4sidenten f\u00fcr den Frieden, das ist Herr Trump. Dass ich den noch mal loben w\u00fcrde, h\u00e4tte ich nie geglaubt.<br \/>\nO: Ungarn alleine kann wenig erreichen. Beeilen Sie sich, Scholz und Macron, mit Ru\u00dfland zu sprechen, sonst kommt jemand wie Trump, der mit Putin das regelt. Und wo bleiben dann die europ\u00e4ischen Interessen?<br \/>\nO: Einerseits t\u00f6ten sich Christen hier. Andererseits lassen wir hier Menschen aus islamischen L\u00e4ndern nach Europa hinein.<br \/>\nK\u00f6ppel: Den europ\u00e4ischen Politikern fehlt der Blick in die Geschichte Europas. Wir werden von Geschichtsblinden und Wohlstandsverw\u00f6hnten regiert.<br \/>\nSch: Ich halte eine <a href=\"https:\/\/www.freiburg-schwarzwald.de\/blog\/engagement\/zukunft\/demokratie\/diplomatie\/\">diplomatische L\u00f6sung<\/a> f\u00fcr machbar.<br \/>\nO: Ich habe 26 Jahre unter russischer Besatzung gelebt. Dies Erfahrung haben andere europ\u00e4ische Politiker nicht.<br \/>\nO: Wir m\u00fcssen die unterschiedlichen Mentalit\u00e4ten verstehen: In Westeuropa Frieden und Wohlstand. In Ru\u00dfland das Zusammenhalten dieses gro\u00dfen Landes mit 140 Mio Einwohnern.<br \/>\nO: Die US-Amerikaner und die Russen verstehen die gleich Sprache der Macht: Soldaten, Rohstoffe. Da wird nicht moralisiert. es geht um die eigenen Interessen.<br \/>\nO: Problem: Jemand mu\u00df die deutsche und die europ\u00e4ische Wirtschaft retten. Bei solchen Energiepreisen ist die EU-Wirtschaft zum Tode verurteilt. Wir m\u00fcssen bei der gas- und Stromrechnung klug sein, nicht bei der multipolaren Weltordnung.<br \/>\nO: Die europ\u00e4ischen Energiepreise m\u00fcssen auf das US-Niveau gedr\u00fcckt werden. Bei vierfachen Energiepreisen geht das nicht mit der Konkurrenzf\u00e4higkeit.<br \/>\nO: Warum w\u00fcrgen wir Politiker nicht die EU-B\u00fcrokratie ab?<br \/>\nO: Wie soll das Zusammenleben muslimisch-christlich m\u00f6glich sein? Das ist die wichtige Frage, nicht aber links-rechts.<br \/>\nSch: Der Leistungswille mu\u00df im Volk wieder sichtbar sein.<br \/>\n.<br \/>\nR\u00e9sum\u00e9e:<br \/>\n1) GBR-Premier Boris Johnson hat die ersten Friedensgespr\u00e4che im Fr\u00fchjahr 2022 scheitern lassen. Diese h\u00e4tten Zigtausende von Toten &#8222;erspart&#8220;.<br \/>\n2) Orban hebt immer wieder seine christliche Einstellung hervor. Glaubhaft!<br \/>\n3) Eine EU, die an ihren Grenzen nicht selbst f\u00fcr Frieden sorgen will und kann, mu\u00df reformiert werden.<br \/>\n4) Das Gespr\u00e4ch K\u00f6ppel, Schmidt-Orban wird von den Mainstreammedien mit H\u00e4me \u00fcberzogen oder ignoriert. Es ist ein Jammer, wenn <a href=\"https:\/\/www.freiburg-schwarzwald.de\/blog\/engagement\/zukunft\/frieden\/friedensbewegung2-0\/\">Friedensaktivit\u00e4ten<\/a> &#8211; von wem auch immer &#8211; derart mies abgewiesen werden. Frieden ist oberstes Ziel. Denn <a href=\"https:\/\/www.freiburg-schwarzwald.de\/blog\/engagement\/zukunft\/demokratie\/entspannungspolitik\/\">Willy Brandt<\/a> gilt nach wie vor: \u201eWir wollen ein Volk der guten Nachbarn sein.\u201c<br \/>\n2.11.2024<br \/>\n.<br \/>\nEnde von &#8222;Orban trifft Schr\u00f6der in Wien&#8220;<br \/>\n=============================================================<br \/>\nBeginn von Anlagen (1) &#8211; (2)<br \/>\n.<\/p>\n<p><strong>(1) \u00abDieser Krieg ist f\u00fcr die Ukraine verloren\u00bb: Weltwoche-Gespr\u00e4ch mit Viktor Orb\u00e1n und Gerhard Schr\u00f6der in Wien<\/strong><br \/>\n<a href=\"https:\/\/www.youtube.com\/watch?v=COxPgGz2Tow\">https:\/\/www.youtube.com\/watch?v=COxPgGz2Tow<\/a><br \/>\n<a href=\"https:\/\/www.youtube.com\/watch?v=L0MpP8HM7ak\">https:\/\/www.youtube.com\/watch?v=L0MpP8HM7ak<\/a><br \/>\n&#8230; Alles vom 2.11.2024 bitte lesen auf<br \/>\n<a href=\"https:\/\/weltwoche.ch\/daily\/dieser-krieg-ist-fuer-die-ukraine-verloren-weltwoche-gespraech-mit-viktor-orban-und-gerhard-schroeder-in-wien\/\">https:\/\/weltwoche.ch\/daily\/dieser-krieg-ist-fuer-die-ukraine-verloren-weltwoche-gespraech-mit-viktor-orban-und-gerhard-schroeder-in-wien\/<\/a><br \/>\n.<br \/>\n.<br \/>\n<strong>(2) Orb\u00e1n in Wien: &#8222;Er stellt Fragen, die sich keiner zu fragen traut&#8220;<\/strong><br \/>\n&#8230; &#8222;Frieden in Europa&#8220; nannte sich die Veranstaltung, die das rechtspopulistische Blatt (Weltwoche.ch) in Wien organisiert hat. Stargast war neben Orb\u00e1n der deutsche Alt-Kanzler Gerhard Schr\u00f6der.<br \/>\nF\u00fcr beide gab es Standing Ovation und lauten Applaus, als sie den Saal betraten. Ebenfalls unter den G\u00e4sten: der russische Botschafter. &#8230;<br \/>\nUnd Orb\u00e1n sollte auch sehr bald auf Russland zu sprechen kommen. &#8222;Europa kann derzeit keinen Frieden schaffen. Es kann nur Krieg schaffen, aber keinen Frieden&#8220;, so der ungarische Premier. &#8222;In der europ\u00e4ischen Politik fehlt vollkommen das Nachdenken \u00fcber Russland&#8220;, kritisierte er. &#8222;Russland ist ein christliches Land, ein europ\u00e4isches Land, ist trotzdem anders als wir&#8220;, f\u00fchrte er aus. Russland spreche &#8222;die Sprache der Macht&#8220;. Das sei auch der Grund, warum Orb\u00e1n darauf vertraue, dass Trump einen schnellen Waffenstillstand in der Ukraine herbeif\u00fchren kann: &#8222;F\u00fcr die Amerikaner ist es nicht schwer, die Russen zu verstehen, weil sie ebenfalls die Sprache der Macht sprechen.&#8220; Wenn Trump mit den Russen verhandelt, wird es dort &#8222;kein Moralisieren geben, dort wird es Realpolitik geben&#8220;.<br \/>\n&#8230; Alles vom 31.10.2024 bitte lesen auf<br \/>\n<a href=\"https:\/\/kurier.at\/politik\/inland\/orban-wien-weltwoche-rosenkranz-schroeder-koeppel\/402969747\">https:\/\/kurier.at\/politik\/inland\/orban-wien-weltwoche-rosenkranz-schroeder-koeppel\/402969747<\/a><\/p>\n","protected":false},"excerpt":{"rendered":"<p>Auf Einladung von Roger K\u00f6ppel von der Schweizer Weltwoche kamen am 31.10.2024 Ungarns Premierminister Viktor Orb\u00e1n und der deutsche Ex-Bundeskanzler Gerhard Schr\u00f6der zu einem 90-min\u00fctigen geopolitischen Gespr\u00e4ch in Wien zusammen. https:\/\/www.youtube.com\/watch?v=COxPgGz2Tow\u00a0 \u00a0<\/p>\n","protected":false},"author":2,"featured_media":0,"comment_status":"open","ping_status":"closed","sticky":false,"template":"","format":"standard","meta":{"footnotes":""},"categories":[195,13,80,157],"tags":[813,749,489,520,525,796],"class_list":["post-127907","post","type-post","status-publish","format-standard","hentry","category-eu","category-kultur","category-medien","category-oeffentlicher-raum","tag-diplomatie","tag-diskussionskultur","tag-european-union","tag-frieden","tag-politik","tag-ukraine"],"_links":{"self":[{"href":"https:\/\/www.freiburg-schwarzwald.de\/blog\/wp-json\/wp\/v2\/posts\/127907","targetHints":{"allow":["GET"]}}],"collection":[{"href":"https:\/\/www.freiburg-schwarzwald.de\/blog\/wp-json\/wp\/v2\/posts"}],"about":[{"href":"https:\/\/www.freiburg-schwarzwald.de\/blog\/wp-json\/wp\/v2\/types\/post"}],"author":[{"embeddable":true,"href":"https:\/\/www.freiburg-schwarzwald.de\/blog\/wp-json\/wp\/v2\/users\/2"}],"replies":[{"embeddable":true,"href":"https:\/\/www.freiburg-schwarzwald.de\/blog\/wp-json\/wp\/v2\/comments?post=127907"}],"version-history":[{"count":5,"href":"https:\/\/www.freiburg-schwarzwald.de\/blog\/wp-json\/wp\/v2\/posts\/127907\/revisions"}],"predecessor-version":[{"id":127917,"href":"https:\/\/www.freiburg-schwarzwald.de\/blog\/wp-json\/wp\/v2\/posts\/127907\/revisions\/127917"}],"wp:attachment":[{"href":"https:\/\/www.freiburg-schwarzwald.de\/blog\/wp-json\/wp\/v2\/media?parent=127907"}],"wp:term":[{"taxonomy":"category","embeddable":true,"href":"https:\/\/www.freiburg-schwarzwald.de\/blog\/wp-json\/wp\/v2\/categories?post=127907"},{"taxonomy":"post_tag","embeddable":true,"href":"https:\/\/www.freiburg-schwarzwald.de\/blog\/wp-json\/wp\/v2\/tags?post=127907"}],"curies":[{"name":"wp","href":"https:\/\/api.w.org\/{rel}","templated":true}]}}