{"id":127741,"date":"2024-10-25T09:49:07","date_gmt":"2024-10-25T07:49:07","guid":{"rendered":"https:\/\/www.freiburg-schwarzwald.de\/blog\/?p=127741"},"modified":"2024-10-28T08:15:41","modified_gmt":"2024-10-28T07:15:41","slug":"gegen-die-einseitigkeit","status":"publish","type":"post","link":"https:\/\/www.freiburg-schwarzwald.de\/blog\/gegen-die-einseitigkeit\/","title":{"rendered":"Gegen die Einseitigkeit"},"content":{"rendered":"<p>Wer seine <a href=\"https:\/\/www.freiburg-schwarzwald.de\/blog\/kultur\/medien\/meinungsfreiheit\/\">Meinung<\/a> einseitig vertritt, mu\u00df sich den Vorwurf gefallen lassen, er sei voreingenommen bzw. parteiisch. &#8222;<a href=\"https:\/\/www.freiburg-schwarzwald.de\/blog\/buerger-audiatur-et-altera-pars\/\">Audiatur et altera pars<\/a>&#8220; &#8211; &#8222;man h\u00f6re auch die andere Seite&#8220;. Wer einseitig handelt, vernachl\u00e4ssigt die andere(n) Seite(n). Es ist halt so: Zu allem gibt es immer <a href=\"https:\/\/www.freiburg-schwarzwald.de\/blog\/kultur\/medien\/diskussionskultur\/diskussionskultur2023\/\">mindestens zwei Seiten<\/a>. Drei Beispiele: <!--more--><\/p>\n<p><em>Einseitigkeit in der <a href=\"https:\/\/www.freiburg-schwarzwald.de\/blog\/bildung\/bildung-integration\/\">Integrationspolitik<\/a><\/em>: nur arabisch<br \/>\nImmer mehr <a href=\"https:\/\/www.freiburg-schwarzwald.de\/blog\/bildung\/schulen\/schulen-migration\/\">Migranten<\/a> weigern sich, Deutsch zu lernen. Dies gilt besonders auch f\u00fcr den Familiennachzug. Die in Einwanderungsl\u00e4ndern (USA, CAN, AUS, NZL, &#8230;) geltende Regel &#8222;Integration ist <a href=\"https:\/\/www.freiburg-schwarzwald.de\/blog\/global\/integration\/integration-bringschuld\/\">Bringschuld<\/a> der Einwanderer&#8220; wird abgelehnt. Wozu dieser Anspruch auf Einseitigkeit &#8222;Ich spreche nur meine Muttersprache&#8220; (arabisch, afghanisch, &#8230;) f\u00fchrt, zeigt sich in deutschen Gro\u00dfst\u00e4dten und nun auch in <a href=\"https:\/\/www.freiburg-schwarzwald.de\/blog\/global\/oesterreich\/\">Wien<\/a>, wo derzeit 15.000 <a href=\"https:\/\/www.freiburg-schwarzwald.de\/blog\/global\/migration\/migrantenkinder\/\">Migrantenkinder<\/a> die Mittelschule verlassen ohne <a href=\"https:\/\/www.freiburg-schwarzwald.de\/blog\/kultur\/deutsch\/sprache\/einfache-sprache\/\">Deutsch<\/a> zu sprechen (1): Ohne <a href=\"https:\/\/www.freiburg-schwarzwald.de\/blog\/kultur\/deutsch\/sprache\/\">Deutsch<\/a> kein Job. Ohne Job keine Anerkennung und Perspektive, daf\u00fcr aber <a href=\"https:\/\/www.freiburg-schwarzwald.de\/blog\/selbsthilfe\/soziales\/arbeit\/buergergeld\/\">B\u00fcrgergeld<\/a> und <a href=\"https:\/\/www.freiburg-schwarzwald.de\/blog\/global\/integration\/ghetto\/\">Segregation<\/a> in einer arabischen Community.<br \/>\nDieser furchtbare Teufelskreis mu\u00df unterbrochen werden. Einseitige Schuldzuweisungen helfen dabei nicht: Etwa an die islam-patriarchalischen Eltern, die ihre Kinder zu Schulverweigerern machen d\u00fcrfen. Oder an das staatliche Bildungssystem, das vor lauter Toleranz und Tabus zul\u00e4\u00dft, da\u00df in der Schule in einem disziplinlosen Umfeld, in dem Leistung nicht mehr gelten darf, Kinder nicht einmal die Grundfertigkeiten von Lesen, Schreiben und Rechnen lernen k\u00f6nnen.<br \/>\nMan stelle sich vor: Die 15.000 Kinder von Wien driften nicht gro\u00dfenteils in die Kriminalit\u00e4t ab, der sie entwurzelt in ihren Ausl\u00e4nderghettos fr\u00f6nen. Sondern sie beginnen eine Ausbildung zum Betonwerker, IT-Systemelektroniker, Pfleger, Heizungsbauer oder G\u00e4rtner, die sie mit Stolz und Zufriedenheit erf\u00fcllt.<br \/>\nDas deutsche <a href=\"https:\/\/www.freiburg-schwarzwald.de\/blog\/bildung\/duale-bildung\/\">duale System<\/a> der Kopplung von Lehre (im privaten Betrieb) und Schule (in der staatl. Berufsschule) ist weltweit anerkannt. Es funktioniert aber nur, wenn diesem Ausbildungssystem f\u00e4hige und motivierte junge Menschen zugef\u00fchrt werden, auch um den Facharbeitermangel zu beseitigen. Die gegenw\u00e4rtige Migrationspolitik, die immer mehr bildungsarme Migranten ins Land lotst, um diese dann\u00a0 entwurzelt und nicht integriert in die prek\u00e4ren Milieus von <a href=\"https:\/\/www.freiburg-schwarzwald.de\/blog\/clan\/\">Clan<\/a> und<a href=\"https:\/\/www.freiburg-schwarzwald.de\/blog\/religion\/islam\/patriarchat\/\"> Patriarchat<\/a> zu schicken, \u00e4ndert am Facharbeitermangel nichts. Dabei ist Deutschland dringend auf Migranten angewiesen &#8211; als Facharbeiter, nicht aber als Sozialversorgte,<\/p>\n<p><em>Einseitigkeit in der <a href=\"https:\/\/www.freiburg-schwarzwald.de\/blog\/natur\/klima\/klimapolitik\/\">Klimapolitik<\/a><\/em>: nur CO2<br \/>\nDas <a href=\"https:\/\/www.freiburg-schwarzwald.de\/blog\/natur\/klima\/klima-system\/\">Klima<\/a> hat sich schon immer gewandelt. Nun wird der Grund f\u00fcr den derzeitigen <a href=\"https:\/\/www.freiburg-schwarzwald.de\/blog\/natur\/klima\/klimawandel-natuerlich\/\">Klimawandel<\/a> einseitig den vom <a href=\"https:\/\/www.freiburg-schwarzwald.de\/blog\/natur\/klima\/menschengemacht\/\">Menschen gemachten<\/a> CO2-Emissionen angelastet. Erstaunlich, da die Wissenschaften eine solche Einseitigkeit der Klima-Befunde gar nicht liefern.<br \/>\nIm Gegenteil: Immer mehr Studien zeigen, dass menschliche Emissionen von <a href=\"https:\/\/www.freiburg-schwarzwald.de\/blog\/natur\/klima\/co2\/\">CO2<\/a> <a href=\"https:\/\/www.freiburg-schwarzwald.de\/blog\/global\/deutschland\/klimarettung\/\">keinerlei Effekt<\/a> auf die CO2-Konzentration der Atmosph\u00e4re haben. So auch neueste Studie in der langen Reihe, die Dai Ato gerade ver\u00f6ffentlicht hat (2).<br \/>\nDer Klimafundamentalismus, dem Besch\u00e4ftigung, Wachstum und Wohlstand in Deutschland untergeordnet werden, nutzt dem <a href=\"https:\/\/www.freiburg-schwarzwald.de\/blog\/global\/deutschland\/weltrettung\/\">Weltklima<\/a> nichts (8 Mrd versus 84 Mio) und reduziert das verteufelte CO2 auch nicht (<a href=\"https:\/\/www.freiburg-schwarzwald.de\/blog\/global\/deutschland\/sinn\/\">Prof. Hans-Werner Sinn<\/a>: es f\u00e4llt andernorts an).<br \/>\nIch kenne niemanden, der den Klimawandel leugnet. Wohl aber viele, die einseitig und bequem die Problematik auf finanzielle Tricks wie Emissionshandel und CO2-Steuer abw\u00e4lzen. Statt Ma\u00dfnahmen des Umweltschutzes und Naturschutzes zu ergreifen, um durch Grips, Knowhow und Technologie den Auswirkungen des Wandels zu begegnen.<br \/>\nPolitik und Medien m\u00fcssen dem Prinzip der Einseitigkeit abschw\u00f6ren und ausgewogen auch auf die andere Seite verweisen, die z.B. mit <a href=\"https:\/\/www.klimanachrichten.de\">https:\/\/www.klimanachrichten.de<\/a> (Fritz Vahrenholt) und <a href=\"https:\/\/www.eike-klima-energie.eu\">https:\/\/www.eike-klima-energie.eu<\/a> \u00fcber Klima als komplexes System und zudem aus internationaler wissenschaftlicher Sicht informieren.<\/p>\n<p><em>Einseitigkeit in der <a href=\"https:\/\/www.freiburg-schwarzwald.de\/blog\/engagement\/zukunft\/frieden\/friedensbewegung2-0\/\">Friedenspolitik<\/a><\/em>: nur Waffen<br \/>\nDeutschland unterst\u00fctzt im Krieg einseitig die Ukraine &#8211; nur mit Waffen, nicht aber mit Diplomatie.<br \/>\n1) Deutschland kann sich nicht verteidigen (<a href=\"https:\/\/www.freiburg-schwarzwald.de\/blog\/engagement\/zukunft\/krieg\/bundeswehr\/\">Bundeswehr<\/a> ist marode) und die deutsche Bev\u00f6lkerung ist dazu nicht willens (<a href=\"https:\/\/www.freiburg-schwarzwald.de\/blog\/global\/deutschland\/deutschland2020\/\">Wehrbereitschaft<\/a>: Nur 5 % der Deutschen w\u00fcrden im Kriegsfall zur Waffe greifen).<br \/>\n2) Auch deshalb ist es im nationalen Interesse, Teil einer europ\u00e4ischen Sicherheitsarchitektur (wie zuletzt von <a href=\"https:\/\/www.freiburg-schwarzwald.de\/blog\/global\/russland\/putin\/\">Putin<\/a> am 25.9.2001 im Bundestag vorgeschlagen) oder eines europ\u00e4ischen Verteidigungsb\u00fcndnisses (<a href=\"https:\/\/www.freiburg-schwarzwald.de\/blog\/global\/eu\/europa\/nato\/\">NATO<\/a>) zu sein.<br \/>\n3) Deutschland ist immer noch die drittgr\u00f6\u00dfte Wirtschaftsmacht der Welt. Auch wenn wir uns im Zuge der von der <a href=\"https:\/\/www.freiburg-schwarzwald.de\/blog\/engagement\/zukunft\/demokratie\/ampel\/\">Ampel<\/a>-Regierung betriebenen Politik der <a href=\"https:\/\/www.freiburg-schwarzwald.de\/blog\/business\/industrie\/deindustrialisierung\/\">Deindustrialisierung<\/a> davon entfernen: <a href=\"https:\/\/www.freiburg-schwarzwald.de\/blog\/engagement\/zukunft\/frieden\/pazifismus\/\">Nationalpazifizismus<\/a> oder <a href=\"https:\/\/www.freiburg-schwarzwald.de\/blog\/global\/deutschland\/moral2015\/moralismus\/\">Moralexport<\/a> ist keine Option, sondern Ausdruck deutscher Realit\u00e4tsverweigerung. Als unbedeutendes Land k\u00f6nnte Deutschland neutral sein, wird aber zum Spielball der anderen.<br \/>\n4) Wie soll sich Deutschland im Krieg Russland-USA verhalten? Das &#8222;weiter so&#8220; unserer <a href=\"https:\/\/www.freiburg-schwarzwald.de\/blog\/global\/ukraine\/ukrainekrieg\/\">Waffenlieferungen<\/a> f\u00fchrt zur Verl\u00e4ngerung eines Krieges, der milit\u00e4risch von keiner Seite zu gewinnen ist. Das Kriegsende kann nur die Diplomatie herbeif\u00fchren.<br \/>\nDas hei\u00dft: Deutschlands einseitige Ukrainepolitik tr\u00e4gt eine Mitschuld daran, da\u00df das gegenw\u00e4rtige <a href=\"https:\/\/www.freiburg-schwarzwald.de\/blog\/global\/deutschland\/deutschland-ukraine\/\">Blutvergie\u00dfen<\/a> fortgesetzt wird. Dies mu\u00df ein Ende haben.<br \/>\n25.10.2024<br \/>\n.<br \/>\nEnde von Beitrag &#8222;Gegen die Einseitigkeit&#8220;<br \/>\n===========================================================<br \/>\nBeginn von Anlagen (1) -(2)<br \/>\n.<br \/>\n.<br \/>\n<strong>(1) Alarmruf nach 9 Jahren Massenzuwanderung: \u201eReine Araber-Klassen in Wien\u201c<\/strong><br \/>\nMittlerweile gebe es \u201ereine Araber-Klassen\u201c in Wien, warnt ein Lehrer in \u00f6sterreichischen Medien. Nicht dieses \u201eWording\u201c sollte Besorgnis erregen, sondern die Tatsache, dass durch mangelnde Bildung migrantische Kinder keine Zukunftsperspektive haben, was auch die Gesellschaft als Ganzes belastet.<br \/>\n&#8230;<br \/>\nEin Erlernen der deutschen Sprache sei im aktuellen Schulsystem kaum m\u00f6glich, schreibt nun Niki Glattauer, Lehrer und Kolumnist der Tageszeitung Heute: \u201eIn den Wiener Mittelschulen gibt es die mehrheitlich deutschsprachige Klasse gar nicht mehr, in die das nachgezogene oder zugewanderte Kind integriert werden k\u00f6nnte. In 90 Prozent der Wiener Mittelschulen ist JEDE Klasse eine ,Ausl\u00e4nderklasse\u2018. &#8230; In den 137 Mittelschulen in Wien sollen aktuell etwa 15.000 Jugendliche ausgebildet werden, das Problem ist also nicht wirklich klein: Ohne Deutsch kein Job \u2013 und ohne Job bleiben viele Kinder von Zuwanderern ihr ganzes Leben lang Bezieher von Sozialhilfeleistungen. 15.000 arbeitslose Mittelschul-Absolventen w\u00fcrden die Steuerzahler mit zus\u00e4tzlich 17,3 Millionen Euro pro Monat und 242,5 Millionen Euro im Jahr belasten. Schon jetzt gibt die Stadt Wien daf\u00fcr j\u00e4hrlich 765 Millionen Euro aus, 62 Prozent der Bezieher von Mindestsicherungs-Leistungen sind keine \u00d6sterreicher.<br \/>\n&#8230; Alles vom 23.10.2024 bitte lesen auf<br \/>\n<a href=\"https:\/\/www.tichyseinblick.de\/kolumnen\/aus-aller-welt\/alarmruf-migration-reine-araber-klassen-in-wien\/\">https:\/\/www.tichyseinblick.de\/kolumnen\/aus-aller-welt\/alarmruf-migration-reine-araber-klassen-in-wien\/<\/a><br \/>\n.<br \/>\n<strong>(1a) B\u00fcrgergeld: Fast zwei Drittel gehen an Empf\u00e4nger mit Migrationshintergrund<\/strong><br \/>\n&#8230; Alles vom 18.5.2024 bitte lesen auf<br \/>\n<a href=\"https:\/\/www.tichyseinblick.de\/daili-es-sentials\/buergergeld-empfaenger\/\">https:\/\/www.tichyseinblick.de\/daili-es-sentials\/buergergeld-empfaenger\/<\/a><br \/>\n.<br \/>\n.<br \/>\n<strong>(2) Zerst\u00f6rung wirtschaftlicher Grundlagen f\u00fcr NICHTS: Weiterer Beleg, dass anthropogenes CO2 NICHTS zum Klimawandel beitr\u00e4gt<\/strong><br \/>\n&#8230;<br \/>\nAto, Dai (2024). Multivariate Analysis Rejects the Theory of Human-caused Atmospheric Carbon Dioxide Increase: The Sea Surface Temperature Rules. Science of Climate Change 4(2): 1-15.<a href=\"https:\/\/scienceofclimatechange.org\/wp-content\/uploads\/SCC-Ato-Multivariate-Analysis-Vol.4.2.pdf\"> https:\/\/scienceofclimatechange.org\/wp-content\/uploads\/SCC-Ato-Multivariate-Analysis-Vol.4.2.pdf<\/a><br \/>\n&#8230;<br \/>\nDie pfiffige Idee, die Ato in seiner Arbeit in die Tat umsetzt, l\u00e4sst sich am besten so zusammenfassen: Wenn CO2-Emissionen menschlichen Ursprungs f\u00fcr die Erh\u00f6hung des atmosph\u00e4rischen CO2-Anteils und damit die Erw\u00e4rmung des Planeten verantwortlich sind, dann muss dieser Einfluss in multiplen Regressionen auffindbar und gegen alle anderen Einfl\u00fcsse verteidigbar sein.<br \/>\nIndes, Ato muss gar nicht alle anderen Einfl\u00fcsse betrachten, es reicht, sich auf eine der wesentlichen Quellen f\u00fcr planetare CO2-Emissionen zu beschr\u00e4nken: Die Meere, deren Abgabe an CO2 eine Funktion ihrer Temperatur ist. Ergo muss mit steigender Oberfl\u00e4chentemperatur von Meeren auch eine erh\u00f6hte Emission von CO2 einhergehen. Das bestreitet kein Klimagl\u00e4ubiger, aber sie alle bestreiten, dass diese erh\u00f6hte CO2-Emission f\u00fcr die Erh\u00f6hung der CO2-Konzentration in der Atmosph\u00e4re verantwortlich sei, beharren darauf, dass Menschen mit ihren Emissionen verantwortlich sind. Und Ato pr\u00fcft das direkt und kommt zu einem eindeutigen Ergebnis: &#8230;<br \/>\n\u2026 Alles vom 5.9.2024 bitte lesen auf<br \/>\n<a href=\"https:\/\/sciencefiles.org\/2024\/09\/05\/zerstoerung-wirtschaftlicher-grundlagen-fuer-nichts-weiterer-beleg-dass-anthropogenes-co2-nichts-zum-klimwandel-beitraegt\/\">https:\/\/sciencefiles.org\/2024\/09\/05\/zerstoerung-wirtschaftlicher-grundlagen-fuer-nichts-weiterer-beleg-dass-anthropogenes-co2-nichts-zum-klimwandel-beitraegt\/<\/a><\/p>\n","protected":false},"excerpt":{"rendered":"<p>Wer seine Meinung einseitig vertritt, mu\u00df sich den Vorwurf gefallen lassen, er sei voreingenommen bzw. parteiisch. &#8222;Audiatur et altera pars&#8220; &#8211; &#8222;man h\u00f6re auch die andere Seite&#8220;. Wer einseitig handelt, vernachl\u00e4ssigt die andere(n) Seite(n). Es ist halt so: Zu allem &hellip; <a href=\"https:\/\/www.freiburg-schwarzwald.de\/blog\/gegen-die-einseitigkeit\/\">Weiterlesen <span class=\"meta-nav\">&rarr;<\/span><\/a><\/p>\n","protected":false},"author":2,"featured_media":0,"comment_status":"open","ping_status":"closed","sticky":false,"template":"","format":"standard","meta":{"footnotes":""},"categories":[18,36,195,14,155,13,172],"tags":[813,749,520,725,715,785,525,796,86],"class_list":["post-127741","post","type-post","status-publish","format-standard","hentry","category-bildung","category-engagement","category-eu","category-global","category-integration","category-kultur","category-zukunft","tag-diplomatie","tag-diskussionskultur","tag-frieden","tag-integration","tag-klima","tag-nato","tag-politik","tag-ukraine","tag-waffen"],"_links":{"self":[{"href":"https:\/\/www.freiburg-schwarzwald.de\/blog\/wp-json\/wp\/v2\/posts\/127741","targetHints":{"allow":["GET"]}}],"collection":[{"href":"https:\/\/www.freiburg-schwarzwald.de\/blog\/wp-json\/wp\/v2\/posts"}],"about":[{"href":"https:\/\/www.freiburg-schwarzwald.de\/blog\/wp-json\/wp\/v2\/types\/post"}],"author":[{"embeddable":true,"href":"https:\/\/www.freiburg-schwarzwald.de\/blog\/wp-json\/wp\/v2\/users\/2"}],"replies":[{"embeddable":true,"href":"https:\/\/www.freiburg-schwarzwald.de\/blog\/wp-json\/wp\/v2\/comments?post=127741"}],"version-history":[{"count":5,"href":"https:\/\/www.freiburg-schwarzwald.de\/blog\/wp-json\/wp\/v2\/posts\/127741\/revisions"}],"predecessor-version":[{"id":127790,"href":"https:\/\/www.freiburg-schwarzwald.de\/blog\/wp-json\/wp\/v2\/posts\/127741\/revisions\/127790"}],"wp:attachment":[{"href":"https:\/\/www.freiburg-schwarzwald.de\/blog\/wp-json\/wp\/v2\/media?parent=127741"}],"wp:term":[{"taxonomy":"category","embeddable":true,"href":"https:\/\/www.freiburg-schwarzwald.de\/blog\/wp-json\/wp\/v2\/categories?post=127741"},{"taxonomy":"post_tag","embeddable":true,"href":"https:\/\/www.freiburg-schwarzwald.de\/blog\/wp-json\/wp\/v2\/tags?post=127741"}],"curies":[{"name":"wp","href":"https:\/\/api.w.org\/{rel}","templated":true}]}}