{"id":127603,"date":"2024-10-18T21:00:10","date_gmt":"2024-10-18T19:00:10","guid":{"rendered":"https:\/\/www.freiburg-schwarzwald.de\/blog\/?p=127603"},"modified":"2024-11-04T10:30:51","modified_gmt":"2024-11-04T09:30:51","slug":"das-interessiert-mich-nicht","status":"publish","type":"post","link":"https:\/\/www.freiburg-schwarzwald.de\/blog\/das-interessiert-mich-nicht\/","title":{"rendered":"Das interessiert mich nicht"},"content":{"rendered":"<p>Eine breite <a href=\"https:\/\/www.freiburg-schwarzwald.de\/blog\/kultur\/medien\/diskussionskultur\/diskussionskultur2023\/\">Diskussion<\/a> \u00fcber die derzeit dramatischen <a href=\"https:\/\/www.freiburg-schwarzwald.de\/blog\/kultur\/kulturverlust\/\">Ver\u00e4nderunge<\/a>n und den <a href=\"https:\/\/www.freiburg-schwarzwald.de\/blog\/business\/volkswirtschaft\/niedergang\/\">Niedergang<\/a> in Deutschland gibt es leider nicht &#8211; weder im <a href=\"https:\/\/www.freiburg-schwarzwald.de\/blog\/global\/deutschland\/gesellschaft\/zivilgesellschaft\/\">Privaten<\/a>, noch in den <a href=\"https:\/\/www.freiburg-schwarzwald.de\/blog\/kultur\/medien\/mainstream\/\">Medien<\/a> und der Politik. &#8222;Lass&#8216; mich damit in Ruhe&#8220; oder &#8222;Das interessiert mich nicht&#8220; oder &#8222;Ich will davon nichts h\u00f6ren, kapiert?&#8220; oder schlicht &#8222;ist mir egal&#8220;. <!--more-->Derlei Abwehrhaltung erf\u00e4hrt man &#8211; mehr oder minder schroff formuliert &#8211; im Bekanntenkreis immer h\u00e4ufiger. Obwohl alle unzufrieden sind und sich zwei Drittel der B\u00fcrger \u00fcber eine mangelnde <a href=\"https:\/\/www.freiburg-schwarzwald.de\/blog\/kultur\/medien\/meinungsfreiheit\/\">Meinungsfreiheit<\/a> beklagen, zieht man sich lieber zur\u00fcck. Mit &#8222;Nein, ich brauche meinen Frieden&#8220; angeblich noch nicht mal <a href=\"https:\/\/www.freiburg-schwarzwald.de\/blog\/engagement\/resignation-der-mitte\/\">resignierend<\/a>, in Wahrheit aber schon.<\/p>\n<p>Die Lust, sich verbal im <a href=\"https:\/\/www.freiburg-schwarzwald.de\/blog\/engagement\/zukunft\/demokratie\/diskursverweigerung\/\">Diskurs<\/a> zu fetzen und zu streiten, schwindet. Fragt man nach, dann landet man pauschal in der <a href=\"https:\/\/www.freiburg-schwarzwald.de\/blog\/engagement\/zukunft\/demokratie\/rechts\/rechte-ecke\/\">rechten Ecke<\/a> und gerne auch bei den <a href=\"https:\/\/www.freiburg-schwarzwald.de\/blog\/religion\/juden\/nazi\/nazi-keule\/\">Nazis<\/a>. Womit sich dann jegliche weitere Diskussion er\u00fcbrigt. Doch ohne Diskussion gibt es keinen <a href=\"https:\/\/www.freiburg-schwarzwald.de\/blog\/religion\/pluralismus\/\">Pluralismus<\/a>, und ohne diesen funktioniert keine Demokratie.<br \/>\n,<br \/>\nAus welchen Gr\u00fcnden h\u00f6rt man &#8222;Das interessiert mich nicht&#8220; so oft?<br \/>\n1) Die einen haben noch nie erlebt, was die Abwesenheit von Freiheit, Sicherheit und Wohlstand bedeutet. Und sie wissen nicht, da\u00df nur die Demokratie bzw. die Freiheitlich-Demokratische Grundordnung (<a href=\"https:\/\/www.freiburg-schwarzwald.de\/blog\/engagement\/zukunft\/demokratie\/verfassung\/fdgo\/\">FDGO<\/a>) dies alles \u00fcber einen so langen Zeitraum von 75 Jahren erm\u00f6glicht haben.<br \/>\n2) Andere wiederum h\u00e4ngen dem <a href=\"https:\/\/www.freiburg-schwarzwald.de\/blog\/kultur\/kulturverlust\/wokeismus\/\">Wokeismus<\/a> von <a href=\"https:\/\/www.freiburg-schwarzwald.de\/blog\/engagement\/zukunft\/demokratie\/links\/\">links<\/a> an, der den <a href=\"https:\/\/www.freiburg-schwarzwald.de\/blog\/engagement\/zukunft\/selbsthass\/\">Selbsthass<\/a> auf alles irgendwie <a href=\"https:\/\/www.freiburg-schwarzwald.de\/blog\/global\/deutschland\/deutsche-kultur\/\">Deutsche<\/a> pflegt und deshalb auch das Desinteresse daran bef\u00f6rdert.<br \/>\n3) Die dritte Gruppe ist einfach nur wohlstandsverw\u00f6hnt und bequem.<\/p>\n<p>Menschen in den Gebieten der <a href=\"https:\/\/www.freiburg-schwarzwald.de\/blog\/global\/deutschland\/ddr\/\">ehemaligen DDR<\/a> und auch Migranten aus <a href=\"https:\/\/www.freiburg-schwarzwald.de\/blog\/religion\/islam\/islam-konservative\/\">islamischen<\/a> bzw. totalit\u00e4ren L\u00e4ndern haben Unfreiheit erlebt und wertsch\u00e4tzen deshalb die Freiheit unseres demokratischen <a href=\"https:\/\/www.freiburg-schwarzwald.de\/blog\/selbsthilfe\/soziales\/justiz\/rechtsstaat\/\">Rechtsstaates<\/a>. Sie <a href=\"https:\/\/www.freiburg-schwarzwald.de\/blog\/engagement\/\">engagieren<\/a> sich. Der Erhalt dieser Freiheit liegt in ihrem h\u00f6chsten Interesse.<br \/>\nHierzu ein beeindruckendes Beispiel: Die aus Afghanistan geb\u00fcrtige Schriftstellerin <a href=\"https:\/\/www.freiburg-schwarzwald.de\/blog\/global\/deutschland\/deutschland-liebe\/\">Mariam K\u00fchsel-Hussaini<\/a> macht \u00fcber ihre Romane den B\u00fcrgern Mut, sich f\u00fcr die <a href=\"https:\/\/www.freiburg-schwarzwald.de\/blog\/engagement\/zukunft\/demokratie\/grundgesetz\/grundrechte\/\">Grund-<\/a> und <a href=\"https:\/\/www.freiburg-schwarzwald.de\/blog\/engagement\/zukunft\/demokratie\/freiheit\/freiheitsrechte\/\">Freiheitsrechte<\/a> hierzulande einzusetzen. Auf die Frage &#8222;Was macht Ihrer Ansicht nach das wahre Deutschland, das Sie da beschw\u00f6ren, aus?&#8220; antwortet sie:<br \/>\n<em><strong>Deutschland will lieben und geliebt werden.<\/strong><\/em><br \/>\n<em><strong>Bei Heine k\u00fc\u00dft und spricht sogar das Veilchen deutsch<\/strong><\/em><br \/>\n<em><strong>\u2013 das k\u00fc\u00dfte mich und sprach auf deutsch: ich liebe dich!<\/strong><\/em><br \/>\nEin &#8222;Das interessiert mich nicht&#8220; k\u00e4me Mariam K\u00fchsel-Hussaini wohl niemals \u00fcber die Lippen.<br \/>\n.<br \/>\nEhemalige <a href=\"https:\/\/www.freiburg-schwarzwald.de\/blog\/global\/migration\/gastarbeiter\/\">Gastarbeiter<\/a>, die Integration immer als ihre <a href=\"https:\/\/www.freiburg-schwarzwald.de\/blog\/global\/integration\/integration-bringschuld\/\">Bringschuld<\/a> aufgefasst haben, wie auch ihre Kinder, denen sie diese Haltung vermittelten, konnten sich ein &#8222;Das interessiert mich nicht&#8220; niemals erlauben. Sie waren gezwungen, sich in das gesellschaftliche Leben hierzulande einzubringen, wie Migranten in den Einwanderungsl\u00e4ndern USA, Kanada und Australien heute noch. Sie haben sich &#8211; ohne <a href=\"https:\/\/www.freiburg-schwarzwald.de\/blog\/selbsthilfe\/soziales\/arbeit\/buergergeld\/\">B\u00fcrgergeld incl. Warmmiete<\/a>&#8211; einen Wohlstand erarbeitet, auf den sie zu Recht stolz sein k\u00f6nnen.<br \/>\n.<br \/>\nZuversichtlich macht, da\u00df man &#8222;Das interessiert mich nicht&#8220; von der jungen Generation immer weniger h\u00f6rt. Auch nach der neuen <a href=\"https:\/\/www.freiburg-schwarzwald.de\/blog\/selbsthilfe\/jugend\/\">Shell-Jugendstudie<\/a> nimmt deren Politikverdrossenheit ab und deren Interesse am politischen Geschehen zu. Verst\u00e4ndlich, da gerade sie abends und nachts nicht in vornehm abgeschiedenen Wohnvierteln des Establishments verweilen, sondern drau\u00dfen im \u00f6ffentlichen Raum unterwegs sind, in dem junge M\u00e4nner herrschen, die bzw. deren Eltern in islam-patriarchalen Gesellschaften sozialisiert worden sind.<br \/>\nDie Alterskohorte der 16- bis 24-J\u00e4hrigen hat erkannt, da\u00df es um die Freiheit, Objektivit\u00e4t und Ausgewogenheit der konventionellen Medien in D (ganz anders in F und I) schlecht aussieht. Unser zwangsfinanzierter <a href=\"https:\/\/www.freiburg-schwarzwald.de\/blog\/kultur\/medien\/oerr\/\">\u00d6RR<\/a> wie auch die teilweise subventionierten Mainstreammedien sind zu Claqueuren der jeweiligen Berliner Regierung geworden. Kritik wird als rechts = rechtsradikal = rechtsextrem = Nazi diffamiert. Dabei gilt nach wie vor das grundlegende Diktum von Hannah Arendt: <em>&#8222;Die <a href=\"https:\/\/www.freiburg-schwarzwald.de\/blog\/religion\/pluralismus\/\">Pluralit\u00e4t der Meinungen<\/a> ist der Motor der Demokratie&#8220;<\/em>. Und auch R\u00fcdiger Safranski&#8217;s Aussage <em>&#8222;Wo es links gibt, mu\u00df es auch rechts geben und umgekehrt&#8220;<\/em>. <a href=\"https:\/\/www.freiburg-schwarzwald.de\/blog\/engagement\/zukunft\/demokratie\/freiheit\/abweichende-meinung\/\">Abweichende Meinungen<\/a> werden vornehmlich \u00fcber Internet verbreitet. Neben Social Media sind dies die drei t\u00e4glichen Informationslieferanten bzw. Favoriten so vieler junger Menschen:<br \/>\n&#8211; https:\/\/www.kontrafunk.ch (bzw. <a href=\"https:\/\/www.kontrafunk.radio\">https:\/\/www.kontrafunk.radio<\/a> , kontrafunk.de) Digital-Radio von deutschen Journalisten, die aus der Schweiz senden.<br \/>\n&#8211; <a href=\"https:\/\/www.dushanwegner.com\/freie-denker\">https:\/\/www.dushanwegner.com\/freie-denker<\/a> \u00dcbersicht zu 30 deutschsprachigen Polit-Portalen, deren Links alle 15 Minuten mit aktualisiert wird.<br \/>\n&#8211; <a href=\"https:\/\/apollo-news.net\">https:\/\/apollo-news.net<\/a> Nachrichten-Plattform von jungen 20-25-j\u00e4hrigen JournalistInnen aus Berlin.<br \/>\n.<br \/>\nNat\u00fcrlich hat man als Jugendlicher einen Anspruch auf ein sorgenfreies Aufwachsen bzw. auf Unbek\u00fcmmertheit. Ja, aber: Die aktuelle Politik des <a href=\"https:\/\/www.freiburg-schwarzwald.de\/blog\/engagement\/zukunft\/demokratie\/staat\/schuldenpolitik\/\">Schuldenmachens<\/a> w\u00e4lzt die Probleme und Lasten der\u00a0 Gegenwart auf die Zukunft ab, also auf die nachwachsende Generation. Und dies erfahren auch die 16-J\u00e4hrigen &#8211; nicht im ZDF, sondern im ach so vielgeschm\u00e4hten TikTok.<br \/>\nGanz im Gegensatz verh\u00e4lt sich die <a href=\"https:\/\/www.freiburg-schwarzwald.de\/blog\/selbsthilfe\/senioren\/\">Generation der Alten<\/a> bzw. Ruhest\u00e4ndler, die diesen Anspruch auf Unbek\u00fcmmertheit f\u00fcr sich geltend machen. Und dabei mit Pensionen bzw. Renten in einer H\u00f6he ausgestattet sind, die die nachfolgenden Alten wohl nie erreichen werden. Ihre Devise lautet \u00fcberspitzt formuliert:<br \/>\n&#8211; Ich bin ja so positiv und optimistisch.<br \/>\n&#8211; Es gibt nur eine Wahrheit und die hei\u00dft Ampel-Regierung oder wer gerade regiert.<br \/>\n&#8211; Wir sind in D ja so ein reiches Land.<br \/>\n&#8211; Lasst uns in Ruhe mit eurem alternativen Hinterfragen und Diskutieren.<\/p>\n<p>Henryk M. Broder, der j\u00fcdische Gr\u00fcnder von <a href=\"https:\/\/www.achgut.com\">https:\/\/www.achgut.com<\/a>, hat diese Haltung bzw. Devise als <em><strong>&#8222;realit\u00e4tsfernen Optimismus&#8220;<\/strong><\/em> beschrieben und darauf hingewiesen, da\u00df die jetzige Generation der Alten diese Devise benutzt, um ihre Flucht vor Verantwortung und ihr Schmarotzertum als <a href=\"https:\/\/www.freiburg-schwarzwald.de\/blog\/engagement\/zukunft\/generationenvertrag\/\">Generation AUS<\/a> (Apotheke, Urlaub, Sucht) zu caschieren. &#8222;Das interessiert mich nicht&#8220; sagt der realit\u00e4tsferne Optimist.<br \/>\nGleichzeitig f\u00fchrt das ungerechte Rentensystem dazu, da\u00df immer mehr Menschen trotz 40-bis 50-j\u00e4hriger Erwerbst\u00e4tigkeit im Alter in prek\u00e4ren Verh\u00e4ltnissen leben m\u00fcssen &#8211; eine beklagenswerte Spaltung der alternden Gesellschaft: Einerseits die Seniorengeneration AUS, die in S\u00fcdspanien \u00fcberwintert, und andererseits die Altengeneration ARM, die die Abfalleimer nach etwas Verwertbarem durchsucht.<\/p>\n<p>Wie der Bekanntenkreis unterbinden auch Politik und Mainstreammedien die Diskussion &#8211; nur wird dabei ein privates &#8222;Das interessiert mich nicht&#8220; ersetzt durch ein staatliches &#8222;Das hat Sie aber zu interessieren&#8220;, worauf die B\u00fcrger durch den <a href=\"https:\/\/www.freiburg-schwarzwald.de\/blog\/kultur\/medien\/medien-politik\/\">polit-medialen Komplex<\/a> mit den verschiedenen Instrumenten von <a href=\"https:\/\/www.freiburg-schwarzwald.de\/blog\/engagement\/zukunft\/demokratie\/nudging\/\">Nudging<\/a>, <a href=\"https:\/\/www.freiburg-schwarzwald.de\/blog\/kultur\/medien\/journalismus\/erziehungsjournalismus\/\">Erziehung<\/a>, <a href=\"https:\/\/www.freiburg-schwarzwald.de\/blog\/engagement\/zukunft\/demokratie\/demokratiefoerderung\/\">Demokratief\u00f6rderung<\/a>, Aufkl\u00e4rung, P\u00e4dagogisierung, Propaganda Kampagne und Instruktion konfrontiert werden. \u00dcber Zeitungsanzeigen, TV-Spots, Websites, Plakate und Polit-Talks. Wie die Waschmittelindustrie ihr Ariel, so <a href=\"https:\/\/www.freiburg-schwarzwald.de\/blog\/business\/dienste\/werbung\/\">bewirbt<\/a> die Bundesregierung \u00fcber die von ihr finanzierten <a href=\"https:\/\/www.freiburg-schwarzwald.de\/blog\/vereine\/ngo\/\">NGOs<\/a> und die Medien &#8222;unsere Demokratie&#8220; mit Millionenbetr\u00e4gen. In 2023 wurden allein 182 Mio Euro an Steuergeldern f\u00fcr das Programm &#8222;Demokratie leben!&#8220; ausgegeben.<br \/>\n.<br \/>\nDie B\u00fcrgermeinung &#8222;Das interessiert mich nicht&#8220; geht noch tiefer:<br \/>\nNachdem Religion, Nation und die &#8222;westlichen Werte&#8220; kaum mehr gelten, stellt sich die Frage, worauf der s\u00e4kulare demokratische Staat noch gr\u00fcndet, d.h. &#8222;worin findet er die ihn tragende, homogenit\u00e4tsverb\u00fcrgende Kraft und die inneren Regulierungskr\u00e4fte der Freiheit, deren er bedarf, nachdem die Bindungskraft der Religion f\u00fcr ihn nicht mehr essentiell ist und sein kann?\u201c. Der Staatsrechtler <a href=\"https:\/\/www.freiburg-schwarzwald.de\/blog\/boeckenfoerde-grosser-freiburger\/\">Ernst-Wolfgang B\u00f6ckenf\u00f6rde<\/a> beantwortet diese Frage 2006 in dem nach ihm benannten B\u00f6ckenf\u00f6rde-Diktum wie folgt:<br \/>\n\u201e<em>Der freiheitliche, s\u00e4kularisierte Staat lebt von Voraussetzungen, die er selbst nicht garantieren kann.<\/em> Das ist das gro\u00dfe Wagnis, das er, um der Freiheit willen, eingegangen ist. Als freiheitlicher Staat kann er einerseits nur bestehen, wenn sich die Freiheit, die er seinen B\u00fcrgern gew\u00e4hrt, von innen her, aus der moralischen Substanz des einzelnen und der Homogenit\u00e4t der Gesellschaft, reguliert. Anderseits kann er diese inneren Regulierungskr\u00e4fte nicht von sich aus, das hei\u00dft mit den Mitteln des Rechtszwanges und autoritativen Gebots zu garantieren suchen, ohne seine Freiheitlichkeit aufzugeben und \u2013 auf s\u00e4kularisierter Ebene \u2013 in jenen Totalit\u00e4tsanspruch zur\u00fcckzufallen, aus dem er in den konfessionellen B\u00fcrgerkriegen herausgef\u00fchrt hat.\u201c (Ernst-Wolfgang B\u00f6ckenf\u00f6rde: \u201eDie Entstehung des Staates als Vorgang der S\u00e4kularisation\u201c In: Recht, Staat, Freiheit. 2006, S. 112 f,<em> kursiv <\/em>im Original)<\/p>\n<p>Die FDGO kann nur bestehen, wenn die B\u00fcrger die ihnen gew\u00e4hrte <a href=\"https:\/\/www.freiburg-schwarzwald.de\/blog\/engagement\/zukunft\/demokratie\/freiheit\/\">Freiheit <\/a>nutzen, um sich f\u00fcr ihre FDGO einzusetzen. Sei es durch Partizipation am gesellschaftlichen Diskurs (<a href=\"https:\/\/www.freiburg-schwarzwald.de\/blog\/kultur\/medien\/diskussionskultur\/\">Diskussionskultur<\/a>) oder durch die Bereitschaft, selbst <a href=\"https:\/\/www.freiburg-schwarzwald.de\/blog\/engagement\/verantwortung\/\">Verantwortung<\/a> zu \u00fcbernehmen (aktives und passives Wahlrecht). Wenn &#8222;Das interessiert mich nicht&#8220; zum vorherrschenden Statement wird, dann wird die FDGO zur Farce und die Demokratie wird letztendlich \u00fcber eine Post-Demokratie zum <a href=\"https:\/\/www.freiburg-schwarzwald.de\/blog\/engagement\/zukunft\/demokratie\/totalitarismus\/\">Totalitarismus<\/a>.<br \/>\nHinter &#8222;Das interessiert mich nicht&#8220; verbirgt sich das entschuldigende &#8222;Keine Ahnung&#8220;, und die Ahnungslosen waren schon immer die besten <a href=\"https:\/\/www.freiburg-schwarzwald.de\/blog\/global\/deutschland\/gesellschaft\/untertan\/\">Untertan<\/a> in irgendeinem totalit\u00e4ren System.<br \/>\n.<br \/>\nDie <a href=\"https:\/\/www.freiburg-schwarzwald.de\/blog\/engagement\/zukunft\/demokratie\/democracy-first\/\">Demokratie ist die beste<\/a>, wenngleich f\u00fcr seine B\u00fcrger anstrengendste Staatsform. Denn sie sind als <a href=\"https:\/\/www.freiburg-schwarzwald.de\/blog\/pressekodex-muendige-buerger\/\">m\u00fcndige<\/a> B\u00fcrger gefordert, sich in einer pluralen Gesellschaft mit ihrer eigenen Meinung einzubringen. Um so zum &#8222;<a href=\"https:\/\/www.freiburg-schwarzwald.de\/blog\/global\/deutschland\/consent-of-the-governed\/\">Consent of the Governed<\/a>&#8220; beizutragen. Verzichten die B\u00fcrger auf ihre M\u00fcndigkeit, dann landen sie \u00fcber kurz oder lang in einer Diktatur, in der ihr &#8222;Das interessiert mich nicht&#8220; die da oben garantiert \u00fcberhaupt nicht interessiert.<br \/>\n18.10.2024<\/p>\n<p>Dieser Beitrag ist auch erschienen auf:<br \/>\n<a href=\"https:\/\/ansage.org\/die-todesfloskel-fuer-jede-demokratie-das-interessiert-mich-nicht\/\">https:\/\/ansage.org\/die-todesfloskel-fuer-jede-demokratie-das-interessiert-mich-nicht\/<\/a><\/p>\n","protected":false},"excerpt":{"rendered":"<p>Eine breite Diskussion \u00fcber die derzeit dramatischen Ver\u00e4nderungen und den Niedergang in Deutschland gibt es leider nicht &#8211; weder im Privaten, noch in den Medien und der Politik. &#8222;Lass&#8216; mich damit in Ruhe&#8220; oder &#8222;Das interessiert mich nicht&#8220; oder &#8222;Ich &hellip; <a href=\"https:\/\/www.freiburg-schwarzwald.de\/blog\/das-interessiert-mich-nicht\/\">Weiterlesen <span class=\"meta-nav\">&rarr;<\/span><\/a><\/p>\n","protected":false},"author":2,"featured_media":0,"comment_status":"open","ping_status":"closed","sticky":false,"template":"","format":"standard","meta":{"footnotes":""},"categories":[18,36,400,139,13,119,98,80],"tags":[766,749,682,720],"class_list":["post-127603","post","type-post","status-publish","format-standard","hentry","category-bildung","category-engagement","category-freiwillig","category-heimat","category-kultur","category-kunst","category-literatur","category-medien","tag-buerger","tag-diskussionskultur","tag-freiheit","tag-medien"],"_links":{"self":[{"href":"https:\/\/www.freiburg-schwarzwald.de\/blog\/wp-json\/wp\/v2\/posts\/127603","targetHints":{"allow":["GET"]}}],"collection":[{"href":"https:\/\/www.freiburg-schwarzwald.de\/blog\/wp-json\/wp\/v2\/posts"}],"about":[{"href":"https:\/\/www.freiburg-schwarzwald.de\/blog\/wp-json\/wp\/v2\/types\/post"}],"author":[{"embeddable":true,"href":"https:\/\/www.freiburg-schwarzwald.de\/blog\/wp-json\/wp\/v2\/users\/2"}],"replies":[{"embeddable":true,"href":"https:\/\/www.freiburg-schwarzwald.de\/blog\/wp-json\/wp\/v2\/comments?post=127603"}],"version-history":[{"count":5,"href":"https:\/\/www.freiburg-schwarzwald.de\/blog\/wp-json\/wp\/v2\/posts\/127603\/revisions"}],"predecessor-version":[{"id":127989,"href":"https:\/\/www.freiburg-schwarzwald.de\/blog\/wp-json\/wp\/v2\/posts\/127603\/revisions\/127989"}],"wp:attachment":[{"href":"https:\/\/www.freiburg-schwarzwald.de\/blog\/wp-json\/wp\/v2\/media?parent=127603"}],"wp:term":[{"taxonomy":"category","embeddable":true,"href":"https:\/\/www.freiburg-schwarzwald.de\/blog\/wp-json\/wp\/v2\/categories?post=127603"},{"taxonomy":"post_tag","embeddable":true,"href":"https:\/\/www.freiburg-schwarzwald.de\/blog\/wp-json\/wp\/v2\/tags?post=127603"}],"curies":[{"name":"wp","href":"https:\/\/api.w.org\/{rel}","templated":true}]}}