{"id":127006,"date":"2024-09-27T14:35:02","date_gmt":"2024-09-27T12:35:02","guid":{"rendered":"https:\/\/www.freiburg-schwarzwald.de\/blog\/?p=127006"},"modified":"2024-09-28T19:47:33","modified_gmt":"2024-09-28T17:47:33","slug":"buerger-plauen-friedensprotest","status":"publish","type":"post","link":"https:\/\/www.freiburg-schwarzwald.de\/blog\/buerger-plauen-friedensprotest\/","title":{"rendered":"B\u00fcrger Plauen: Friedensprotest"},"content":{"rendered":"<p>Ja, die <a href=\"https:\/\/www.freiburg-schwarzwald.de\/blog\/engagement\/zukunft\/frieden\/friedensbewegung2-0\/\">Friedensbewegung<\/a> schl\u00e4ft <a href=\"https:\/\/www.freiburg-schwarzwald.de\/blog\/engagement\/zukunft\/frieden\/friedensbewegung\/\">weiter<\/a> in Deutschland. Trotz laut Wall Street Journal einer Million Toten und Verletzten im <a href=\"https:\/\/www.freiburg-schwarzwald.de\/blog\/global\/ukraine\/ukrainekrieg\/\">Ukrainekrieg<\/a> , trotz <a href=\"https:\/\/www.freiburg-schwarzwald.de\/blog\/atom-nachruestung-hierzulande\/\">Nachr\u00fcstung 2.0<\/a> und Wegfall der <a href=\"https:\/\/www.freiburg-schwarzwald.de\/blog\/global\/ukraine\/waffenstillstand\/\">Reichweitenbeschr\u00e4nkung<\/a> von Raketen (8 min bis Moskau). Da hilft nur, es der B\u00fcrgerplattform Plauen\/Vogtland nachzumachen, <!--more-->die seit 2 Jahren montags und samstags in der Stadt eine <a href=\"https:\/\/www.freiburg-schwarzwald.de\/blog\/engagement\/buergerinitiativen\/friedensdemo\/\">Mahnwache<\/a> f\u00fcr den <a href=\"https:\/\/www.freiburg-schwarzwald.de\/blog\/engagement\/zukunft\/frieden\/\">Frieden<\/a> stellt und einen <a href=\"https:\/\/www.freiburg-schwarzwald.de\/blog\/emma-offener-brief-an-scholz\/\">Offenen Brief<\/a> &#8222;Es gibt im Ukrainekrieg keine milit\u00e4rische L\u00f6sung&#8220; an den Bundeskanzler geschrieben hat:<br \/>\n.<br \/>\n<a href=\"https:\/\/www.freiburg-schwarzwald.de\/blog\/wp-content\/uploads\/2024\/09\/friedensaktion-plauen1-2024.jpg\"><img loading=\"lazy\" decoding=\"async\" class=\"alignnone size-full wp-image-127008\" src=\"https:\/\/www.freiburg-schwarzwald.de\/blog\/wp-content\/uploads\/2024\/09\/friedensaktion-plauen1-2024.jpg\" alt=\"\" width=\"640\" height=\"864\" srcset=\"https:\/\/www.freiburg-schwarzwald.de\/blog\/wp-content\/uploads\/2024\/09\/friedensaktion-plauen1-2024.jpg 640w, https:\/\/www.freiburg-schwarzwald.de\/blog\/wp-content\/uploads\/2024\/09\/friedensaktion-plauen1-2024-474x640.jpg 474w, https:\/\/www.freiburg-schwarzwald.de\/blog\/wp-content\/uploads\/2024\/09\/friedensaktion-plauen1-2024-133x180.jpg 133w\" sizes=\"auto, (max-width: 640px) 100vw, 640px\" \/><\/a><br \/>\n.<br \/>\n<a href=\"https:\/\/www.freiburg-schwarzwald.de\/blog\/wp-content\/uploads\/2024\/09\/friedensaktion-plauen2-2024.jpg\"><img loading=\"lazy\" decoding=\"async\" class=\"alignnone size-full wp-image-127009\" src=\"https:\/\/www.freiburg-schwarzwald.de\/blog\/wp-content\/uploads\/2024\/09\/friedensaktion-plauen2-2024.jpg\" alt=\"\" width=\"640\" height=\"841\" srcset=\"https:\/\/www.freiburg-schwarzwald.de\/blog\/wp-content\/uploads\/2024\/09\/friedensaktion-plauen2-2024.jpg 640w, https:\/\/www.freiburg-schwarzwald.de\/blog\/wp-content\/uploads\/2024\/09\/friedensaktion-plauen2-2024-487x640.jpg 487w, https:\/\/www.freiburg-schwarzwald.de\/blog\/wp-content\/uploads\/2024\/09\/friedensaktion-plauen2-2024-137x180.jpg 137w\" sizes=\"auto, (max-width: 640px) 100vw, 640px\" \/><\/a><br \/>\n.<br \/>\nFazit: In Tausenden von Kommunen solche <a href=\"https:\/\/www.freiburg-schwarzwald.de\/blog\/engagement\/buergerinitiativen\/protest\/\">Protestdemonstrationen<\/a> durchf\u00fchren und immer wieder Offene Briefe die <a href=\"https:\/\/www.freiburg-schwarzwald.de\/blog\/engagement\/zukunft\/demokratie\/ampel\/\">Ampel<\/a>-Regierung abschicken. Damit die deutschlandweit in <a href=\"https:\/\/www.freiburg-schwarzwald.de\/blog\/kultur\/medien\/mainstream\/\">Medien<\/a> und Politik dominierende <a href=\"https:\/\/www.freiburg-schwarzwald.de\/blog\/kriegsrhetorik-beenden-brief\/\">Kriegsrhetorik<\/a> endlich von einer umfassenden <a href=\"https:\/\/www.freiburg-schwarzwald.de\/blog\/friedens-statt-kriegsrhetorik\/\">Friedensrhetorik<\/a> abgel\u00f6st wird. Damit die Diplomatie das Sagen hat und nicht die Milit\u00e4rs mitsamt Waffenindustrie.<br \/>\n27.9.2024<br \/>\n-.<br \/>\nEnde von Beitrag &#8222;B\u00fcrger Plauen: &#8222;Friedensprotest&#8220;<br \/>\n============================================================<br \/>\nBeginn von Anlagen (1) &#8211;<br \/>\n.<\/p>\n<p><strong>(1) Ein Offener Brief an die Bundesregierung, w\u00f6chentlich wiederkehrende Demonstrationen und deren \u00f6ffentliche Nichtbeachtung<\/strong><br \/>\n.<br \/>\nDie Verfasser nehmen, so ihr Schreiben, die genannten Politiker \u201enur noch als milit\u00e4rische Unterst\u00fctzer eines Krieges wahr; diplomatische Friedensinitiativen vonseiten der EU sind f\u00fcr uns nicht erkennbar\u201c. Sie richten weitere eindringliche Worte an den Bundeskanzler: \u201eDie Menschen wollen keinen Krieg. Sie erwarten von den Politikern, dass sie sich f\u00fcr den Frieden einsetzen! Dies fordert nach neuesten Umfragen mehr als die H\u00e4lfte der deutschen Bev\u00f6lkerung.\u201c Sie erinnern den Kanzler an ein Zitat von Gandhi: \u201eEs gibt keinen Weg zum Frieden, denn der Frieden ist der Weg.\u201c<\/p>\n<p>Es f\u00fchle sich leider auch so an, als w\u00e4ren viele B\u00fcrger zunehmend abgestumpft, als w\u00fcrden sie sagen: Das bringt alles nichts, es \u00e4ndert sich nichts. Und es sei noch schlimmer, wie einer der Aktivisten, Dietmar Schlei, in einem Rundschreiben an seine \u201eMitdenker\u201c ausf\u00fchrt:<br \/>\n<em>&#8222;Leute auf der Stra\u00dfe ansprechen und sie gar zu einer Unterschrift zu bewegen, lief nicht wirklich gut. Viele wollten ihre Adresse nicht auf den Zettel schreiben, jene, die noch arbeiten, bef\u00fcrchteten Nachteile. So weit sind wir schon. Erw\u00e4hnt sei aber, dass sie die im Brief angesprochenen Themen durchaus unterst\u00fctzen \u2013 aber die besagte Angst sitzt ihnen halt im Nacken. Es ist frustrierend, seit mehr als zwei Jahren stehen wir, medial unbeachtet, samstags 15:00 Uhr bis 16:00 Uhr vorm Landratsamt und montags von 17:00 Uhr bis 18:00 Uhr vorm Wendedenkmal. Hinweise \u00fcber unsere Anwesenheit, wie auch ein Bericht \u00fcber friedensliebende Leute, die derzeit von Bitterfeld nach Monaco laufen, legen unsere \u201eQualit\u00e4tsmedien\u201c offenbar in den Giftschrank.&#8220;<\/em><br \/>\n&#8230;.<br \/>\nDietmar Schlei ist ein Plauener, der sich seit vielen Jahren fern von etablierten Parteien und Organisationen in seiner Heimatstadt politisch engagiert. Schlei ist Mitbegr\u00fcnder einer basisdemokratischen Interessenvertretung, die \u201eB\u00fcrgerplattform f\u00fcr demokratische Erneuerung\u201c genannt wurde. Diese 2010 gegr\u00fcndete Plattform stellte sich schlie\u00dflich sogar bei Kommunalwahlen der politischen Konkurrenz. Der Plauener Dietmar Schlei wird, nun im Jahr 2024, weiterhin nicht m\u00fcde, Woche f\u00fcr Woche auf die Stra\u00dfe zu gehen \u2013 als Mitstreiter der Mahnwachen-Aktivisten.<br \/>\n<a href=\"https:\/\/youtu.be\/oXe_e2OSQfQ\">https:\/\/youtu.be\/oXe_e2OSQfQ<\/a><\/p>\n<p><strong>Trotz alledem: Seit zwei Jahren montags und samstags Demokratie leben<\/strong><br \/>\nSie sind nicht mehr als ein Dutzend, die zweimal die Woche mit Transparenten auftreten \u2013 und das seit zwei Jahren. Montags stehen die \u201eMahnwachen-Aktivisten\u201c vor einem Wahrzeichen der Stadt Plauen, dem Wendedenkmal. Samstags stellt sich die Gruppe, Frauen und M\u00e4nner verschiedener Generationen, vor das Eingangsportal des Landratsamtes im Zentrum der vogtl\u00e4ndischen Hauptstadt. Die Passanten lesen auf den Plakaten S\u00e4tze wie: \u201eFriedensvertrag statt Kriegseins\u00e4tze\u201c, \u201eWo Unrecht zu Recht wird, wird Widerstand zur Pflicht\u201c, \u201eWer Krieg will, liefert Waffen, wer Frieden will, schickt Diplomaten\u201c. Einen Film zu ihren Aktionen gibt es hier zu sehen:<br \/>\n&#8230; Alles vom 27.9.2024 von Frank Blenz bitte lesen auf<br \/>\n<a href=\"https:\/\/www.nachdenkseiten.de\/?p=122106\">https:\/\/www.nachdenkseiten.de\/?p=122106<\/a><\/p>\n<p>B\u00fcrgerplattform f\u00fcr demokratische Erneuerung e.V. in Plauen<br \/>\n<a href=\"https:\/\/www.facebook.com\/p\/B%C3%BCrgerplattform-f%C3%BCr-demokratische-Erneuerung-eV-100067976302172\/\">https:\/\/www.facebook.com\/p\/B%C3%BCrgerplattform-f%C3%BCr-demokratische-Erneuerung-eV-100067976302172\/<\/a><\/p>\n","protected":false},"excerpt":{"rendered":"<p>Ja, die Friedensbewegung schl\u00e4ft weiter in Deutschland. Trotz laut Wall Street Journal einer Million Toten und Verletzten im Ukrainekrieg , trotz Nachr\u00fcstung 2.0 und Wegfall der Reichweitenbeschr\u00e4nkung von Raketen (8 min bis Moskau). Da hilft nur, es der B\u00fcrgerplattform Plauen\/Vogtland &hellip; <a href=\"https:\/\/www.freiburg-schwarzwald.de\/blog\/buerger-plauen-friedensprotest\/\">Weiterlesen <span class=\"meta-nav\">&rarr;<\/span><\/a><\/p>\n","protected":false},"author":2,"featured_media":0,"comment_status":"open","ping_status":"closed","sticky":false,"template":"","format":"standard","meta":{"footnotes":""},"categories":[181,36,195,172],"tags":[325,813,682,520,667,796],"class_list":["post-127006","post","type-post","status-publish","format-standard","hentry","category-buergerbeteiligung","category-engagement","category-eu","category-zukunft","tag-demo","tag-diplomatie","tag-freiheit","tag-frieden","tag-krieg","tag-ukraine"],"_links":{"self":[{"href":"https:\/\/www.freiburg-schwarzwald.de\/blog\/wp-json\/wp\/v2\/posts\/127006","targetHints":{"allow":["GET"]}}],"collection":[{"href":"https:\/\/www.freiburg-schwarzwald.de\/blog\/wp-json\/wp\/v2\/posts"}],"about":[{"href":"https:\/\/www.freiburg-schwarzwald.de\/blog\/wp-json\/wp\/v2\/types\/post"}],"author":[{"embeddable":true,"href":"https:\/\/www.freiburg-schwarzwald.de\/blog\/wp-json\/wp\/v2\/users\/2"}],"replies":[{"embeddable":true,"href":"https:\/\/www.freiburg-schwarzwald.de\/blog\/wp-json\/wp\/v2\/comments?post=127006"}],"version-history":[{"count":5,"href":"https:\/\/www.freiburg-schwarzwald.de\/blog\/wp-json\/wp\/v2\/posts\/127006\/revisions"}],"predecessor-version":[{"id":127038,"href":"https:\/\/www.freiburg-schwarzwald.de\/blog\/wp-json\/wp\/v2\/posts\/127006\/revisions\/127038"}],"wp:attachment":[{"href":"https:\/\/www.freiburg-schwarzwald.de\/blog\/wp-json\/wp\/v2\/media?parent=127006"}],"wp:term":[{"taxonomy":"category","embeddable":true,"href":"https:\/\/www.freiburg-schwarzwald.de\/blog\/wp-json\/wp\/v2\/categories?post=127006"},{"taxonomy":"post_tag","embeddable":true,"href":"https:\/\/www.freiburg-schwarzwald.de\/blog\/wp-json\/wp\/v2\/tags?post=127006"}],"curies":[{"name":"wp","href":"https:\/\/api.w.org\/{rel}","templated":true}]}}