{"id":126430,"date":"2024-08-27T08:12:13","date_gmt":"2024-08-27T06:12:13","guid":{"rendered":"https:\/\/www.freiburg-schwarzwald.de\/blog\/?p=126430"},"modified":"2024-08-27T21:26:03","modified_gmt":"2024-08-27T19:26:03","slug":"telegram-fb-meinungsfreiheit","status":"publish","type":"post","link":"https:\/\/www.freiburg-schwarzwald.de\/blog\/telegram-fb-meinungsfreiheit\/","title":{"rendered":"Telegram FB: Meinungsfreiheit?"},"content":{"rendered":"<p>Es ist seltsam, da\u00df der einst im Westen als Putin-Kritiker gefeierte Gr\u00fcnder von Telegram, Pavel Durov, nicht vom autorit\u00e4ren <a href=\"https:\/\/www.freiburg-schwarzwald.de\/blog\/global\/russland\/\">russischen Regime<\/a> verhaftet wurde, sondern jetzt im freiheitlich-demokratischen <a href=\"https:\/\/www.freiburg-schwarzwald.de\/blog\/global\/france\/frankreich2022\/\">Frankreich<\/a>. Verhaftung im <a href=\"https:\/\/www.freiburg-schwarzwald.de\/blog\/engagement\/zukunft\/demokratie\/westen\/wertewesten\/\">Wertewesten<\/a>, nicht im wertelosen Osten.<!--more--><br \/>\nMark Zuckerberg, Gr\u00fcnder von Meta (Facebook) r\u00e4umte in einem offenen Brief ein, auf Druck der <a href=\"https:\/\/www.freiburg-schwarzwald.de\/blog\/global\/usa\/biden\/\">Biden<\/a>-Administration und des FBI seit 2021 Content mit Bezug zu Corona und US-Politik (<a href=\"https:\/\/www.freiburg-schwarzwald.de\/blog\/global\/ukraine\/ukraine-russland\/\">Hunter Biden<\/a>&#8217;s Laptop als russische Desinformationskampagne darstellen) zensiert zu haben. Ausserdem k\u00fcndigte er an, da\u00df seine Chan Zuckerberg Initiative keinen Einflu\u00df mehr auf den Aufbau einer Wahlinfrastruktur nehmen werde. Zuckerberg will seine Unterst\u00fctzung der Democrats aufgeben und parteineutral sein.<br \/>\nIst dies ein gesch\u00e4ftliches Kalk\u00fcl oder Angst vor einer Verhaftung in den USA, wie die des Telegram-Gr\u00fcnders Durov in Frankreich (2)?<\/p>\n<p>Wie dem auch sei &#8211; \u00fcber <a href=\"https:\/\/www.freiburg-schwarzwald.de\/blog\/kultur\/medien\/meinungsfreiheit\/\">Meinungs-<\/a>\/<a href=\"https:\/\/www.freiburg-schwarzwald.de\/blog\/kultur\/medien\/pressefreiheit\/\">Pressefreiheit<\/a> und <a href=\"https:\/\/www.freiburg-schwarzwald.de\/blog\/kultur\/medien\/zensur\/\">Zensur<\/a> via <a href=\"https:\/\/www.freiburg-schwarzwald.de\/blog\/kultur\/medien\/social-media\/\">Social Media<\/a> befinden wenige <a href=\"https:\/\/www.freiburg-schwarzwald.de\/blog\/global\/globalisierung\/bigtech\/\">Big data<\/a>-Milliard\u00e4re. Und diese wiederum stehen in einem undurchsichtigen Abh\u00e4ngigkeitsverh\u00e4ltnis zu den jeweiligen Regierungen &#8211; hier von <a href=\"https:\/\/www.freiburg-schwarzwald.de\/blog\/global\/eu\/eu-zentralstaat\/\">EU<\/a>\/F und USA.<br \/>\nF\u00fcr den kleinen B\u00fcrger hei\u00dft dies: Skepsis und Vorsicht sind angebracht, sowohl hinsichtlich der angebotenen Information also auch den eigenen privaten Daten, die man den Social Media preisgibt.<br \/>\n27.8.2024<br \/>\n.<br \/>\nEnde von Beitrag &#8220; Telegram FB: Meinungsfreiheit?&#8220;<br \/>\n============================================================<br \/>\nBeginn von Anlagen (1) &#8211; (2)<br \/>\n.<br \/>\n.<br \/>\n<strong>(1) Die Heuchler der Freiheit: Wie der Westen seine eigenen Helden verr\u00e4t<\/strong><br \/>\n<strong>Doppelmoral in Reinform: Von Durovs Mut zur Zensur in der freien Welt<\/strong><br \/>\n&#8230;<br \/>\nEs ist noch nicht lange her, dass Durov f\u00fcr seinen ausgestreckten Mittelfinger Richtung Putin Beifall erhielt. Dieser junge Unternehmer, der sich weigerte, die Daten von Oppositionellen an die russischen Sicherheitsbeh\u00f6rden zu \u00fcbergeben, wurde zum Symbol f\u00fcr den Widerstand gegen staatliche Repression. Ein Mann, der nicht einknickte, selbst als die F\u00e4uste des russischen Machtapparats \u00fcber ihm schwebten und ihm konkrete Repressionen drohten.<br \/>\nAls 2011 auf Putins Anordnung hin Durovs Wohnung in St. Petersburg von Regierungsbeamten belagert wurde, war seine Antwort eindeutig: Er verweigerte die geforderte Zensur und stellte sich offen gegen den Druck. Die Reaktion des Westens? Einhellige Bewunderung und Hochachtung \u2013 Durov war der Held, der Mann, der sich gegen die Tyrannei stemmte.<br \/>\nDoch 2024 hat sich das Blatt auf einmal v\u00f6llig gewendet. Die westliche Welt, die Durov einst als Bollwerk gegen autorit\u00e4re Regime feierte, hat nun selbst die Peitsche in die Hand genommen. Der Vorwurf: \u201eFehlende Moderation\u201c auf seiner Plattform Telegram. Die Ironie? Durov wird nicht f\u00fcr seine \u201eSchw\u00e4che\u201c verfolgt, sondern f\u00fcr das, was ihn einst zur Ikone der Freiheit machte \u2013 seine Weigerung, Zensur auszu\u00fcben.<br \/>\nWas genau wirft man Durov vor? Telegram, die Plattform, die er nach seinem Exil aus Russland schuf, sei eine Brutst\u00e4tte f\u00fcr Hass und Hetze. Sie sei verantwortlich f\u00fcr die Verbreitung von Inhalten, die als bedrohlich f\u00fcr die westliche Gesellschaft angesehen werden. Der Vorwurf ist nicht neu; neu ist nur, dass die Strafen, die ihn nun erwarten, an die drakonischen Ma\u00dfnahmen erinnern, die er aus Russland kennt. 20 Jahre Gef\u00e4ngnis, weil er sich weigert, die Kontrolle \u00fcber die Meinungsfreiheit aus der Hand zu geben. Das kann man sich nicht ausdenken.<br \/>\nEs ist die Doppelmoral, die in diesem Fall so best\u00fcrzend wirkt. Wo bleibt die Emp\u00f6rung \u00fcber die staatliche Repression, die einst \u00fcberall zu h\u00f6ren war, als Durov in seine Konfrontation mit Putin geriet? Warum schweigen heute jene, die damals den Freiheitskampf hochhielten? Die Antwort ist simpel und erschreckend zugleich: Es geht nicht um Prinzipien und Werte, wie sie uns weismachen wollen. Es geht einzig und allein um Macht und Kontrolle.<br \/>\nDer Westen, der sich als Verteidiger der Freiheit r\u00fchmt, wendet die gleichen Mittel an wie die Regime, die er sonst st\u00e4ndig verurteilt. Die Forderung nach \u201eModeration\u201c, die heute in den Gerichtss\u00e4len der \u2013 einst \u2013 freien Welt eingefordert wird, ist nichts anderes als eine elegante Umschreibung f\u00fcr Zensur. Was man in Moskau anprangert, wird in Paris salonf\u00e4hig gemacht. Und in Berlin ebenso.<br \/>\n&#8230; Alles vom 25.8.2024 bitte lesen auf<br \/>\n<a href=\"https:\/\/reitschuster.de\/post\/die-heuchler-der-freiheit-wie-der-westen-seine-eigenen-helden-verraet\/\">https:\/\/reitschuster.de\/post\/die-heuchler-der-freiheit-wie-der-westen-seine-eigenen-helden-verraet\/<\/a><br \/>\n.<br \/>\n.<br \/>\n<strong>(2) Mark Zuckerberg r\u00e4umt Einflussnahme von Biden-Administration ein<\/strong><br \/>\nDer Gr\u00fcnder von Facebook, Mark Zuckerberg, verfasste einen offenen Brief, in dem er sein Bedauern ausdr\u00fcckt, auf Druck der Biden-Regierung Inhalte zu Covid-19 zensiert zu haben. Er betonte, sowohl sich als auch seine Firma zuk\u00fcnftig neutraler zu positionieren.<br \/>\n&#8230;<br \/>\nDer Brief von Zuckerberg lie\u00df viele Beobachter aufhorchen, denn unter den gro\u00dfen Social-Media-Zaren galt Zuckerberg als einer der engsten Vertrauten der Democrats. \u00dcber die Beweggr\u00fcnde f\u00fcr diese \u00f6ffentliche Kehrtwende l\u00e4sst sich vorerst nur spekulieren. Vor dem Hintergrund der Verhaftung von Pawel Durow erscheint es, als ob dieser Brief eine Flucht nach vorne darstellt, da Zuckerberg ansonsten irgendwann der n\u00e4chste sein k\u00f6nnte. Bereits einen Tag vor Ver\u00f6ffentlichung von dessen offenen Brief kommentierte Elon Musk die Frage, warum man nicht auch Mark Zuckerberg wegen der Erm\u00f6glichung von Kindesmissbrauch belange, damit, dass Zuckerberg bereits dem Zensurdruck nachgegeben habe und Regierungen \u00fcber Hintert\u00fcren Zugang zu Nutzerdaten erm\u00f6glicht.<br \/>\nWahrscheinlicher ist vorerst aber gesch\u00e4ftliches Kalk\u00fcl, denn w\u00e4hrend X unter Elon Musk durch dessen Bekenntnis zu freier Meinungs\u00e4u\u00dferung floriert, nimmt der Konkurrent von Meta, \u201eThreads\u201c, kaum Fahrt auf. Ebenso wird man bei Meta wohl darauf spekulieren, dass Donald Trump die Wahlen im November gewinnt und das Klima in den USA st\u00e4rker in Richtung Konservatismus tendiert.<br \/>\n&#8230; Alles vom 27.8.2024 von David Boos bitte lesen auf<br \/>\n<a href=\"https:\/\/www.tichyseinblick.de\/daili-es-sentials\/zuckerberg-offener-brief-zensur\/\">https:\/\/www.tichyseinblick.de\/daili-es-sentials\/zuckerberg-offener-brief-zensur\/<\/a><\/p>\n","protected":false},"excerpt":{"rendered":"<p>Es ist seltsam, da\u00df der einst im Westen als Putin-Kritiker gefeierte Gr\u00fcnder von Telegram, Pavel Durov, nicht vom autorit\u00e4ren russischen Regime verhaftet wurde, sondern jetzt im freiheitlich-demokratischen Frankreich. Verhaftung im Wertewesten, nicht im wertelosen Osten.<\/p>\n","protected":false},"author":2,"featured_media":0,"comment_status":"open","ping_status":"closed","sticky":false,"template":"","format":"standard","meta":{"footnotes":""},"categories":[21,14,162,80],"tags":[794,682,816,720,671],"class_list":["post-126430","post","type-post","status-publish","format-standard","hentry","category-dienste","category-global","category-internet","category-medien","tag-big-data","tag-freiheit","tag-inter","tag-medien","tag-presse"],"_links":{"self":[{"href":"https:\/\/www.freiburg-schwarzwald.de\/blog\/wp-json\/wp\/v2\/posts\/126430","targetHints":{"allow":["GET"]}}],"collection":[{"href":"https:\/\/www.freiburg-schwarzwald.de\/blog\/wp-json\/wp\/v2\/posts"}],"about":[{"href":"https:\/\/www.freiburg-schwarzwald.de\/blog\/wp-json\/wp\/v2\/types\/post"}],"author":[{"embeddable":true,"href":"https:\/\/www.freiburg-schwarzwald.de\/blog\/wp-json\/wp\/v2\/users\/2"}],"replies":[{"embeddable":true,"href":"https:\/\/www.freiburg-schwarzwald.de\/blog\/wp-json\/wp\/v2\/comments?post=126430"}],"version-history":[{"count":1,"href":"https:\/\/www.freiburg-schwarzwald.de\/blog\/wp-json\/wp\/v2\/posts\/126430\/revisions"}],"predecessor-version":[{"id":126431,"href":"https:\/\/www.freiburg-schwarzwald.de\/blog\/wp-json\/wp\/v2\/posts\/126430\/revisions\/126431"}],"wp:attachment":[{"href":"https:\/\/www.freiburg-schwarzwald.de\/blog\/wp-json\/wp\/v2\/media?parent=126430"}],"wp:term":[{"taxonomy":"category","embeddable":true,"href":"https:\/\/www.freiburg-schwarzwald.de\/blog\/wp-json\/wp\/v2\/categories?post=126430"},{"taxonomy":"post_tag","embeddable":true,"href":"https:\/\/www.freiburg-schwarzwald.de\/blog\/wp-json\/wp\/v2\/tags?post=126430"}],"curies":[{"name":"wp","href":"https:\/\/api.w.org\/{rel}","templated":true}]}}