{"id":125855,"date":"2024-08-01T08:31:44","date_gmt":"2024-08-01T06:31:44","guid":{"rendered":"https:\/\/www.freiburg-schwarzwald.de\/blog\/?p=125855"},"modified":"2024-08-03T07:35:21","modified_gmt":"2024-08-03T05:35:21","slug":"verantwortungslose-wendehaelse","status":"publish","type":"post","link":"https:\/\/www.freiburg-schwarzwald.de\/blog\/verantwortungslose-wendehaelse\/","title":{"rendered":"Verantwortungslose Wendeh\u00e4lse"},"content":{"rendered":"<p>Jeder Zusammenbruch eines gescheiterten Systems produziert seine <a href=\"https:\/\/www.freiburg-schwarzwald.de\/blog\/engagement\/zukunft\/demokratie\/wendehals\/\">Wendeh\u00e4ls<\/a>e. Dabei rufen und wehklagen gerade jene am lautesten, die f\u00fcr die Misere mitverantwortlich sind. Das waren 1989 nach dem Zusammenbruch der DDR Mitarbeiter von SED und Stasi. Das sind heute im Zuge des Zusammenbruchs <!--more-->der Merkel&#8217;schen Migrations- und Integrationspolitik Menschen aus Politik (Ampel, CDU), Migrations-Dienstleistung (<a href=\"https:\/\/www.freiburg-schwarzwald.de\/blog\/vereine\/ngo\/\">NGOs<\/a>, Kirchen) und <a href=\"https:\/\/www.freiburg-schwarzwald.de\/blog\/business\/industrie\/industrie2024\/\">Industrie<\/a>.<br \/>\nAnstatt <a href=\"https:\/\/www.freiburg-schwarzwald.de\/blog\/engagement\/verantwortung\/\">Verantwortung<\/a> zu \u00fcbernehmen f\u00fcr den angerichteten Schaden und zur\u00fcckzutreten, bleibt der moderne Wendehals im Amt mit lautstarkem Abwiegeln wie &#8222;Das konnten wir nicht wissen&#8220; und &#8222;Ja, aus heutiger Sicht &#8230;&#8220;.<\/p>\n<p><em>Zun\u00e4chst zu zwei Politiker-Wendeh\u00e4lsen:<\/em><br \/>\nBei der Gr\u00fcnen-Partei hat sich Boris Palmer als Wendehals der ersten Stunde hervorgetan. Aufgeschreckt durch das Abwenden der jungen Generation von den Gr\u00fcnen hin zur AfD stimmt Palmer der Jugend zu, wenn sie sich in ihrem <a href=\"https:\/\/www.freiburg-schwarzwald.de\/blog\/engagement\/zukunft\/demokratie\/rechts\/rechtsruck\/\">Rechtsruck<\/a> den &#8222;Dogmen der Wokeness und der offenen Grenzen&#8220; (1) entsagt. <a href=\"https:\/\/www.welt.de\/politik\/deutschland\/video251965914\/Boris-Palmer-Disco-Bahnhof-Park-in-den-Lebenswelten-der-Jungwaehler-sind-Migranten-hinzugekommen.html\">https:\/\/www.welt.de\/politik\/deutschland\/video251965914\/Boris-Palmer-Disco-Bahnhof-Park-in-den-Lebenswelten-der-Jungwaehler-sind-Migranten-hinzugekommen.html<\/a> Gleichzeitig jedoch bringt er das Kunstst\u00fcck fertig, weiter gegen die AfD zu wettern, obwohl er genau deren Positionen vertritt.<br \/>\n.<br \/>\nAuch der gr\u00fcne Verkehrsminister Winfried Hermann macht den Wendehals: Er wendet sich gegen die gr\u00fcne Ukrainepolitik von &#8222;<a href=\"https:\/\/www.freiburg-schwarzwald.de\/blog\/global\/russland\/russland-bashing\/\">Ru\u00dfland ruinieren<\/a>&#8220; (Annalena Baerbock) und Kriegsverl\u00e4ngerung durch Waffenlieferungen bis zum Sieg \u00fcber Ru\u00dfland. Hermann gr\u00fcndet die Initiative \u201cAufbruch zum Frieden&#8220; und verortet sich mit dem Slogan &#8222;Pazifist hei\u00dft: Jemand der Frieden macht&#8220; lautstark bei der <a href=\"https:\/\/www.freiburg-schwarzwald.de\/blog\/engagement\/zukunft\/frieden\/friedensbewegung2-0\/\">Friedensbewegung<\/a> (2). <a href=\"https:\/\/winnehermann.de\/initiative-aufbruch-zum-frieden-gruendet-sich-im-kulturzentrum-merlin\/\">https:\/\/winnehermann.de\/initiative-aufbruch-zum-frieden-gruendet-sich-im-kulturzentrum-merlin\/<\/a><br \/>\nWinfried Hermann \u00fcbernimmt pl\u00f6tzlich Forderungen von AfD und BSW, die er bis dato noch als Nazi verteufelt hatte. Als nunmehr &#8222;pragmatischer Pazifist&#8220; sollte er sich sch\u00e4men und erst mal die Reden des echten Pazifisten, Theologen und Psychoanalytikers Eugen Drewermann anh\u00f6ren. Dennoch: Es lebe die Friedensbewegung, die nat\u00fcrlich auch f\u00fcr gel\u00e4uterte Gr\u00fcne offen ist!<\/p>\n<p><em>Wendeh\u00e4lse in NGOs:<\/em><br \/>\nDas Kinder- und Jugendhilfswerk Arche hat sich seit 2015 niemals dagegen gewandt, immer mehr junge Migranten \u00fcber offene Grenzen ins Land zu lassen. Schlie\u00dflich flossen \u00fcber die Migrationspolitik von CDU und Ampel auch der Arche als Profiteur der <a href=\"https:\/\/www.freiburg-schwarzwald.de\/blog\/migrationsindustrie-helfer-umf\/\">Migrationsindustrie<\/a> reichlich Integrationsgelder zu. Nun beklagt Arche-Gr\u00fcnder Bernd Siggelkow im Welt-Interview am 15.3.2024: \u201eWir k\u00f6nnen nicht Menschen ins Land lassen und sie dann bei der ,Arche\u2018 oder den Tafeln parken\u201c. Am 29.7.2024 sagt Wolfgang B\u00fcscher von der Arche in einem Brandbrief: <em>\u201eWir sind am Ende. Unser System ist kollabiert. Um den anderen noch helfen zu k\u00f6nnen, fordere ich einen Aufnahme-Stopp von Fl\u00fcchtlingen.\u201c<\/em> (3) <a href=\"https:\/\/www.welt.de\/politik\/deutschland\/article252756144\/Integration-von-Fluechtlingen-Arche-Sprecher-befuerchtet-Unruhen-in-Deutschland.html\">https:\/\/www.welt.de\/politik\/deutschland\/article252756144\/Integration-von-Fluechtlingen-Arche-Sprecher-befuerchtet-Unruhen-in-Deutschland.html<\/a><br \/>\nUnd weiter zur Gewalt der migrantischen <a href=\"https:\/\/www.freiburg-schwarzwald.de\/blog\/global\/migration\/talahon\/\">Talahon<\/a>: <em>\u201eUns erreichen von anderen ,Arche\u2019-Leitern Hilferufe \u00fcber die zunehmende Gewalt. Bei uns laufen schon Elfj\u00e4hrige mit <a href=\"https:\/\/www.freiburg-schwarzwald.de\/blog\/selbsthilfe\/soziales\/justiz\/messerstecher\/\">Messern<\/a> herum. Dann verlieren wir die Kinder an Clans, die werben sie regelrecht an, sagen: ,Kommt zu uns, wenn es euch bei den Deutschen nicht gef\u00e4llt. Bei uns ist es besser\u2019\u201c.<\/em><br \/>\n<em>\u201eEinerseits fordern die Politiker pro Jahr 60.000 ausl\u00e4ndische Facharbeiter, andererseits gehen 60.000 junge Menschen ohne Abschluss von der Schule. Wir m\u00fcssen aufh\u00f6ren, die Menschen zu uns zu locken. Das ist Neokolonialismus. Die Fl\u00fcchtlinge fehlen ihrem Land, und nicht uns!\u201c<\/em>, kritisierte B\u00fcscher.<br \/>\n<em>\u201eDie Helfersysteme greifen nicht mehr. Die Integration ist gescheitert. Wir k\u00f6nnen nicht alles schaffen. Die Politiker reden und reden und verschlie\u00dfen vor den Problemen die Augen. Es wird eskalieren und einen gro\u00dfen Knall geben.\u201c<\/em><\/p>\n<p>F\u00fcr solch deutliche \u00c4u\u00dferungen zur <a href=\"https:\/\/www.freiburg-schwarzwald.de\/blog\/global\/integration\/integration-gescheitert\/\">gescheiterten Integration<\/a> von Migranten bzw. zur <a href=\"https:\/\/www.freiburg-schwarzwald.de\/blog\/radikalisierte-islam-jugend\/\">radikalisierten Islam-Jugend<\/a> w\u00fcrden Vertreter der Opposition als Verschw\u00f6rungstheoretiker in die <a href=\"https:\/\/www.freiburg-schwarzwald.de\/blog\/engagement\/zukunft\/demokratie\/rechts\/rechte-ecke\/\">rechte Ecke<\/a> gestellt.<br \/>\n.<br \/>\nNat\u00fcrlich ist die Kinder- und Jugendarbeit der Arche ehrenwert. Aber das Schweigen zu der mit der <a href=\"https:\/\/www.freiburg-schwarzwald.de\/blog\/global\/deutschland\/grenzoeffnung2015\/\">Grenz\u00f6fnung<\/a> 9\/2015 einsetzenden und absehbaren Entwicklung ist es nicht. Denn Schweigen bedeutet de fakto Zustimmung. Entsprechendes gilt auch f\u00fcr die von B\u00fcscher in seinem Brandbrief genannten <a href=\"https:\/\/www.freiburg-schwarzwald.de\/blog\/business\/handel\/tafel\/\">Tafeln<\/a>. \u00dcbrigens: Von einer tragischen Situation zu sprechen verbietet sich, denn das Scheitern der in <a href=\"https:\/\/www.freiburg-schwarzwald.de\/blog\/global\/eu\/budapest-dublin2015\/\">Budapest<\/a> ausgerufenen Integration war abzusehen und von so Vielen warnend vorausgesagt worden.<\/p>\n<p>Steht Siggelkow und B\u00fccher nun die Entlassung vom christlichen Hilfswerk Arche bevor, da sie Positionen der <a href=\"https:\/\/www.freiburg-schwarzwald.de\/blog\/vereine\/partei\/afd\/afd-diskussion\/\">AfD<\/a> guthei\u00dfen? Oder f\u00fchrt der Realit\u00e4tsschock endlich zu einem Umdenken der <a href=\"https:\/\/www.freiburg-schwarzwald.de\/blog\/religion\/christen\/christentum\/\">christlichen Kirchen<\/a> mitsamt ihrer NGOs: Schlie\u00dfen der offenen Grenzen und Ersetzen der <a href=\"https:\/\/www.freiburg-schwarzwald.de\/blog\/global\/integration\/asyl\/asylpolitik\/\">Asyl-<\/a> durch eine <a href=\"https:\/\/www.freiburg-schwarzwald.de\/blog\/global\/integration\/einwanderungsgesetz\/\">Einwanderungsgesetzgebung<\/a>, die den deutschen Interessen als Industrie- sowie Einwanderungsland gerecht wird?<\/p>\n<p><em>Wendeh\u00e4lse in der Industrie:<\/em><br \/>\nDie Industrie begr\u00fc\u00dfte die 9\/2015 einsetzende Massenimmigration als Allheilmittel gegen \u00dcberalterung und Fachkr\u00e4ftemangel. Heute sind ca 60 % der B\u00fcrgergeldempf\u00e4nger Migranten, in Hessen gar 76,4 %. Als Wendeh\u00e4lse jedoch sind zahlreiche CEOs weiterhin im Amt.<br \/>\nMartin Bruderm\u00fcller war bis zum Ruhestand im April CEO des deutschen <a href=\"https:\/\/www.freiburg-schwarzwald.de\/blog\/auch-die-basf-verlaesst-das-land\/\">Chemiekonzerns BASF<\/a>. Der &#8222;Lieblingsmanager&#8220; der Gr\u00fcnen und laut Kerstin Andreae (Gr\u00fcne) zum &#8222;Vorbild f\u00fcr andere Manager\u201c hochgelobte BASF-Vorstandsvorsitzende setze sich immer f\u00fcr die Massenmigration (billige Arbeitskr\u00e4fte) ab 9\/2015 und den Green Deal (Klima first) ein (4). Nun pl\u00f6tzlich im Februar 2023 seine Wende: &#8222;Die Situation ist ernst!\u201c. Teure Energie, B\u00fcrokratie und Lohnniveau zwingen BASF, die Chemie-Produktion von Deutschland ins Ausland zu verlagern. Als Folge der Wirtschaftspolitik von CDU und Ampel. Mit verheerenden Folgen f\u00fcr den Arbeitsmarkt:<br \/>\n2.348.130 Arbeitspl\u00e4tze wurden seit dem 21.7.2019 in Deutschland durch Insolvenzen vernichtet. Nachzulesen in einer Statistik, die der Journalist Egon W. Kreutzer seit 5 Jahren fortlaufend aktualisiert und auf seiner interessanten Website ver\u00f6ffentlicht <a href=\"https:\/\/egon-w-kreutzer.de\/jobwunder-deutschland-2\">https:\/\/egon-w-kreutzer.de\/jobwunder-deutschland-2<\/a> (5). Dieser Jobverlust ist nicht schlimm, wenn es nach Bundeswirtschaftsminister Robert Habeck geht, denn insolvent hei\u00dft &#8222;einfach erstmal aufh\u00f6ren, zu produzieren&#8220;. Er ist aber \u00e4u\u00dferst schlimm aus wirtschaftlicher Sicht: Mit jedem verlorenen Job gehen \u00fcber Jahre hinweg und m\u00fchsam erworbenes Fachwissen, Knowhow und Erfahrung unwiederbringlich verloren &#8211; eine Katastrophe f\u00fcr das einzelne Unternehmen genauso wie f\u00fcr die gesamte Volkswirtschaft. Die <a href=\"https:\/\/www.freiburg-schwarzwald.de\/blog\/business\/industrie\/deindustrialisierung\/\">Deindustrialisierung<\/a> f\u00fchrt zum <a href=\"https:\/\/www.freiburg-schwarzwald.de\/blog\/business\/volkswirtschaft\/niedergang\/\">Niedergang<\/a> von Deutschland.<br \/>\n.<br \/>\nKaum etwas f\u00e4llt dem Menschen so schwer wie <a href=\"https:\/\/www.freiburg-schwarzwald.de\/blog\/engagement\/zukunft\/demokratie\/widerstand\/fehler\/\">Versagen bzw. Fehler<\/a> einzugestehen, um dann auch Verantwortung zu \u00fcbernehmen. Auf letzteres verzichten die modernen Wendeh\u00e4lse als Vertreter von Gratismut allzu gerne. So stehen <a href=\"https:\/\/www.freiburg-schwarzwald.de\/blog\/business\/industrie\/mittelstand\/mittelstandsunternehmen\/\">mittelst\u00e4ndische<\/a> Unternehmer f\u00fcr ihre Fehler gerade, w\u00e4hrend <a href=\"https:\/\/www.freiburg-schwarzwald.de\/blog\/global\/globalisierung\/bigtech\/\">Konzern-CEOs<\/a> oft mitsamt Abfindung <em>einfach<\/em> gehen. Und die Wendeh\u00e4lse in Politik und NGO-Vorfeldorganisationen machen als Extrem-<a href=\"https:\/\/www.freiburg-schwarzwald.de\/blog\/engagement\/zukunft\/demokratie\/wendehals\/opportunismus\/\">Opportunisten<\/a> <em>einfach<\/em> weiter. Es ist ja alles so <em>einfach<\/em>.<br \/>\n,<br \/>\nEnde von Beitrag &#8222;Verantwortungslose Wendeh\u00e4lse&#8220;<br \/>\n=======================================================<br \/>\nBeginn von Anlagen (1) &#8211; (5)<br \/>\n.<br \/>\n.<br \/>\n(1) <strong>Die Wahlanalyse (Europawahl 9.6.2024)<\/strong><br \/>\n&#8230;<br \/>\nBoris Palmer auf Facebook am 9.6.2024:<br \/>\ninflation &#8211; wokeness + migrantengewalt = AfD<br \/>\nEine Jugendstudie hat es schon als Trend erkannnt. .. Jetzt haben wir es amtlich: Absturz der Gr\u00fcnen von 34% auf 11%, Aufstieg der AfD von 5% auf 16%.<br \/>\nManche meinen, dann sollte man morgen wieder eine Demo gegen rechts machen. Kann man, hilt aber wenig. Ich glaube, man sollte sich endlich die Ursachen des Rechtsrucks eingestehen. Wer mit jungen Leuten im Kontakt ist, der wei\u00df, worum es geht. Sie sind von der allgemeinen Teuerung st\u00e4rker betroffen. Gr\u00fcner Umweltschutz scheint ihnen nicht bezahlbar.<br \/>\nUnd sie erleben t\u00e4glich an der Front, was die irregul\u00e4re Migration bedeutet. Die allein eingereisten jungen M\u00e4nner ver\u00e4ndern vor allem das Lebensumfeld junger Menschen. Im Park, im Club, auf der Stra\u00dfe, im Bus, am Bahnhof, auf dem Schulhof. Sie erleben, dass ihre Angst vor der Gewaltbereitschaft der jungen M\u00e4nner aus dem Maghreb und dem Nahen Osten nicht Ernst genommen und als Rassismus diskreditiert wird. Sie trauen sich nicht mehr, zur Polizei zu gehen, weil sie die Rache der T\u00e4ter f\u00fcrchten, die wiederum genau wissen, dass sie wenig zu bef\u00fcrchten haben.<br \/>\nAuf diese Lebenswirklichkeit sto\u00dfen die Dogmen der Wokeness und der offenen Grenzen. Also orientieren sie sich neu und w\u00e4hlen die Partei, die zumindest ihre Sorgen nicht von vorneherein als schlecht und falsch abtut. Die wenigsten werden so dumm sein, der AfD zu glauben, dass sie das Problem l\u00f6st. Aber eine Partei w\u00e4hlen, die einem einredet, man sei selbst das Problem, das f\u00e4llt den jungen Leuten nicht Ein&#8220;<br \/>\nEnde Facebook<br \/>\n.<br \/>\n&#8222;Die wenigsten werden so dumm sein zu glauben, dass die AFD das Problem l\u00f6st&#8220;: Diese Arroganz und Dreistigkeit ist unbeschreiblich. Er sitzt mitten in der Problemverursacher bzw \u2011verst\u00e4rkerpartei und haut so eine gr\u00f6\u00dfenwahnsinnige These raus gegen\u00fcber einer Partei, die noch nicht in Regierungsverantwortung war und obendrein den h\u00f6chsten Anteil an Berufspraktikern und Qualifizierten hat.<br \/>\n&#8230; Alles vom 10.6.2024 bitte lesen auf<br \/>\n<a href=\"https:\/\/www.klonovsky.de\/2024\/06\/die-wahlanalyse\/\">https:\/\/www.klonovsky.de\/2024\/06\/die-wahlanalyse\/<\/a><br \/>\n.<br \/>\n.<br \/>\n<strong>(1a) Die Lebenswelten der jungen Menschen haben sich dramatisch ver\u00e4ndert<\/strong><br \/>\n<strong>Nach der Europawahl-Klatsche<\/strong><br \/>\nEr war lange bei den Gr\u00fcnen, ist mittlerweile aber parteilos: Boris Palmer, der Oberb\u00fcrgermeister von T\u00fcbingen. Im Interview mit WELT verr\u00e4t er seine Sicht auf den Absturz der Klimaschutzpartei bei der Europawahl.<br \/>\n&#8230; Alles vom 13.6.2024 bitte lesen auf<br \/>\n<a href=\"https:\/\/www.welt.de\/politik\/deutschland\/video251965914\/Boris-Palmer-Disco-Bahnhof-Park-in-den-Lebenswelten-der-Jungwaehler-sind-Migranten-hinzugekommen.html\">https:\/\/www.welt.de\/politik\/deutschland\/video251965914\/Boris-Palmer-Disco-Bahnhof-Park-in-den-Lebenswelten-der-Jungwaehler-sind-Migranten-hinzugekommen.html<\/a><br \/>\n.<br \/>\n.<br \/>\n<strong>(2) Initiative \u201cAufbruch zum Frieden\u201d gr\u00fcndet sich im Kulturzentrum Merlin<\/strong><br \/>\n<strong>&#8222;Pazifist hei\u00dft: Jemand der Frieden macht&#8220;<\/strong><br \/>\nAm 22. Juli stellte sich die Gruppe \u201cAufbruch zum Frieden\u201d im Merlin vor. Zum Diskussionsabend eingeladen hatte die Wochenzeitung Kontext. Die vierk\u00f6pfige Gruppe, bestehend aus Minister und Friedensaktivist Winfried Hermann, Theologin Susanne B\u00fcttner, Friedensforscher Thomas Nielebock und dem Leiter der Reutlinger Volkshochschule, Ulrich Bausch, m\u00f6chte Anst\u00f6\u00dfe zu einer Diskussion \u00fcber friedliche L\u00f6sungen im Ukraine-Krieg geben. Den kompletten Bericht zur Veranstaltung finden Sie in der aktuellen Kontext-Ausgabe: Kontext im Merlin: \u201cPazifist hei\u00dft: Jemand, der Frieden macht\u201d \u2013 Ausgabe 695 (kontextwochenzeitung.de <a href=\"https:\/\/www.kontextwochenzeitung.de\/gesellschaft\/695\/pazifist-heisst-jemand-der-frieden-macht-9652.html\">https:\/\/www.kontextwochenzeitung.de\/gesellschaft\/695\/pazifist-heisst-jemand-der-frieden-macht-9652.html<\/a> )<br \/>\nDie vier Friedensaktivist*innen haben ein gemeinsames Papier verfasst, auf dessen Grundlage sie mit den Menschen in Gespr\u00e4ch gehen will: \u201cWege zum Frieden\u201d. Das Papier k\u00f6nnen Interessierte unter folgender Adresse herunterladen:<br \/>\n&#8230; Alle \u00e4rgert, dass die Bundesregierung einseitig auf milit\u00e4rische Mittel setzt, dass die gr\u00fcne Au\u00dfenministerin Annalena Baerbock j\u00fcngst von einer &#8222;Raketenl\u00fccke&#8220; redete und so die Stationierung von US-amerikanischen Raketen auf deutschem Boden begr\u00fcndet. Breit diskutiert wird dar\u00fcber nicht, nicht im Bundestag und wenig in den gro\u00dfen Medien. F\u00fcr Winfried Hermann ist das besonders bitter, trat er doch 1982 bei den Gr\u00fcnen ein, gerade weil diese die Debatten der damals gro\u00dfen Friedensbewegung \u00fcbernommen hatten. Mittlerweile habe sich das &#8222;Mindset&#8220; der Partei ge\u00e4ndert, doch mitmachen will der 72-J\u00e4hrige dabei nicht.<br \/>\n&#8230; Alles vom 26.7.2024 bitte lesen auf<br \/>\n<a href=\"https:\/\/winnehermann.de\/initiative-aufbruch-zum-frieden-gruendet-sich-im-kulturzentrum-merlin\/\">https:\/\/winnehermann.de\/initiative-aufbruch-zum-frieden-gruendet-sich-im-kulturzentrum-merlin\/<\/a><br \/>\n.<\/p>\n<p><strong>(3) \u201eDie Arche\u201c am Limit: \u201eBei uns laufen schon Elfj\u00e4hrige mit Messern herum\u201c<\/strong><br \/>\n<strong>Helfer fordern Aufnahme-Stopp f\u00fcr Fl\u00fcchtlinge<\/strong><br \/>\nEs ist ein Hilferuf der Helfer! T\u00e4glich k\u00e4mpfen die Mitarbeiter des Hilfswerkes \u201eDie Arche\u201c an der Sozial-Front, helfen und betreuen Kinder und Jugendliche aus Fl\u00fcchtlings- und sozial schwachen Familien. Jetzt der dramatische Hilferuf von \u201eArche\u201c-Sprecher Wolfgang B\u00fcscher (65) in BILD: \u201eWir sind am Ende. Unser System ist kollabiert. Um den anderen noch helfen zu k\u00f6nnen, fordere ich einen Aufnahme-Stopp von Fl\u00fcchtlingen.\u201c<br \/>\n&#8230; Alles vom 29.7.2024 bitte lesen auf<br \/>\n<a href=\"https:\/\/www.bild.de\/news\/inland\/migration-gescheitert-schon-kinder-haben-messer-dabei-helfer-am-ende-66a26a122f454e414eb942b2\">https:\/\/www.bild.de\/news\/inland\/migration-gescheitert-schon-kinder-haben-messer-dabei-helfer-am-ende-66a26a122f454e414eb942b2<\/a><br \/>\n.<br \/>\n<a href=\"https:\/\/www.kinderprojekt-arche.de\/\">https:\/\/www.kinderprojekt-arche.de\/<\/a><br \/>\n.<\/p>\n<p><strong>(3a) \u201eElfj\u00e4hrige laufen mit Messer rum\u201c, sagt der \u201eArche\u201c-Sprecher<\/strong><br \/>\n&#8230; Alles vom 30.7.2024 bitte lesen auf<br \/>\n<a href=\"https:\/\/www.welt.de\/politik\/deutschland\/article252756144\/Integration-von-Fluechtlingen-Arche-Sprecher-befuerchtet-Unruhen-in-Deutschland.html\">https:\/\/www.welt.de\/politik\/deutschland\/article252756144\/Integration-von-Fluechtlingen-Arche-Sprecher-befuerchtet-Unruhen-in-Deutschland.html<\/a><br \/>\n.<br \/>\n.<br \/>\n<strong>(4) Gr\u00fcne Politik erfolgreich \u2013 BASF packt ein<\/strong><br \/>\n<strong>Deindustrialisierung Deutschlands<\/strong><br \/>\nIn Ludwigshafen will der Chemiekonzern BASF wesentliche Betriebsteile und Werke schlie\u00dfen. Bestehende Anlagen sollen abgebaut und verlagert werden. In Deutschland soll es keine Neuinvestitionen mehr geben. Die Gr\u00fcnen k\u00f6nnen sich r\u00fchmen, langsam das Ziel ihrer Politik erreicht zu haben.<br \/>\n&#8230;<br \/>\nZu hohe Energiekosten, zu viel B\u00fcrokratie und \u00dcberregulierung hierzulande seien mitverantwortlich daf\u00fcr, dass der Standort Deutschland immer unattraktiver werde, so Bruderm\u00fcller auf der letzten Hauptversammlung im April. Die Investitionen in L\u00e4nder wie China seien wichtig, um Marktchancen zu steigern und im globalen Wettbewerb bestehen zu k\u00f6nnen. Er hatte sich zuletzt mehrfach kritisch \u00fcber die Politik der Ampel ge\u00e4u\u00dfert. BASF arbeite \u00fcberall profitabel \u2013 nur in Deutschland wegen hoher Energiekosten und \u00dcberb\u00fcrokratisierung nicht.<br \/>\nNach au\u00dfen hin unbekannt ist, wie hart der Realit\u00e4tsschock Bruderm\u00fcller getroffen hat. Er sa\u00df fr\u00fcher als \u201eLieblingsmanager\u201c der Gr\u00fcnen sogar in deren wirtschaftspolitischem Beirat und h\u00f6rte sich geduldig die Worte zum Beispiel der Gr\u00fcnen Kerstin Andreae an, die ihn als \u201eVorbild f\u00fcr andere Manager\u201c bezeichnete. Bis zuletzt beharrte er darauf, jenen Green Deal umzusetzen, bem\u00e4ngelte allerdings, dass die Vorgaben f\u00fcr die chemische Industrie 14.000 Seiten umfassen. Er bezeichnete die gr\u00fcne Transformation nicht als gr\u00f6\u00dftm\u00f6glichen Unsinn und als Hindernis, sondern als Wachstumschance. Gut, BASF produziert jene Schaumstoffe, die tonnenweise an H\u00e4userw\u00e4nde gepappt werden und die Brandlast erh\u00f6hen.<br \/>\nEr hoffte vermutlich, dass man in gr\u00fcnen Kreisen auf ihn h\u00f6rt. Ein fundamentaler Irrtum; die gr\u00fcnen Jakobiner treiben alle vor sich her. Was Bruderm\u00fcller zu seinem gr\u00fcnen Schmusekurs getrieben hat, ist unklar. Als studierter Chemiker muss er gewusst haben, zu welchen Konsequenzen leere Modeworte wie \u201enachhaltig\u201c, \u201eklimaneutral\u201c und dergleichen letztlich f\u00fchren.<br \/>\n&#8230; Alles vom 22.5.2024 bitte lesen auf<br \/>\n<a href=\"https:\/\/www.tichyseinblick.de\/wirtschaft\/basf-grune-politik\/\">https:\/\/www.tichyseinblick.de\/wirtschaft\/basf-grune-politik\/<\/a><br \/>\n.<br \/>\nEinige Kommentare:<br \/>\nBASF ist eine langfristige Erfolgsgeschichte, die 1865 mit F\u00f6rderung des bayerischen Staates begann.<br \/>\nBASF will erfolgreich bleiben. Deshalb ist es an der Zeit, Deutschland zu verlassen.<br \/>\nDas ist eine gro\u00dfe Freude f\u00fcr alle Aktion\u00e4re. Denn BASF ist weiterhin in 90 L\u00e4ndern mit Gewinn unterwegs. Nur der veraltete nicht mehr wettbewerbsf\u00e4hige Produktionsstandort Deutschland muss nach 160 Jahren geschlossen werden.<br \/>\nDurch diese Ma\u00dfnahme w\u00e4chst die Hoffnung, dass BASF auch in den n\u00e4chsten 160 Jahren wirtschaftlich und technologisch erfolgreich sein kann.<br \/>\nZum k\u00fcnftigen Erfolg von BASF wird es auch beitragen, wenn der Firmensitz Richtung Asien, z.B. nach Dubai verlagert wird. Dadurch werden die physischen Wege zu den erfolgversprechenden Zukunftsstandorten k\u00fcrzer.<br \/>\nWer aus dem Management gelegentlich mal einen netten Waldspaziergang machen will, kann ja dann mal von Dubai nach Deutschland oder Mitteleuropa r\u00fcberfliegen.<br \/>\nBASF ist und bleibt eine zukunftsf\u00e4hige Unternehmung. Gro\u00dfe weltweit erfolgreiche Industriegeschichte. Darauf kann man doch auch stolz sein, dass es so bleibt. Auch ohne den hiesigen Standort.<br \/>\nDie Wirtschaft ist in der Lage, sich neu zu strukturieren und zu organisieren. Die Welt steht ihr offen und gute Rahmenbedingungen anderen Orts sind eine Zukunftschance.<br \/>\nDas Bundeswirtschaftsministerium und die Bundesregierung k\u00f6nnen ja schon mal eine Studienreise nach Dubai machen. Sie k\u00f6nnen sich dort schon mal anschauen, wie es funktioniert, dort den Verwaltungssitz eines zukunftsf\u00e4higen deutschst\u00e4mmigen Weltkonzerns zu etablieren.<br \/>\nWir sollten der Bundesregierung , Merkel, der Energiewende ins Nichts, dem Habeck, der Agora, der deutschen Umwelthilfe, den Klimaklebern, den Nordstreamzerst\u00f6rern, den Aufkl\u00e4rungsverweigerern dankbar sein, dass sie weltweit erfolgreiche deutsche Konzerne ermutigen, au\u00dferhalb Deutschlands zu produzieren und so die wirtschaftliche Zukunft der Menschheit mit zu organisieren. Ohne Euch w\u00e4re das nicht passiert ! Da w\u00e4re BASF wohlm\u00f6glich im spie\u00dfigen Ludwigshafen kleben geblieben.<br \/>\nEin Weltkonzern geh\u00f6rt rausgesetzt in die gro\u00dfe weite Welt ! Ich hoffe, weitere deutschst\u00e4mmige Konzerne werden schnellstm\u00f6glich folgen. Die deutsche Regierung sollte viel mehr Subventionen verteilen f\u00fcr die Auswanderung der Industrie.<br \/>\n10 Milliarden Soforthilfe des Bundes und der EU f\u00fcr alle Automobilkonzerne, die ihren Hauptsitz nach Asien verlegen ! VW, Audi, Porsche, Mercedes, BMW, die m\u00fcssen alle sofort hier weg, damit wir unsere Klimaziele einhalten ! Sofort! Radwege in Peru reichen nicht, um Deutschland zu einem besseren und erfolgreicheren Land zu machen.<br \/>\nEs darf nicht l\u00e4nger so sein, dass eine weltweit erfolgreiche Industrie hier von Deutschland aus verwaltet wird. Unser industriepolitisches Ziel ist es, dass die deutschst\u00e4mmigen Konzernen in Asien beheimatet werden und von dort aus weltweit ihre Gesch\u00e4fte organisieren. Die deutschst\u00e4mmige Industrie muss endlich von den hiesigen \u201espie\u00dfigen\u201c Standorten befreit werden. Der Rest der Welt ist doch viel hipper. Und in Peru k\u00f6nnen die sogar auf Radwegen fahren, die Deutschland finanziert hat.<br \/>\nDas ist \u00fcberhaupt die n\u00e4chste wirtschaftliche Gro\u00dftat der Hinfortentwickler der deutschen Wirtschaft. Studienreise nach Dubai reicht nicht. Danach fahren sie alle nach Peru mit ihren Fahrr\u00e4dern im Gep\u00e4ck und machen eine prima Radtour zur Erkundung der erfolgreichen deutschen Auslandsinvestitionen.<br \/>\n\u201eFr\u00fcher\u201c wurde das ja immer falsch gemacht mit den Auslandsinvestitionen. Da dachte man, irgendjemand sollte hier mit schrecklichen Folgelasten produzieren und so nebenbei im Ausland auch noch irgendwas basteln. Heute machen wir das richtig. Die gesamte Industrie geh\u00f6rt international aufgestellt. Solange hier noch eine einzige Produktionsmaschine l\u00e4uft, l\u00e4uft etwas falsch. Wir gestalten die Welt neu ! BASF ist nur der erste Schritt ! Hunderte m\u00fcssen folgen.<br \/>\nDer Herr Bruderm\u00fcller sorgt mit uns Hin- und Wegentwicklern f\u00fcr eine bessere Welt. Das hat er als Beirat der gr\u00fcnen Partei bewiesen. Wenn er die erfolgreiche internationale Aufstellung von BASF bew\u00e4ltigt hat, wenn der Verwaltungssitz nach Dubai verlegt und Ludwigshafen dicht ist, dann sorgen wir daf\u00fcr, dass er endlich bei VW aufr\u00e4umt. Auch Wolfsburg geh\u00f6rt renaturiert. Da ist auch noch viel Platz f\u00fcr Windr\u00e4der. Wolfsburg, wir kommen !<br \/>\nDas gr\u00fcne Deutschland kann kommen. Jeden Tag ein bisschen mehr. A.F.<br \/>\n.<br \/>\nWer sich mutwillig in Gefahr begibt, der kommt darin um.<br \/>\nMan entzieht der Generierung des eigenen Wohlstands die Grundlage. Es ist jetzt endlich gelungen Deutschland hinzubekommen, wo man es schon 45 am liebsten gehabt h\u00e4tte.<br \/>\nVon Morgentau war anfangs der 50iger Jahre angedacht worden Deutschland in einen Agrarstaat zu transformierten, von dem durch seine Wirtschaft und Finanzkraft keine Gefahr mehr f\u00fcr die eigene Wirtschaft ausgehen w\u00fcrde .<br \/>\nNach rund 80zig Jahren ist dieser Wunsch nun auf dem Weg in Erf\u00fcllung zu gehen. Da die Deutschen immer ein St\u00fcck vom Patriotismus anderer Nationen entfernt waren, spielten Teile, die immer eine Portion zuviel falsch verstandenes Selbstbewusstsein bzgl. der eigenen M\u00f6glichkeiten zeigten, jenen in die H\u00e4nde, die uns nicht unbedingt hold gesinnt waren.<br \/>\nNach Davos und diesem unseligen Geschw\u00e4tz der letzten Jahre dort, hat man uns nun die Kanthare angelegt. Wir bekommen gezeigt, wer hier auf dem Planet zumindest in der westlichen Hemisph\u00e4re auf der Nordhalbkugel,<br \/>\ndie wahre Macht in H\u00e4nden h\u00e4lt.<br \/>\nDie nur noch als grandios Dumm zu bezeichnenden Gr\u00fcnen aber sind im Angesicht der Zerst\u00f6rung, die sie in Deutschland angerichtet haben , so besoffen von ihrem \u201c Erfolg\u201c in Sachen Wirtschaftszerst\u00f6rung, dass sie erst wach werden, wenn die rote Laterne des letzten Waggons in der Ferne verklimmt. Jenes Zuges, der den Menschen hier den Begriff von Wohlstand ohne Schn\u00f6rkel klar gemacht hat.<br \/>\nDas die Sympathisanten dieser \u201a Bewegung \u201a<br \/>\nsehr gut mit diesen konnten, best\u00e4tigt einmal mehr, dass man in Deutschland sein F\u00e4hnchen gerne in den Wind h\u00e4ngt, speziell, wenn man auf diese Art viel schneller ans Ziel kommt als w\u00fcrde man den Klageweg beschreiten. Und wenn der Fang dann im K\u00f6cher ist, verl\u00e4sst man das Gew\u00e4sser und fischt halt anderswo weiter, wo die Karpfen noch dicker sind.<br \/>\nDas Kapital ist das \u201a dritte Geschlecht \u201a, so \u00e4hnlich wie eine untreue Ehefrau, die schon lange ihre \u201c Unschuld \u201c verloren hat, und mit demjenigen geht, der die gr\u00f6\u00dften Versprechungen macht. Und so werden die Gelder weiter sprudeln f\u00fcr die Aktion\u00e4re, nur die mitgenerierten Steuern werden da bleiben, wo produziert wird. Da werden die Augen unserer Steuersch\u00e4tzer zu ganz schmalen Schlitzen. Zu jenem Zeitpunkt sind die Verursacher l\u00e4ngst \u00fcber alle Berge. W.Sch.<br \/>\n.<br \/>\nSo so, \u201edie Situation ist ernst\u201c. Und was lese ich auf der Website von BASF: \u201eUnser Weg zur Klimaneutralit\u00e4t, Transformation beginnt mit dem Menschen, das Klima ver\u00e4ndert sich \u2013 wir uns auch, Verantwortung tragen\u201c. Hohles Gew\u00e4sch eines opportunistischen CEOs, der \u201epl\u00f6tzlich\u201c merkt, dass sein Unternehmen abschmiert. Ergebnis: Blo\u00df schnell weg aus Dummland. Nun, liebe BASFler, jetzt k\u00f6nnt ihr euch die markigen Hohlphrasen einrahmen und an die Wand h\u00e4ngen. Aber kein Problem, mit B\u00fcrgerkohle geht\u2019s auch. wac<br \/>\n.<br \/>\nAus BASF (Badisch) wird CASF (China). Ziel erreicht. 100.000 Menschen in der Region verlieren ihre Existenzgrundlage. Der CO2- Aussto\u00df geht gegen null. Der W\u00e4hler wird in Ludwigshafen dankbar die Gr\u00fcnen zur st\u00e4rksten Partei machen, haben diese doch das B\u00fcrgergeld eingef\u00fchrt. Eh, lieg ich da etwa falsch ? Der<br \/>\n.<br \/>\nIm Grunde genommen zeigt dieser Verkauf, dass der Kipppunkt erreicht ist. BASF denkt langfristig und w\u00fcrde nicht verkaufen, wenn eine Umkehr irgendwo in Sicht w\u00e4re. BASF rechnet langfristig nicht mehr mit dem Standort D. Und das ist ein schlechtes Zeichen. Nur die W\u00e4hler \u201eKlimaschutz\u201c halten das unter Anleitung von Herrn Habeck f\u00fcr Fortschritt. Mau<br \/>\nEnde Kommentare<br \/>\n.<br \/>\n.<\/p>\n<p><strong>(5) Jobwunder-Deutschland-2<\/strong><br \/>\nArbeitsplatzvernichtung durch Insolvenzen, Betriebsschlie\u00dfungen, Entlassungen, Stellenabbau<br \/>\nDiese Statistik erfasst seit dem 21. September 2019 den Umfang der Arbeitsplatzvernichtung in Deutschland. Angef\u00fchrt werden seitdem bekannt gewordene vollzogene und angek\u00fcndigte Ma\u00dfnahmen des Personalabbaus sowie durch Insolvenzen verlorene oder bedrohte Jobs. Die Liste erhebt keinen Anspruch auf Vollst\u00e4ndigkeit. Selbstverst\u00e4ndlich kann auch das tats\u00e4chliche Eintreffen angek\u00fcndigter Ma\u00dfnahmen von uns nicht l\u00fcckenlos nachverfolgt und ggfs. mit Korrekturen ber\u00fccksichtigt werden. Die \u00fcbergeordnete Absicht besteht darin, einen Eindruck vom Ausma\u00df der momentan zu beobachtenden Umw\u00e4lzungen auf dem deutschen Arbeitsmarkt zu vermitteln.<br \/>\n&#8230; Alles vom 28.7.2024 bitte lesen auf<br \/>\n<a href=\"https:\/\/egon-w-kreutzer.de\/jobwunder-deutschland-2\">https:\/\/egon-w-kreutzer.de\/jobwunder-deutschland-2<\/a><\/p>\n","protected":false},"excerpt":{"rendered":"<p>Jeder Zusammenbruch eines gescheiterten Systems produziert seine Wendeh\u00e4lse. Dabei rufen und wehklagen gerade jene am lautesten, die f\u00fcr die Misere mitverantwortlich sind. Das waren 1989 nach dem Zusammenbruch der DDR Mitarbeiter von SED und Stasi. Das sind heute im Zuge &hellip; <a href=\"https:\/\/www.freiburg-schwarzwald.de\/blog\/verantwortungslose-wendehaelse\/\">Weiterlesen <span class=\"meta-nav\">&rarr;<\/span><\/a><\/p>\n","protected":false},"author":2,"featured_media":0,"comment_status":"open","ping_status":"closed","sticky":false,"template":"","format":"standard","meta":{"footnotes":""},"categories":[18,21,36,24,13,9],"tags":[633,713,625,626,525,773],"class_list":["post-125855","post","type-post","status-publish","format-standard","hentry","category-bildung","category-dienste","category-engagement","category-industrie","category-kultur","category-soziales","tag-demokratie","tag-industrie","tag-ngo","tag-partei","tag-politik","tag-verantwortung"],"_links":{"self":[{"href":"https:\/\/www.freiburg-schwarzwald.de\/blog\/wp-json\/wp\/v2\/posts\/125855","targetHints":{"allow":["GET"]}}],"collection":[{"href":"https:\/\/www.freiburg-schwarzwald.de\/blog\/wp-json\/wp\/v2\/posts"}],"about":[{"href":"https:\/\/www.freiburg-schwarzwald.de\/blog\/wp-json\/wp\/v2\/types\/post"}],"author":[{"embeddable":true,"href":"https:\/\/www.freiburg-schwarzwald.de\/blog\/wp-json\/wp\/v2\/users\/2"}],"replies":[{"embeddable":true,"href":"https:\/\/www.freiburg-schwarzwald.de\/blog\/wp-json\/wp\/v2\/comments?post=125855"}],"version-history":[{"count":5,"href":"https:\/\/www.freiburg-schwarzwald.de\/blog\/wp-json\/wp\/v2\/posts\/125855\/revisions"}],"predecessor-version":[{"id":125886,"href":"https:\/\/www.freiburg-schwarzwald.de\/blog\/wp-json\/wp\/v2\/posts\/125855\/revisions\/125886"}],"wp:attachment":[{"href":"https:\/\/www.freiburg-schwarzwald.de\/blog\/wp-json\/wp\/v2\/media?parent=125855"}],"wp:term":[{"taxonomy":"category","embeddable":true,"href":"https:\/\/www.freiburg-schwarzwald.de\/blog\/wp-json\/wp\/v2\/categories?post=125855"},{"taxonomy":"post_tag","embeddable":true,"href":"https:\/\/www.freiburg-schwarzwald.de\/blog\/wp-json\/wp\/v2\/tags?post=125855"}],"curies":[{"name":"wp","href":"https:\/\/api.w.org\/{rel}","templated":true}]}}