{"id":125764,"date":"2024-07-26T21:20:28","date_gmt":"2024-07-26T19:20:28","guid":{"rendered":"https:\/\/www.freiburg-schwarzwald.de\/blog\/?p=125764"},"modified":"2024-07-29T12:15:37","modified_gmt":"2024-07-29T10:15:37","slug":"juliwetter-gut-das-ernten-nicht","status":"publish","type":"post","link":"https:\/\/www.freiburg-schwarzwald.de\/blog\/juliwetter-gut-das-ernten-nicht\/","title":{"rendered":"Juliwetter gut, das Ernten nicht"},"content":{"rendered":"<p>Das Juliwetter 2024 war wunderbar: Tags angenehm warm zwischen 22 und 27 Grad, nur zweimal um die 30 Grad <a href=\"https:\/\/www.freiburg-schwarzwald.de\/blog\/natur\/klima\/hitze\/\">Hitze<\/a>. Nachts die Abk\u00fchlung auf 16 bis 19 Grad und zuweilen etwas darunter &#8211; so kann man gut schlafen. T\u00e4gliches Schwimmen auch ohne Sonne, da das Wasser im <a href=\"https:\/\/www.freiburg-schwarzwald.de\/blog\/sport\/baeder\/strandbad\/\">Freibad<\/a> stets ca 23 Grad warm ist.<!--more--><br \/>\nAm 5. Juli zwischen 4.30 und 5 Uhr singt die <a href=\"https:\/\/www.freiburg-schwarzwald.de\/blog\/amseln-singen-lauter-denn-je\/\">Amsel<\/a> zum letzten Mal, d.h. es wird Hochsommer. Ab Anfang Juli werden die <a href=\"https:\/\/www.freiburg-schwarzwald.de\/blog\/natur\/landwirt\/obstbau\/\">Klar\u00e4pfel<\/a> reif &#8211; Erntezeit bis Monatsende. Mitte Juli laden die Reineclaude und <a href=\"https:\/\/www.freiburg-schwarzwald.de\/blog\/natur\/landwirt\/obstbau\/beeren\/\">Johannisbeeren<\/a> zum Essen ein. Und am 22.7. gibt&#8217;s die ersten <a href=\"https:\/\/www.freiburg-schwarzwald.de\/blog\/natur\/landwirt\/obstbau\/feige\/\">Feigen<\/a>. Bis Ende Juli ist die <a href=\"https:\/\/www.freiburg-schwarzwald.de\/blog\/natur\/ernaehrung\/getreide\/\">Getreideernte<\/a> komplett eingebracht.<\/p>\n<div id=\"attachment_113355\" style=\"width: 648px\" class=\"wp-caption alignnone\"><a href=\"https:\/\/www.freiburg-schwarzwald.de\/blog\/wp-content\/uploads\/2023\/06\/getreide-stoerche-pan230625.jpg\"><img loading=\"lazy\" decoding=\"async\" aria-describedby=\"caption-attachment-113355\" class=\"size-full wp-image-113355\" src=\"https:\/\/www.freiburg-schwarzwald.de\/blog\/wp-content\/uploads\/2023\/06\/getreide-stoerche-pan230625.jpg\" alt=\"\" width=\"638\" height=\"349\" srcset=\"https:\/\/www.freiburg-schwarzwald.de\/blog\/wp-content\/uploads\/2023\/06\/getreide-stoerche-pan230625.jpg 638w, https:\/\/www.freiburg-schwarzwald.de\/blog\/wp-content\/uploads\/2023\/06\/getreide-stoerche-pan230625-180x98.jpg 180w\" sizes=\"auto, (max-width: 638px) 100vw, 638px\" \/><\/a><p id=\"caption-attachment-113355\" class=\"wp-caption-text\">St\u00f6rche im frisch geernteten Getreidefeld im Dreisamtal bei Freiburg 25.6.2023<\/p><\/div>\n<p>Der h\u00e4ufige <a href=\"https:\/\/www.freiburg-schwarzwald.de\/blog\/natur\/wasser\/trockenheit\/\">Regen<\/a> im Fr\u00fchjahr war ein Segen f\u00fcr die Natur, besonders f\u00fcr den Wald. Die Grundwasserspeicher f\u00fcllten sich. Trotzdem schien die Sonne zwischendurch immer wieder und die <a href=\"https:\/\/www.freiburg-schwarzwald.de\/blog\/natur\/tiere\/bienen\/\">Bienen<\/a> konnten auch zur Ende April einsetzenden <a href=\"https:\/\/www.freiburg-schwarzwald.de\/blog\/natur\/landwirt\/obstbau\/kirschen\/\">Kirschbl\u00fcte<\/a> fliegen. Der regenreiche Mai legte den Grundstein f\u00fcr eine gute Ernte 2024. &#8222;Ist der Mai feucht und na\u00df, f\u00fcllt&#8217;s dem Bauern Scheun und fa\u00df&#8220;. Zum Ende Juni leuchten schon die erste Kirchen rot, w\u00e4hrend gleichzeitig der <a href=\"https:\/\/www.freiburg-schwarzwald.de\/blog\/natur\/wald\/kastanie\/\">Esskastanienbaum<\/a> erbl\u00fcht und Abertausende von Bienen anzieht. Trotz Hitzetod (1) und <a href=\"https:\/\/www.freiburg-schwarzwald.de\/blog\/natur\/klima\/klima-system\/\">Klimawandel<\/a>&#8211;<a href=\"https:\/\/www.freiburg-schwarzwald.de\/blog\/natur\/klima\/apokalypse\/\">Apokalypse<\/a>.<\/p>\n<p>Wenn das Wetter so anh\u00e4lt, ist eine gute Obsternte zu erwarten. Doch wie im Juni bei <a href=\"https:\/\/www.freiburg-schwarzwald.de\/blog\/natur\/landwirt\/gemuesebau\/spargel\/\">Spargel<\/a> und Erdbeeren, wird das <a href=\"https:\/\/www.freiburg-schwarzwald.de\/blog\/natur\/landwirt\/erntehelfer\/\">Einbringen der Ernte<\/a> schwierig werden, da es zu wenige <a href=\"https:\/\/www.freiburg-schwarzwald.de\/blog\/natur\/landwirt\/erntehelfer\/\">Erntehelfer<\/a> gibt (2). Und dies trotz sieben Millionen Menschen in Deutschland <a href=\"https:\/\/www.freiburg-schwarzwald.de\/blog\/selbsthilfe\/soziales\/arbeit\/jugendarbeitslosigkeit\/\">ohne Arbeit<\/a> (2,7 Mio) bzw. in staatlicher <a href=\"https:\/\/www.freiburg-schwarzwald.de\/blog\/selbsthilfe\/soziales\/arbeit\/hartz\/\">Unterst\u00fctzung<\/a> (4,3 Mio Bezieher von <a href=\"https:\/\/www.freiburg-schwarzwald.de\/blog\/selbsthilfe\/soziales\/arbeit\/buergergeld\/\">B\u00fcrgergeld<\/a>). Bei den \u00fcppigen staatlichen Zuwendungen (Geld plus Wohnung) <a href=\"https:\/\/www.freiburg-schwarzwald.de\/blog\/selbsthilfe\/soziales\/arbeit\/arbeiten-lohnt-nicht\/\">lohnt sich die Arbeit<\/a> f\u00fcr immer mehr Menschen einfach nicht &#8211; erst recht die m\u00fchsame Arbeit drau\u00dfen auf dem Feldern. Ein immer gr\u00f6\u00dferer Teil von Gem\u00fcse, Beeren und Obst verrottet auf den Feldern &#8211; <em><strong>es zeugt von<\/strong><strong> <a href=\"https:\/\/www.freiburg-schwarzwald.de\/blog\/kultur\/kulturverlust\/\">Kulturverfall<\/a>, wenn ein Land die eigene Ernte nicht mehr einbringen kann oder will<\/strong><\/em>. Heidelbeeren kommen eben bequem aus Polen, Erdbeeren aus Spanien, N\u00fcsse aus der T\u00fcrkei und Spargel aus Griechenland.<br \/>\n28.7.2024<br \/>\n.<br \/>\nEnde von Beitrag &#8222;Juliwetter gut &#8211; das Ernten nicht&#8220;<br \/>\n===========================================================<br \/>\nBeginn von Anlagen (1) &#8211; (2)<br \/>\n.<br \/>\n.<br \/>\n<strong>(1) Schei\u00df Klimaerw\u00e4rmung<\/strong><br \/>\nEnde Juli, hei\u00dfeste Zeit des Jahres 22\u00b0C in Berlin.<br \/>\nIrgendwo stand, dass die Apfelernte dieses Jahr ganz schlecht ausfalle \u2013 den Bienen sei es zu kalt zum Best\u00e4uben gewesen.<br \/>\n&#8230; Alles vom 27.7.2024 bitte lesen auf<br \/>\n<a href=\"https:\/\/www.danisch.de\/blog\/2024\/07\/27\/scheiss-klimaerwaermung-2\/\">https:\/\/www.danisch.de\/blog\/2024\/07\/27\/scheiss-klimaerwaermung-2\/<\/a><br \/>\n.<br \/>\n.<br \/>\n<strong>(2) Und auf den Feldern verrotten die Ernten<\/strong><br \/>\nDie Erdbeerernte ist massiv eingebrochen. Schuld sind keine Unwetter oder der Klimawandel. Selbst dann nicht, wenn man ihn Klima-Apokalypse oder Klima-Armageddon nennt. Vielmehr will keiner die Ernte einholen. Dem B\u00fcrgergeld sei Dank.<br \/>\n&#8230;<br \/>\nNur: Die Schlagzeilen passen halt nicht mehr zusammen. Die Beitr\u00e4ge zur Rente werden nach der Bundestagswahl steigen. \u00dcber ein (noch) h\u00f6heres Renteneintrittsalter laufen bereits die Diskussionen. Und trotz allen Arbeitskr\u00e4ftemangels ist die Zahl der Arbeitslosen auf 2,7 Millionen Betroffene gestiegen \u2013 die Zahl der erwerbsf\u00e4higen Empf\u00e4nger von B\u00fcrgergeld sogar auf \u00fcber 4 Millionen Menschen. Knapp die H\u00e4lfte davon sind <a href=\"https:\/\/www.freiburg-schwarzwald.de\/blog\/global\/migration\/migration-kosten\/\">Zuwanderer<\/a>.<br \/>\nDie Geschichte vom Arbeitskr\u00e4ftemangel stimmt schon. Auf ihre Weise. Es fehlen Menschen, die arbeiten wollen. Das wirkt sich verheerend aus. In Zeiten, in denen die Schonung von Ressourcen durchaus ein Thema sein sollte, vergammeln in Deutschland die Ernten auf dem Feld. Die Stimberger Zeitung berichtet von einem Betrieb in Oer-Erkenschwick, der aufgegeben hat. Der findet keine Mitarbeiter mehr, die Erdbeeren pfl\u00fccken wollen. Die Fr\u00fcchte \u201evergammeln\u201c auf dem Feld, wie die Stimberger Zeitung berichtet.<br \/>\nDas ist kein Einzelfall. Die Erdbeer-Ernte ist in diesem Jahr auf 70.000 Tonnen zur\u00fcckgegangen, wie das Statistische Bundesamt meldet. Das sind 24 Prozent weniger als im Vorjahr und 34 Prozent weniger als im Schnitt der letzten f\u00fcnf Jahre, der laut Amt bei 107.000 Tonnen liegt. Mit <a href=\"https:\/\/www.freiburg-schwarzwald.de\/blog\/natur\/klima\/klimawandel\/\">\u201eH\u00f6llensommern\u201c<\/a> und \u201eHitzetoten\u201c hat das nichts zu tun. Es fehlen Erntehelfer. Trotz sieben Millionen Menschen ohne Arbeit und in staatlicher Unterst\u00fctzung. F\u00fcr Ernte-Roboter sind die deutschen Felder oft zu klein. Daher wird das Land, in dem diese Fr\u00fcchte wachsen, sie bald noch mehr oder ausschlie\u00dflich aus dem Ausland importieren.<br \/>\n&#8230; Alles vom 25.7.2024 von Mario Thurnes bitte lesen auf<br \/>\n<a href=\"https:\/\/www.tichyseinblick.de\/meinungen\/erdbeeren-ernte-buergergeld\/\">https:\/\/www.tichyseinblick.de\/meinungen\/erdbeeren-ernte-buergergeld\/<\/a><\/p>\n","protected":false},"excerpt":{"rendered":"<p>Das Juliwetter 2024 war wunderbar: Tags angenehm warm zwischen 22 und 27 Grad, nur zweimal um die 30 Grad Hitze. Nachts die Abk\u00fchlung auf 16 bis 19 Grad und zuweilen etwas darunter &#8211; so kann man gut schlafen. T\u00e4gliches Schwimmen &hellip; <a href=\"https:\/\/www.freiburg-schwarzwald.de\/blog\/juliwetter-gut-das-ernten-nicht\/\">Weiterlesen <span class=\"meta-nav\">&rarr;<\/span><\/a><\/p>\n","protected":false},"author":2,"featured_media":0,"comment_status":"open","ping_status":"closed","sticky":false,"template":"","format":"standard","meta":{"footnotes":""},"categories":[36,140,40,13,201,12,245],"tags":[286,415,362,735],"class_list":["post-125764","post","type-post","status-publish","format-standard","hentry","category-engagement","category-garten","category-klima","category-kultur","category-landwirt","category-natur","category-obst","tag-bioland","tag-ernte","tag-gemuese","tag-obst"],"_links":{"self":[{"href":"https:\/\/www.freiburg-schwarzwald.de\/blog\/wp-json\/wp\/v2\/posts\/125764","targetHints":{"allow":["GET"]}}],"collection":[{"href":"https:\/\/www.freiburg-schwarzwald.de\/blog\/wp-json\/wp\/v2\/posts"}],"about":[{"href":"https:\/\/www.freiburg-schwarzwald.de\/blog\/wp-json\/wp\/v2\/types\/post"}],"author":[{"embeddable":true,"href":"https:\/\/www.freiburg-schwarzwald.de\/blog\/wp-json\/wp\/v2\/users\/2"}],"replies":[{"embeddable":true,"href":"https:\/\/www.freiburg-schwarzwald.de\/blog\/wp-json\/wp\/v2\/comments?post=125764"}],"version-history":[{"count":5,"href":"https:\/\/www.freiburg-schwarzwald.de\/blog\/wp-json\/wp\/v2\/posts\/125764\/revisions"}],"predecessor-version":[{"id":125777,"href":"https:\/\/www.freiburg-schwarzwald.de\/blog\/wp-json\/wp\/v2\/posts\/125764\/revisions\/125777"}],"wp:attachment":[{"href":"https:\/\/www.freiburg-schwarzwald.de\/blog\/wp-json\/wp\/v2\/media?parent=125764"}],"wp:term":[{"taxonomy":"category","embeddable":true,"href":"https:\/\/www.freiburg-schwarzwald.de\/blog\/wp-json\/wp\/v2\/categories?post=125764"},{"taxonomy":"post_tag","embeddable":true,"href":"https:\/\/www.freiburg-schwarzwald.de\/blog\/wp-json\/wp\/v2\/tags?post=125764"}],"curies":[{"name":"wp","href":"https:\/\/api.w.org\/{rel}","templated":true}]}}