{"id":125186,"date":"2024-07-07T12:05:25","date_gmt":"2024-07-07T10:05:25","guid":{"rendered":"https:\/\/www.freiburg-schwarzwald.de\/blog\/?p=125186"},"modified":"2024-07-10T08:38:55","modified_gmt":"2024-07-10T06:38:55","slug":"wolfsgruss-oder-schweigefuchs","status":"publish","type":"post","link":"https:\/\/www.freiburg-schwarzwald.de\/blog\/wolfsgruss-oder-schweigefuchs\/","title":{"rendered":"Wolfsgru\u00df oder Schweigefuchs?"},"content":{"rendered":"<p>Die B\u00fcrger erfahren Immer mehr Einschr\u00e4nkungen und Verbote. Die <a href=\"https:\/\/www.freiburg-schwarzwald.de\/blog\/engagement\/zukunft\/demokratie\/freiheit\/abweichende-meinung\/\">abweichende Meinung<\/a> gilt als undemokratisch bis hin zu Nazi. Staatlich gef\u00f6rderte <a href=\"https:\/\/www.freiburg-schwarzwald.de\/blog\/engagement\/zukunft\/demokratie\/denunziation\/\">Denunziations<\/a>-Portale warten auf sogar im privaten Kreis &#8218;gemeinte Gedanken&#8216;. Das Singen von stupiden Songs wie <a href=\"https:\/\/www.freiburg-schwarzwald.de\/blog\/lamour-toujours-sylt-zeitgeist\/\">&#8222;L&#8217;amour toujours&#8220;<\/a> kann zum Verlust des Arbeitsplatzes f\u00fchren, <!--more-->wenn nur der falsche Slogan gegr\u00f6lt wird, wie etwa &#8222;Deutschland den Deutschen&#8220; oder &#8222;Ausl\u00e4nder raus&#8220;. Und die Warnung &#8222;Pass&#8216; auf, was Du wo sagst&#8220; vernimmt man hierzulande immer h\u00e4ufiger. <a href=\"https:\/\/www.freiburg-schwarzwald.de\/blog\/engagement\/zukunft\/angst\/angstgesellschaft\/\">Angst<\/a> macht sich breit.<\/p>\n<p>Nach den Schreiben , dem Sagen und dem Singen ist nun auch das Gr\u00fc\u00dfen der <a href=\"https:\/\/www.freiburg-schwarzwald.de\/blog\/kultur\/medien\/meinungsfreiheit\/\">eigenen Meinung<\/a> mit Strafe bedroht, wie zum Beispiel: <a href=\"https:\/\/www.freiburg-schwarzwald.de\/blog\/fussball-em-2024-politisierung\/\">IS-Gru\u00df<\/a> mit Zeigefinger oder <a href=\"https:\/\/www.freiburg-schwarzwald.de\/blog\/global\/integration\/deutschtuerken\/\">Wolfsgru\u00df<\/a> (1) mit Zeige- und kleinem Finger &#8211; beide Handzeichen sind <a href=\"https:\/\/www.freiburg-schwarzwald.de\/blog\/religion\/islam\/islamismus\/\">islamistisch<\/a> und rassistisch zugleich und haben im Sport bzw. im \u00f6ffentlichen Raum nichts zu suchen. Warum aber wird der t\u00fcrkische Fu\u00dfballnationalspieler Merih Demiral (Doppelfinger der Grauen W\u00f6lfe) am 5.7.2024 f\u00fcr zwei Fu\u00dfballspiele gesperrt, der deutsche Nationalspieler Antonio R\u00fcdiger (IS-Finger des politischen Islam) hingegen nicht? Warum dieses <a href=\"https:\/\/www.freiburg-schwarzwald.de\/blog\/kultur\/kulturverlust\/zweierlei\/\">Zweierlei<\/a>, diese <a href=\"https:\/\/www.freiburg-schwarzwald.de\/blog\/global\/deutschland\/moral2015\/doppelmoral\/\">Doppelmoral<\/a>?<\/p>\n<p>Aber: Bewirkt das Anprangern dieser sicherlich miesen und provozierenden Gesten nicht das genaue Gegenteil, da sie f\u00fcr mediale Aufmerksamkeit und Verbreitung sorgen. Das Gef\u00fchl des Ruchlosen und Verbotenen macht sie attraktiv f\u00fcr die zugeh\u00f6rigen Fanatiker.<br \/>\nZudem ist die Gefahr der Verwechslung gro\u00df: So \u00e4hnelt der Wolfsgru\u00df dem in der <a href=\"https:\/\/www.freiburg-schwarzwald.de\/blog\/bildung\/kindergarten\/kita\/\">Kita<\/a> verbreiteten Schweigefuchs (2), der l\u00e4rmenden Kindern Einhalt gebieten soll. Wie kann eine <a href=\"https:\/\/www.freiburg-schwarzwald.de\/blog\/bildung\/kindergarten\/\">Kinderg\u00e4rtnerin<\/a> dies je auseinanderhalten (3)?<br \/>\nWenn jemand mit den H\u00e4nden herumfuchtelt bzw. gestikuliert, darf dies nicht per Handy und Zeitlupe medial als irgendwie verbotenes Symbolzeichen interpretiert und denunziert werden. &#8222;Die Gedanken sind frei&#8220;- die H\u00e4nde und Finger auch.<br \/>\n.<br \/>\nBeim Fussballspiel T\u00fcrkei-Niederlande (1:2) am 6.7.2024 zeigten Tausende T\u00fcrken den islamistischen Wolfsgru\u00df.<br \/>\n<a href=\"https:\/\/x.com\/ben_brechtken\/status\/1809679299135566175\">https:\/\/x.com\/ben_brechtken\/status\/1809679299135566175<\/a><br \/>\nDie Uefa blendete diese Bilder einfach aus (5), der &#8217;normale&#8216; Fernsehzuschauer nahm dieses Spektakel \u00fcberhaupt nicht wahr.<br \/>\n.<br \/>\nFazit: Die deutsche Politik soll sich endlich um ihre Kernaufgaben k\u00fcmmern (<a href=\"https:\/\/www.freiburg-schwarzwald.de\/blog\/selbsthilfe\/soziales\/justiz\/sicherheit\/\">Sicherheit<\/a> gew\u00e4hrleisten und <a href=\"https:\/\/www.freiburg-schwarzwald.de\/blog\/selbsthilfe\/soziales\/wohlstand\/\">Wohlstand<\/a> mehren), anstatt die <a href=\"https:\/\/www.freiburg-schwarzwald.de\/blog\/engagement\/zukunft\/demokratie\/freiheit\/freiheitsrechte\/\">Freiheitsrechte<\/a> der B\u00fcrger immer weiter zu beschneiden und sie zu ver\u00e4ngstigen. Und die Medien sollen als <a href=\"https:\/\/www.freiburg-schwarzwald.de\/blog\/kultur\/medien\/vierte-gewalt\/\">Vierte Gewalt<\/a>\u00a0die Politik kontrollieren und an ihre Kernaufgaben erinnern anstatt sich der <a href=\"https:\/\/www.freiburg-schwarzwald.de\/blog\/engagement\/zukunft\/demokratie\/ampel\/\">Ampel-Regierung<\/a> anzudienen.<br \/>\nDie B\u00fcrger sind der <a href=\"https:\/\/www.freiburg-schwarzwald.de\/blog\/engagement\/zukunft\/demokratie\/souveraenitaet\/\">Souver\u00e4n<\/a> und die Regierung ihr Dienstleister &#8211; nicht umgekehrt! Lasst die B\u00fcrger ihre Meinung wieder frei heraus sagen, schreiben, singen und gestikulieren. Es lebe der Schweigefuchs.<br \/>\n6.7.2024<br \/>\n.<br \/>\nEnde von Beitrag &#8222;Wolfsgru\u00df oder Schweigefuchs&#8220;<br \/>\n=============================================================<br \/>\nBeginn von Anlagen (1) &#8211; (6)<br \/>\n.<\/p>\n<p><strong>(1) Nach Skandal um Demiral: T\u00fcrkische Fans zeigen bei Empfang der Nationalmannschaft rechtsextremen Wolfsgru\u00df<\/strong><br \/>\nBeim t\u00fcrkischen Wolfsgru\u00df, auch bekannt als \u201eBozkurt\u201c-Gru\u00df, werden der kleine Finger und der Zeigefinger ausgestreckt, w\u00e4hrend die anderen Finger zum Daumen gekr\u00fcmmt werden. Das soll die Form eines Wolfskopfes nachahmen \u2013 hat aber noch eine weitere Bedeutung: Alparslan T\u00fcrkes, Gr\u00fcnder der Grauen W\u00f6lfe-Bewegung und ihres parlamentarischen Arms in der T\u00fcrkei (der Partei MHP), formulierte es einmal so: \u201eSchau her, der kleine Finger symbolisiert den T\u00fcrken, der Zeigefinger den Islam. Der beim Wolfsgru\u00df entstehende Ring symbolisiert die Welt. Der Punkt, an dem sich die restlichen drei Finger verbinden ist ein Stempel. Das bedeutet: Wir werden den T\u00fcrkisch-Islamischen Stempel der Welt aufdr\u00fccken.\u201c<br \/>\nDie Dachverb\u00e4nde der Grauen W\u00f6lfen werden in Deutschland vom Verfassungsschutz beobachtet. Die extrem nationalistische, antisemitische und rassistische Bewegung verfolgt eine \u00e4hnliche Ideologie wie die Nationalsozialisten: Die \u00dcberh\u00f6hung des t\u00fcrkischen Volkes und eine ausgepr\u00e4gte Abwertung anderer Ethnien, Staaten und Religionen \u2013 insbesondere in Bezug auf Juden, den Staat Israel, die Armenier und Kurden. Die Gruppierung verfolgt au\u00dferdem das Ziel der die Errichtung eines homogenen \u201eGro\u00dft\u00fcrkischen Reiches\u201c. Es soll den Namen \u201eTuran\u201c tragen und vom Balkan bis nach Westchina reichen. Bis nach Europa sollen dann alle t\u00fcrkisch sprechen und unter der Drei-Halbmond-Flagge vereint werden.<br \/>\n&#8230; Alles vom 6.7.2024 bitte lesen auf<br \/>\n<a href=\"https:\/\/apollo-news.net\/nach-skandal-um-demiral-tuerkische-fans-zeigen-bei-empfang-der-nationalmannschaft-rechtsextremen-wolfsgruss\/\">https:\/\/apollo-news.net\/nach-skandal-um-demiral-tuerkische-fans-zeigen-bei-empfang-der-nationalmannschaft-rechtsextremen-wolfsgruss\/<\/a><br \/>\n.<br \/>\nKommentar:<br \/>\nWolfsgru\u00df oder Kalifat? Alles laut Haldenwang unproblematisch. Aber das Singen des <a href=\"https:\/\/www.freiburg-schwarzwald.de\/blog\/viel-sylt-wenig-mannheim\/\">Sylt-Songs<\/a> f\u00fchrt zu gesellschaftlicher und beruflicher \u00c4chtung&#8230; J.P.<br \/>\n.<\/p>\n<p><strong>(2) Schweigefuchs ade: Mund zu, Ohren auf, zuh\u00f6ren<\/strong><br \/>\nBeinahe jedes Grundschulkind kennt den Schweigefuchs, der symbolisch f\u00fcr Ruhe im Klassenzimmer sorgen soll.<br \/>\nDass der Schweigefuchs aber dem Erkennungszeichen einer rechtsextremen, nationalistischen, t\u00fcrkischen Gruppierung namens \u201cGraue W\u00f6lfe\u201d zum Verwechseln \u00e4hnlich sieht, ist erst jetzt ans Licht gekommen \u2013 und bringt Konsequenzen mit sich. Es soll zwar kein Verbot, aber zumindest eine Empfehlung geben, den Schweigefuchs nicht mehr einzusetzen \u2013 auch auf Wunsch von Eltern.<br \/>\n<em><strong>Experten sehen das Vorgehen jedoch teilweise kritisch:<\/strong> <\/em>Einige sehen die \u201cVerbannung\u201d als weit hergeholt an und sehen (gerade in der Grundschule) keine Verwechslungsgefahr, andere begr\u00fc\u00dfen das Eingehen auf interkulturelle Zusammenh\u00e4nge und das Vermeiden von Irritationen.<br \/>\n&#8230; Alles vom 5.7.2024 bitte lesen auf<br \/>\n<a href=\"https:\/\/www.lehramt-jena.de\/schweigefuchs-ade\/\">https:\/\/www.lehramt-jena.de\/schweigefuchs-ade\/<\/a><br \/>\n.<br \/>\n.<br \/>\n<strong>(3) Weder Wolfsgru\u00df noch Schweigefuchs sind verboten \u2013 also darf man sie zeigen<\/strong><br \/>\n<em><strong>Wenn wir alles verbieten, was irgendwen provozieren oder st\u00f6ren k\u00f6nnte, sind Freiheit und Demokratie bald am Ende.<\/strong><\/em><br \/>\nSchon die K\u00f6k-T\u00fcrken, zentralasiatische Nomaden im sechsten Jahrhundert, benutzten ihn als Erkennungs- und Zugeh\u00f6rigkeitsgeste: den Wolfsgru\u00df, in deutschen Kinderg\u00e4rten und Grundschulen auch als Schweige- oder Leisefuchs bekannt. Daumen, Ring- und Mittelfinger werden zur Schnauze geformt, Zeige- und kleiner Finger bilden die gespitzten Ohren. Je nach Kontext kann die Geste bedeuten: \u201eMund halten und zuh\u00f6ren\u201c (Schweigefuchs) oder \u201eIch bin ein T\u00fcrke, will ein T\u00fcrke sein\u201c.<br \/>\n&#8230; Alles vom 6.7.2024 bitte lesen auf<br \/>\n<a href=\"https:\/\/www.berliner-zeitung.de\/politik-gesellschaft\/geopolitik\/weder-wolfsgruss-noch-schweigefuchs-sind-verboten-also-darf-man-sie-zeigen-li.2232098\">https:\/\/www.berliner-zeitung.de\/politik-gesellschaft\/geopolitik\/weder-wolfsgruss-noch-schweigefuchs-sind-verboten-also-darf-man-sie-zeigen-li.2232098<\/a><br \/>\n.<br \/>\n.<br \/>\n<strong>(4) Mehrdeutiges Zeichen: Vom t\u00fcrkischen Wolfsgru\u00df und dem Schweigefuchs der Kinder<\/strong><br \/>\nIn der Praxis k\u00f6nnte ein m\u00f6gliches Verbot dieser Geste allerdings f\u00fcr erhebliche Irritationen sorgen. Denn sie wird in Deutschland tagt\u00e4glich millionenfach benutzt \u2013 in Kitas und in Schulen, nat\u00fcrlich auch von t\u00fcrkischst\u00e4mmigen Kindern, freilich aber in ganz anderem Kontext. Der sogenannte Schweigefuchs (auch: Leisefuchs) soll Kinder dazu anhalten, mal kurz ihren Mund zu halten und die Ohren aufzusperren. Das sieht genauso aus wie der Wolfsgru\u00df. <em><strong>Vielleicht w\u00e4re es eine gute Idee, den Ultranationalisten mal den Schweigefuchs zu zeigen. Ob sie das verstehen w\u00fcrden?<\/strong><\/em><br \/>\n&#8230; Alles vom 10.10.2018 bitte lesen auf<br \/>\n<a href=\"https:\/\/www.badische-zeitung.de\/vom-tuerkischen-wolfsgruss-und-dem-schweigefuchs-der-kinder\">https:\/\/www.badische-zeitung.de\/vom-tuerkischen-wolfsgruss-und-dem-schweigefuchs-der-kinder<\/a><br \/>\n.<br \/>\n.<br \/>\n<strong>(5) Uefa blendet aus: Tausende T\u00fcrken zeigen rechtsextremen Wolfsgru\u00df im Berliner Olympiastadion<\/strong><br \/>\nSchon vor Beginn des Spiels zeigten mehrere Tausend t\u00fcrkische Anh\u00e4nger den Wolfsgru\u00df. Ein Stadionbesucher sagte gegen\u00fcber Apollo News, dass er sch\u00e4tzt, dass bei der t\u00fcrkischen Nationalhymne \u201ejeder zweite oder dritte T\u00fcrke den Wolfsgru\u00df gezeigt hat\u201c. Die Uefa als Veranstalter vermied, dass diese skandal\u00f6sen Bilder aus dem Stadion \u00fcbertragen wurden.<br \/>\n&#8230; Alles vom 6.7.2024 bitte lesen auf<br \/>\n<a href=\"https:\/\/apollo-news.net\/tausende-tuerken-zeigen-rechtsextremen-wolfsgruss-im-berliner-olympiastadion\/\">https:\/\/apollo-news.net\/tausende-tuerken-zeigen-rechtsextremen-wolfsgruss-im-berliner-olympiastadion\/<\/a><br \/>\n.<br \/>\n.<br \/>\n<strong>(6) Wolfsgr\u00fc\u00dfe als rechtsextreme Straftaten verbucht?\u00a0<\/strong><br \/>\n<strong>\u201eJuden-Krebs\u201c: So \u201efeiern\u201c T\u00fcrken den Sieg der Niederlande<\/strong><br \/>\nDie Dop-Dop-Ges\u00e4nge wurden vermutlich bereits triumphierend vom Regierungsschutz als \u201erechtsextreme Straftaten unter der Strafbarkeitsgrenze\u201c registriert. Die Wolfsgr\u00fc\u00dfe werden auf jeden Fall Haldenwangs Statistik seit gestern gleich mal um 10.000 rechtsextreme Straftaten nach oben schaukeln: Mehr Gelder f\u00fcr den Kampf gegen rechts: Yeah!<br \/>\nDop-Dop-Ges\u00e4nge, die auch Reinigungskr\u00e4fte mit Migrationshintergrund schon mal gerne anstimmen, sind ebenso wie die Wolfsgru\u00df-Gesten von selbst totalit\u00e4r bzw. linskfaschistoid agierenden Politikern verboten bzw. ge\u00e4chtet. Beide scheinen immer mehr ihre urspr\u00fcngliche Bedeutung zu verlieren. Und zu einem verzweifelten und freilich hilflosen Akt des Widerstands gegen die in Deutschland allm\u00e4chtig scheinende, bipolar kr\u00e4nkelnde Gesinnungsdiktatur der \u201epolitischen Korrektheit\u201c mit all ihrer Hypokrisie und bizarren Widerspr\u00fcchlichkeit zu werden.<br \/>\n&#8230; Alles vom 7.7.2024 bitte lesen auf<br \/>\n<a href=\"https:\/\/philosophia-perennis.com\/2024\/07\/07\/juden-krebs\/\">https:\/\/philosophia-perennis.com\/2024\/07\/07\/juden-krebs\/<\/a><\/p>\n","protected":false},"excerpt":{"rendered":"<p>Die B\u00fcrger erfahren Immer mehr Einschr\u00e4nkungen und Verbote. Die abweichende Meinung gilt als undemokratisch bis hin zu Nazi. Staatlich gef\u00f6rderte Denunziations-Portale warten auf sogar im privaten Kreis &#8218;gemeinte Gedanken&#8216;. Das Singen von stupiden Songs wie &#8222;L&#8217;amour toujours&#8220; kann zum Verlust &hellip; <a href=\"https:\/\/www.freiburg-schwarzwald.de\/blog\/wolfsgruss-oder-schweigefuchs\/\">Weiterlesen <span class=\"meta-nav\">&rarr;<\/span><\/a><\/p>\n","protected":false},"author":2,"featured_media":0,"comment_status":"open","ping_status":"closed","sticky":false,"template":"","format":"standard","meta":{"footnotes":""},"categories":[18,36,155,93,13,157,19],"tags":[709,749,682,421,152,301,780],"class_list":["post-125186","post","type-post","status-publish","format-standard","hentry","category-bildung","category-engagement","category-integration","category-kindergarten","category-kultur","category-oeffentlicher-raum","category-religion","tag-angst","tag-diskussionskultur","tag-freiheit","tag-islam","tag-kita","tag-culture","tag-rechts"],"_links":{"self":[{"href":"https:\/\/www.freiburg-schwarzwald.de\/blog\/wp-json\/wp\/v2\/posts\/125186","targetHints":{"allow":["GET"]}}],"collection":[{"href":"https:\/\/www.freiburg-schwarzwald.de\/blog\/wp-json\/wp\/v2\/posts"}],"about":[{"href":"https:\/\/www.freiburg-schwarzwald.de\/blog\/wp-json\/wp\/v2\/types\/post"}],"author":[{"embeddable":true,"href":"https:\/\/www.freiburg-schwarzwald.de\/blog\/wp-json\/wp\/v2\/users\/2"}],"replies":[{"embeddable":true,"href":"https:\/\/www.freiburg-schwarzwald.de\/blog\/wp-json\/wp\/v2\/comments?post=125186"}],"version-history":[{"count":5,"href":"https:\/\/www.freiburg-schwarzwald.de\/blog\/wp-json\/wp\/v2\/posts\/125186\/revisions"}],"predecessor-version":[{"id":125213,"href":"https:\/\/www.freiburg-schwarzwald.de\/blog\/wp-json\/wp\/v2\/posts\/125186\/revisions\/125213"}],"wp:attachment":[{"href":"https:\/\/www.freiburg-schwarzwald.de\/blog\/wp-json\/wp\/v2\/media?parent=125186"}],"wp:term":[{"taxonomy":"category","embeddable":true,"href":"https:\/\/www.freiburg-schwarzwald.de\/blog\/wp-json\/wp\/v2\/categories?post=125186"},{"taxonomy":"post_tag","embeddable":true,"href":"https:\/\/www.freiburg-schwarzwald.de\/blog\/wp-json\/wp\/v2\/tags?post=125186"}],"curies":[{"name":"wp","href":"https:\/\/api.w.org\/{rel}","templated":true}]}}