{"id":125176,"date":"2024-07-06T12:10:37","date_gmt":"2024-07-06T10:10:37","guid":{"rendered":"https:\/\/www.freiburg-schwarzwald.de\/blog\/?p=125176"},"modified":"2024-07-06T12:30:42","modified_gmt":"2024-07-06T10:30:42","slug":"bpb-rechtsruck-nach-wm-2006","status":"publish","type":"post","link":"https:\/\/www.freiburg-schwarzwald.de\/blog\/bpb-rechtsruck-nach-wm-2006\/","title":{"rendered":"BpB: Rechtsruck nach WM 2006"},"content":{"rendered":"<p>Die<a href=\"https:\/\/www.freiburg-schwarzwald.de\/blog\/global\/deutschland\/steuerzahler\/\"> steuerfinanzierte<\/a> &#8222;Bundeszentrale f\u00fcr politische Bildung (<a href=\"https:\/\/www.freiburg-schwarzwald.de\/blog\/bildung\/politische-bildung\/\">BpB<\/a>), welche der Bundesinnenministerin Nancy Faeser untersteht, ver\u00f6ffentlichte am 2.7.2024 ein Video\u00a0 mit der These, dass das <a href=\"https:\/\/www.freiburg-schwarzwald.de\/blog\/fussball-fahnen-nationalismus\/\">Sommerm\u00e4rchen 2006<\/a> mit den all\u00fcberall wehenden Schwarz-rot-gold-Flaggen der Ausl\u00f6ser <!--more-->f\u00fcr die Radikalisierung der <a href=\"https:\/\/www.freiburg-schwarzwald.de\/blog\/engagement\/zukunft\/demokratie\/rechts\/rechts-links\/\">Rechten<\/a> in Deutschland mit <a href=\"https:\/\/www.freiburg-schwarzwald.de\/blog\/global\/integration\/pegida\/\">Pegida<\/a> knapp 10 Jahre sp\u00e4ter gewesen sei (1). <a href=\"https:\/\/www.youtube.com\/watch?v=UhAzGvFyj5s&amp;t=11s\">https:\/\/www.youtube.com\/watch?v=UhAzGvFyj5s&amp;t=11s<\/a><br \/>\nNach einem Aufschrei im Netz l\u00f6schte die BpB dieses die <a href=\"https:\/\/www.freiburg-schwarzwald.de\/blog\/kultur\/medien\/diskussionskultur\/diskussionskultur2023\/\">Diskussionskultur<\/a> vergiftende Video nur zwei Tage sp\u00e4ter am 4.7.2024.<\/p>\n<p>Im Jahr 2006 bei der Fussball-WM werden all\u00fcberall &#8211; am Fenster, Fahrradanh\u00e4nger, Auto, am Arbeitsplatz, auf dem Schulranzen, im Gesicht &#8211; stolz die Deutschlandfahnen gezeigt, was laut Faeser einen <a href=\"https:\/\/www.freiburg-schwarzwald.de\/blog\/engagement\/zukunft\/demokratie\/rechts\/rechtsruck\/\">politischen Rechtsruck<\/a> zur Folge h\u00e4tte. 2024 sind nur wenige schwarz-rot-goldene Fahnen zu sehen &#8211; au\u00dferhalb der Fussballstadien noch weniger. Nach dem fr\u00fchen <a href=\"https:\/\/www.freiburg-schwarzwald.de\/blog\/sport\/sportlern\/fussball\/fussball-em2024\/\">EM2024-Ausscheiden<\/a> der Fussballnationalmannschaft durch die 1:2-Niederlage gegen Spanien verschwinden auch diese wenigen <a href=\"https:\/\/www.freiburg-schwarzwald.de\/blog\/engagement\/zukunft\/demokratie\/nation\/flaggen\/\">Deutschlandflaggen<\/a> wieder aus dem <a href=\"https:\/\/www.freiburg-schwarzwald.de\/blog\/kultur\/oeffentlicher-raum\/\">\u00f6ffentlichen Raum<\/a>. Gem\u00e4\u00df der Logik der Bundesinnenministerin m\u00fcsste der Rechtsruck somit beendet sein. Sehr zur Freude von Nancy Faeser in Berlin. Oder stimmt etwas mit der Faeser&#8217;schen Logik und der von der Ampel-Regierung betriebenen links-<a href=\"https:\/\/www.freiburg-schwarzwald.de\/blog\/kultur\/kulturverlust\/woke\/\">woken<\/a> <a href=\"https:\/\/www.freiburg-schwarzwald.de\/blog\/sport\/sport-politik\/\">Politisierung des Sports<\/a> <a href=\"https:\/\/www.freiburg-schwarzwald.de\/blog\/jugend-deutschland-rechtsruck\/\">nicht<\/a>? Warum nur w\u00e4hlen immer mehr <a href=\"https:\/\/www.freiburg-schwarzwald.de\/blog\/jugend-deutschland-rechtsruck\/\">junge Leute<\/a> politisch rechts bzw. rechts von der Mitte stehende Parteien?<br \/>\n6.7.2024<br \/>\n.<br \/>\nEnde von Beitrag &#8222;Rechtsruck nach WM 2006&#8220;<br \/>\n==========================================================<br \/>\nBeginn von Anlagen (1) &#8211; (3)<br \/>\n.<\/p>\n<p><strong>(1) Sommerm\u00e4rchen schuld am Rechtsruck: Faeser-Beh\u00f6rde l\u00f6scht krankes Video<br \/>\n<\/strong>&#8230; \u201eSind Poldi, Klinsi und Co schuld am Rechtsruck in Deutschland?\u201d fragte das auf Kosten der Steuerzahler produzierte Video und gab sich selbst die Antwort: \u201eSteile These, aber da k\u00f6nnte schon was dran sein.\u201d<br \/>\nDenn dort habe man Deutschlandfahnen geschwenkt. Und dann: \u201eEtwas weniger als zehn Jahre sp\u00e4ter laufen mit Pegida patriotische Europ\u00e4er mit Deutschlandfahnen durch Dresden. Politikwissenschaftler Clemens Heni sagt: Ohne die WM 2006 w\u00e4re das so nie m\u00f6glich gewesen. Und Pegida war erst der Anfang f\u00fcr eine Radikalisierung der Rechten in Deutschland.\u201d<br \/>\n&#8230; Alles vom 4.7.2024 bitte lesen auf<br \/>\n<a href=\"https:\/\/philosophia-perennis.com\/2024\/07\/04\/sommermaerchen-schuld-am-rechtsruck-faeser-behoerde-loescht-krankes-video\/\">https:\/\/philosophia-perennis.com\/2024\/07\/04\/sommermaerchen-schuld-am-rechtsruck-faeser-behoerde-loescht-krankes-video\/<\/a><\/p>\n<p>Faeser-Beh\u00f6rde l\u00f6scht dieses &#8218;umstrittene&#8216; Video&#8230;<br \/>\n<a href=\"https:\/\/www.youtube.com\/watch?v=UhAzGvFyj5s&amp;t=11s\">https:\/\/www.youtube.com\/watch?v=UhAzGvFyj5s&amp;t=11s<\/a><br \/>\n.<\/p>\n<p><strong>(2) Rechtsruck durch das Sommerm\u00e4rchen 2006? Faeser-Beh\u00f6rde l\u00f6scht umstrittenes Video<\/strong><br \/>\n&#8230;. Die Bundeszentrale f\u00fcr politische Bildung (BPB) hat ein hochumstrittenes Video gel\u00f6scht, welches das WM-Sommerm\u00e4rchen 2006 f\u00fcr den Rechtsruck in Deutschland (mit)verantwortlich macht.<br \/>\nIn dem rund einmin\u00fctigen Beitrag erkl\u00e4rt Siegert, wie das Geschichts- und Deutschlandbild vor 2006 war: Bis dahin soll Deutschland nur f\u00fcr Weltkriege und den Fall der Mauer bekannt gewesen sein, dann kam das Sommerm\u00e4rchen 2006, mit dem Deutschland sich der Welt freundlich und lebensfroh pr\u00e4sentierte.<br \/>\nIn dieser Zeit entstand ihr zufolge der sogenannte \u201eParty-Patriotismus\u201c. Denn s\u00e4mtliche Fanutensilien waren fortan auch in Deutschlandfarben erh\u00e4ltlich. L\u00f6ste diese Zeit den heutigen Rechtsruck in Deutschland aus? \u201eDas ist eine steile These, aber es kann schon sein\u201c, beantwortet Siegert gleich zu Beginn des Videos die Frage selbst und geht dann auf die eben beschriebenen Punkte ein.<br \/>\n&#8230; Alles vom 4.7.2024 bitte lesen auf<br \/>\n<a href=\"https:\/\/www.focus.de\/politik\/deutschland\/video-wurde-gemischt-aufgefasst-rechtsruck-durch-das-sommermaerchen-2006-faeser-behoerde-loescht-umstrittenes-video_id_260109098.html\">https:\/\/www.focus.de\/politik\/deutschland\/video-wurde-gemischt-aufgefasst-rechtsruck-durch-das-sommermaerchen-2006-faeser-behoerde-loescht-umstrittenes-video_id_260109098.html<\/a><br \/>\n.<br \/>\n.<br \/>\n<strong>(3) Deutschland-Fans sollen Verfassungsfeinde sein? Nancy Faesers EM-Zirkus<\/strong><br \/>\nWer zur EM mit Deutschland-Flaggen posiert, ist quasi schon ein Verfassungsfeind. Das will uns die Bundeszentrale f\u00fcr politische Bildung in einem aktuellen Video erkl\u00e4ren. <a href=\"https:\/\/www.youtube.com\/watch?v=UhAzGvFyj5s&amp;t=11s\">https:\/\/www.youtube.com\/watch?v=UhAzGvFyj5s&amp;t=11s<\/a> (Video BpB)<br \/>\nFaesers Beh\u00f6rde wagt den Argumentations-Spagat.<br \/>\n<a href=\"https:\/\/www.youtube.com\/watch?v=bv9-NkBQKfc\">https:\/\/www.youtube.com\/watch?v=bv9-NkBQKfc<\/a>\u00a0(Video Larissa Fu\u00dfer)<\/p>\n<p>&#8230; Alles vom 5.7.2024 bitte lesen auf<br \/>\n<a href=\"https:\/\/apollo-news.net\/deutschland-fans-sollen-verfassungsfeinde-sein-nancy-faesers-em-zirkus\/\">https:\/\/apollo-news.net\/deutschland-fans-sollen-verfassungsfeinde-sein-nancy-faesers-em-zirkus\/<\/a><\/p>\n<p>Einige Kommentare:<br \/>\nDas schwenken von Deutschlandflaggen ist ekelig und zum erbrechen Nationalistisch. Die Schwarz Rot Goldene Fahne geh\u00f6rt zerrissen und in den braunen Matsch geschmissen. Es passt nicht zu einem toleranten Deutschland.<br \/>\nDie Regenbogen Fahne ist die einzigste Fahne, die in Deutschland wehen sollte. Nur so zeigen wir unsere Toleranz und Geschlechtergerechtigkeit. F\u00fcr Diversit\u00e4t und h\u00f6chster Toleranz strahlt der Regenbogen. (Ende Satire) G.S.<br \/>\n.<br \/>\nVor vielen, vielen Jahren gab es in Deutschland mal Olympische Spiele. Da wurde ein \u00e4hnlicher Politzirkus veranstaltet. Mit Demokratie hat das hier nichts mehr zu tun Val<br \/>\nEnde Kommentare<\/p>\n","protected":false},"excerpt":{"rendered":"<p>Die steuerfinanzierte &#8222;Bundeszentrale f\u00fcr politische Bildung (BpB), welche der Bundesinnenministerin Nancy Faeser untersteht, ver\u00f6ffentlichte am 2.7.2024 ein Video\u00a0 mit der These, dass das Sommerm\u00e4rchen 2006 mit den all\u00fcberall wehenden Schwarz-rot-gold-Flaggen der Ausl\u00f6ser<\/p>\n","protected":false},"author":2,"featured_media":0,"comment_status":"open","ping_status":"closed","sticky":false,"template":"","format":"standard","meta":{"footnotes":""},"categories":[18,181,60,157,8],"tags":[109,366,619,525,797,780,792],"class_list":["post-125176","post","type-post","status-publish","format-standard","hentry","category-bildung","category-buergerbeteiligung","category-jugend","category-oeffentlicher-raum","category-sport","tag-fans","tag-fussball","tag-patriot","tag-politik","tag-protest","tag-rechts","tag-sport"],"_links":{"self":[{"href":"https:\/\/www.freiburg-schwarzwald.de\/blog\/wp-json\/wp\/v2\/posts\/125176","targetHints":{"allow":["GET"]}}],"collection":[{"href":"https:\/\/www.freiburg-schwarzwald.de\/blog\/wp-json\/wp\/v2\/posts"}],"about":[{"href":"https:\/\/www.freiburg-schwarzwald.de\/blog\/wp-json\/wp\/v2\/types\/post"}],"author":[{"embeddable":true,"href":"https:\/\/www.freiburg-schwarzwald.de\/blog\/wp-json\/wp\/v2\/users\/2"}],"replies":[{"embeddable":true,"href":"https:\/\/www.freiburg-schwarzwald.de\/blog\/wp-json\/wp\/v2\/comments?post=125176"}],"version-history":[{"count":5,"href":"https:\/\/www.freiburg-schwarzwald.de\/blog\/wp-json\/wp\/v2\/posts\/125176\/revisions"}],"predecessor-version":[{"id":125183,"href":"https:\/\/www.freiburg-schwarzwald.de\/blog\/wp-json\/wp\/v2\/posts\/125176\/revisions\/125183"}],"wp:attachment":[{"href":"https:\/\/www.freiburg-schwarzwald.de\/blog\/wp-json\/wp\/v2\/media?parent=125176"}],"wp:term":[{"taxonomy":"category","embeddable":true,"href":"https:\/\/www.freiburg-schwarzwald.de\/blog\/wp-json\/wp\/v2\/categories?post=125176"},{"taxonomy":"post_tag","embeddable":true,"href":"https:\/\/www.freiburg-schwarzwald.de\/blog\/wp-json\/wp\/v2\/tags?post=125176"}],"curies":[{"name":"wp","href":"https:\/\/api.w.org\/{rel}","templated":true}]}}