{"id":124889,"date":"2024-06-28T11:28:38","date_gmt":"2024-06-28T09:28:38","guid":{"rendered":"https:\/\/www.freiburg-schwarzwald.de\/blog\/?p=124889"},"modified":"2024-07-02T20:56:47","modified_gmt":"2024-07-02T18:56:47","slug":"ramstein-demo-gegen-drohnen","status":"publish","type":"post","link":"https:\/\/www.freiburg-schwarzwald.de\/blog\/ramstein-demo-gegen-drohnen\/","title":{"rendered":"Ramstein-Demo gegen Drohnen"},"content":{"rendered":"<p>Vielen Dank an die Teilnehmer des diesj\u00e4hrigen <a href=\"https:\/\/www.freiburg-schwarzwald.de\/blog\/engagement\/buergerinitiativen\/friedensdemo\/\">Friedenscamp<\/a> 16.-23. Juni 2024 nahe der US Air Base in <a href=\"https:\/\/www.freiburg-schwarzwald.de\/blog\/global\/usa\/ramstein\/\">Ramstein\/Pfalz<\/a>. Auf der Abendveranstaltung am 21.6.2024 um 18 Uhr sprachen u.a. Daniele Ganser, <a href=\"https:\/\/www.freiburg-schwarzwald.de\/blog\/religion\/katholisch\/drewermann\/\">Eugen Drewermann<\/a> (1), <a href=\"https:\/\/www.freiburg-schwarzwald.de\/blog\/global\/ukraine\/waffenstillstand\/\">Daniele Ganser<\/a> (2) und Christiane Reymann (2a). Die Demonstration fand am 22. Juni in Kaiserslautern statt.<br \/>\n<!--more-->.<br \/>\nViele nachdenkliche Gesichter. Viele besorgte Gespr\u00e4che. Schlie\u00dflich werden vom nahen Ramstein aus die <a href=\"https:\/\/www.freiburg-schwarzwald.de\/blog\/global\/waffen\/drohnen\/\">Kampfdrohnen<\/a> und die logistischer Versorgung mit Kriegsmaterial von <a href=\"https:\/\/www.freiburg-schwarzwald.de\/blog\/global\/usa\/us-geopolitik\/\">USA<\/a> und <a href=\"https:\/\/www.freiburg-schwarzwald.de\/blog\/global\/eu\/europa\/nato\/\">NATO<\/a> gesteuert. Dazu kommt die neu eingerichtete Milit\u00e4rzentrale in Wiesbaden. Ob Friedensjournalismus (7) im n\u00e4chsten Jahr erneut von einem Friedenscamp 2025 bei Ramstein berichten kann und wird?<br \/>\n28.6.2024<br \/>\n.<br \/>\nEnde on Beitrag &#8222;Ramstein-Demo gegen Drohnen&#8220;<br \/>\n=========================================================<br \/>\nBeginn von Anlagen (1) &#8211; (7)<\/p>\n<p><strong>(1) Rede von Eugen Drewermann: Stopp Air Base Ramstein 2024<\/strong><br \/>\nEugen Drewermann sprach auf der Abendveranstaltung der Stopp Air Base Ramstein Kampagne im Friedenscamp am 21. Juni 2024. Anschlie\u00dfend gratulierte ihm die Kampagne zum Geburtstag und sangen gemeinsam mit Daniele Ganser ,<br \/>\nEinige Zitate:<br \/>\n&#8222;<em><strong>Von hier aus werden die Drohnenmorde in aller Welt dirigiert und gesteuert.<\/strong><\/em><br \/>\n<em><strong>Wir wollen nicht l\u00e4nger, da\u00df es so bleibt.<\/strong><\/em><br \/>\nWir wollen, da\u00df der Stellvertreterkrieg in der Ukraine beendet wird durch Verhandlungen.<br \/>\nHerr Scholz, wenn Sie dabei sind, Leute, die \u00fcr den Frieden demonstrieren zu Teufeln erkl\u00e4ren, dann sind sie dabei, die ganze Welt in eine H\u00f6lle zu verwandeln.<br \/>\nSeit dem Friedensangebot der Russen 1989 hat e keinen Krieg weltweit gegeben, der nicht von den USA ausgegangen ist.<br \/>\nRusland mu\u00df Ruiniert werden, so die deutsche Aussenministerin, geleitet von den USA.&#8220;<\/p>\n<p>Einige Kommentare:<br \/>\nDanke Herr Drewermann f\u00fcr ihren unerm\u00fcdlichen Einsatz f\u00fcr den Frieden. M\u00f6ge Gott ihnen noch lange die n\u00f6tige Kraft und Gesundheit daf\u00fcr schenken chri<br \/>\n.<br \/>\nSchluss mit allen Kriegen, Schluss mit allen Ungerechtigkeiten, Schluss mit Geoengineering. &#8211; Wir B\u00fcrger wollen Frieden und Freundschaft mit Russland. Das Gute k\u00f6nnen wir unterst\u00fctzen, wenn wir uns oft vorstellen, dass es \u00fcberall hell ist. Ann<br \/>\n.<br \/>\n21.6.2024 , 1 Std 5 min<br \/>\n<a href=\"https:\/\/youtu.be\/DgX1Wl5zUrw?si=Gikg80wqdIVjGsqs\">https:\/\/youtu.be\/DgX1Wl5zUrw?si=Gikg80wqdIVjGsqs<\/a><\/p>\n<p>Drewermann Friedensrede, Stopp Air Base Ramstein 2024, und Abschluss mit Ganser und Morgaine u.a.<br \/>\nEugen Drewermanns gro\u00dfe Friedensrede bei der Abendveranstaltung der Stopp Air Base Ramstein Kampagne im Friedenscamp am 21. Juni 2024. Anschlie\u00dfend gratulierte ihm die Kampagne zum Geburtstag (20. Juni) und sangen gemeinsam mit Daniele Ganser &#8222;Menschheitsfamilie&#8220; von Morgaine<br \/>\n.<a href=\"https:\/\/youtu.be\/v--S4QQMrfc\">https:\/\/youtu.be\/v&#8211;S4QQMrfc<\/a><br \/>\n.<\/p>\n<p><strong>(2) Rede von Daniele Ganser: Stopp Air Base Ramstein 2024<\/strong><br \/>\nDaniele Ganser sprach auf der Abendveranstaltung der Stopp Air Base Ramstein Kampagne im Friedenscamp am 21. Juni 2024.<br \/>\n30 min<br \/>\n<a href=\"https:\/\/www.youtube.com\/watch?v=wWQ0kDlrhfk\">https:\/\/www.youtube.com\/watch?v=wWQ0kDlrhfk<\/a><br \/>\n.<br \/>\n.<br \/>\n<strong>(2a) Rede on Christiane Reymann :: Stopp Air Base Ramstein<\/strong> 2024<br \/>\nChristiane Reymann sprach auf der Abendveranstaltung der Stopp Air Base Ramstein Kampagne im Friedenscamp am 21. Juni 2024.<br \/>\n<a href=\"https:\/\/www.youtube.com\/watch?v=Q9XOu-ypDtY\">https:\/\/www.youtube.com\/watch?v=Q9XOu-ypDtY<\/a><br \/>\n.<br \/>\nDokumentation Friedenscamp<br \/>\nNeben des Errichten des Friedenscamp gibt es noch gute Informationen zur Air Base Ramstein selbst. 2.7.2024<br \/>\n<a href=\"https:\/\/odysee.com\/@CrumanFilms:2\/Friedenscamp-Aufbau_fertig_YT:9\">https:\/\/odysee.com\/@CrumanFilms:2\/Friedenscamp-Aufbau_fertig_YT:9<\/a><\/p>\n<p>.<\/p>\n<p><strong>(3) Stopp Ramstein 2024 &#8211; Kaiserslautern &#8211; Demonstration<\/strong><br \/>\nMit etwas Verz\u00f6gerung startete die Veranstaltung um 12:30 am Hbf Kaiserslautern mit ca. 700 Teilnehmern. Das Motto 2024 lautet: Wir weigern uns Feinde zu sein!<br \/>\nNach der Begr\u00fc\u00dfung waren mehrere Redebeitr\u00e4ge<br \/>\n(Pascal Luig, Mona Aranea, Christiane Reymann, Manaf Hassan, Kristine Karch). Begleitet durch Musik u.a. von Kilez More erfolgte danach der Umzug durch Kaiserslautern. Trommeln wurden vom Ordnungsamt nicht zugelassen.<br \/>\nDie Veranstaltung verlief friedlich und ohne St\u00f6rungen und vom Regen verschont.<br \/>\n23.6.2024, <a href=\"https:\/\/youtu.be\/c3dzENin2nc\">https:\/\/youtu.be\/c3dzENin2nc<\/a><br \/>\n<a href=\"https:\/\/odysee.com\/@honkforhope:0\/de-stop-airbase-ramstein\">https:\/\/odysee.com\/@honkforhope:0\/de-stop-airbase-ramstein<\/a>,-22.06.2024:2<\/p>\n<p>Kaiserslautern: 1000 Menschen demonstrierten am 22.06.2024 gegen die US Airbase in Ramstein. Hier der Umzug nach der Demonstration in vierfacher Geschwindigkeit. Themen unter anderem:<br \/>\nkeine Waffen in Kriegsgebiete<br \/>\nSterben beenden, Diplomaten senden!<br \/>\nVerhandlungsfrieden statt Siegfrieden<br \/>\nEs darf kein Krieg von deutschem Boden ausgehen<br \/>\nVideoquelle: Song\u00fcl Schl\u00fcrscheid auf Twitter<br \/>\n&#8230;<br \/>\n<a href=\"https:\/\/www.youtube.com\/watch?v=Q6RbIkredMw\">https:\/\/www.youtube.com\/watch?v=Q6RbIkredMw<\/a><br \/>\n.<\/p>\n<p><strong>(4) Aufruf zur Friedenswoche 2024<\/strong><br \/>\nWir sind alle eine Menschheitsfamilie und sehen darin eine politische und kulturelle Aufgabe. Wir haben Empathie f\u00fcr alle Menschen weltweit, die von Kriegen betroffen sind. Wir sind gegen Doppelmoral mit einseitigen Sichtweisen auf einzelne Konfliktherde.<br \/>\nDie US Air Base Ramstein steht f\u00fcr (verdeckte) Kriege, die weltweit mit Kampfdrohnen und logistischer Versorgung mit Kriegsmaterial gef\u00fchrt werden. Die US Air Base Ramstein steht auch f\u00fcr eine Vasallentreue unserer Bundesregierung gegen\u00fcber der US-Kriegspolitik. Deshalb richten wir unsere Forderungen an die Bundesregierung, um die grundgesetzlich verankerte Souver\u00e4nit\u00e4t und v\u00f6lkerrechtliche Verpflichtungen gegen\u00fcber den USA wiederherzustellen.<br \/>\nWir fordern:<br \/>\nKein Nato-Kriegsrat in Ramstein!<br \/>\nKeine Drohnenkriege der USA via Ramstein!<br \/>\nKeine Kriegslogistik \u00fcber Ramstein!<br \/>\nUS-Truppenstatut k\u00fcndigen und die Air Base schlie\u00dfen!<br \/>\nIn wenigen Tagen startet das Friedenscamp und damit die Friedenswoche. Vom 16.-23. Juni werden wir ein Zeichen f\u00fcr den Frieden setzen. Wir werden der Militarisierung in Deutschland und der weltweiten Kriegstreiberei eine Woche des Friedens entgegensetzen.<br \/>\n<a href=\"https:\/\/www.pressenza.com\/de\/2024\/06\/friedenswoche-2024-wir-weigern-uns-feinde-zu-sein\/\">https:\/\/www.pressenza.com\/de\/2024\/06\/friedenswoche-2024-wir-weigern-uns-feinde-zu-sein\/<\/a><br \/>\n.<\/p>\n<p><strong>(5) Ramstein: Nach der Friedenswoche 2024 ist vor der Friedenswoche 2025<\/strong><br \/>\nDie letzten Aktivistinnen und Aktivisten sind gestern mit dem Abbau fertig geworden. Wir danken allen, die mitgeholfen haben. Jede helfende Hand war eine Bereicherung.<br \/>\nSchon jetzt fangen wir mit den Planungen f\u00fcr 2025 an. Wir hoffen, dass wir n\u00e4chstes Jahr auch so unglaublich viel Unterst\u00fctzung von euch bekommen, um gemeinsam die Friedenswoche 2025 zu gestalten. Wer Lust hat das Orga Team zu verst\u00e4rken, kann sich gerne bei uns melden. 24.6.2024<br \/>\n<a href=\"https:\/\/t.me\/StoppRamstein\/703\">https:\/\/t.me\/StoppRamstein\/703<\/a><br \/>\n<a href=\"https:\/\/www.facebook.com\/stoppramstein\/videos\/was-ein-mega-start-in-die-friedenswoche-wir-freu-uns-auf-alle-die-ins-friedensca\/786427033471975\/\">https:\/\/www.facebook.com\/stoppramstein\/videos\/was-ein-mega-start-in-die-friedenswoche-wir-freu-uns-auf-alle-die-ins-friedensca\/786427033471975\/<\/a><br \/>\n.<\/p>\n<p><strong>(6) Ramstein und Kaiserslautern: zentrale Orte der Militarisierung und Kriegsf\u00fchrung<\/strong><br \/>\nF\u00fcnf alte und neue Gr\u00fcnde, warum die konzentrierte US-Milit\u00e4rpr\u00e4senz in der Gro\u00dfregion Kaiserslautern seit 2015 andauernd ein zentraler Ort des Widerstandes gegen Militarisierung und Kriegsf\u00fchrung ist und warum die diesj\u00e4hrige Aktionswoche vom 16. bis 23. Juni wichtiger denn je ist.<br \/>\n&#8230; Alles vom 26.5.2024 von Karl-Heinz Peil bitte lesen auf<br \/>\n<a href=\"https:\/\/visualbases.org\/ramstein-und-kaiserslautern-zentrale-orte-der-militarisierung-und-kriegsfuhrung\/\">https:\/\/visualbases.org\/ramstein-und-kaiserslautern-zentrale-orte-der-militarisierung-und-kriegsfuhrung\/<\/a><br \/>\noder<br \/>\n<a href=\"https:\/\/overton-magazin.de\/hintergrund\/politik\/ramstein-und-kaiserslautern-zentrale-orte-der-militarisierung-und-kriegsfuehrung\/\">https:\/\/overton-magazin.de\/hintergrund\/politik\/ramstein-und-kaiserslautern-zentrale-orte-der-militarisierung-und-kriegsfuehrung\/<\/a><br \/>\n.<br \/>\n.<br \/>\n<strong>(7) Bootcamp f\u00fcr Friedenst\u00fcchtigkeit &#8211; Friedensjournalismus<\/strong><br \/>\nInmitten der Kriegseuphorie veranstaltete die Stopp-Ramstein-Kampagne unbeirrt ein Friedenscamp nahe der US-Airbase sowie eine Gro\u00dfdemo in Kaiserslautern. Die Konzernpresse schwieg all das tot \u2014 wie zu erwarten. Ein Vor-Ort-Bericht.<br \/>\nErneut kamen nahe der pf\u00e4lzischen US-Airbase Menschen zusammen, die bei \u201eStopp Ram(m)stein\u201c nicht an Til Lindemann denken. Obwohl die Airbase f\u00fcr Deutschland noch nie eine so immense Gefahr darstellte wie diesj\u00e4hrig, war die Anzahl der Friedensaktivisten sehr \u00fcberschaubar, verglichen mit dem Massenandrang \u201egegen rechts\u201c infolge des Correctiv-L\u00fcgenm\u00e4rchens. Vermutlich h\u00e4tte auf der Airbase Ramstein ebenfalls ein Geheimtreffen von AfD-Politikern stattfinden m\u00fcssen, damit sich mehr als 10.000 Menschen auf den rheinland-pf\u00e4lzischen Stra\u00dfen einfinden. Der Unterschied lie\u00df sich sehr anschaulich ablesen, zwischen organisch gewachsenen Proteststrukturen und solchen, die von der Regierung und ihren Propagandaorganen k\u00fcnstlich hochgez\u00fcchtet werden. Dass die Airbase die Existenz eines potenziellen Zielfluchtlandes in G\u00e4nze gef\u00e4hrdet, schien die damaligen Gratismut-Aktivisten nicht zu k\u00fcmmern. Ebenso lie\u00dfen sich keinerlei Klimaaktivisten blicken, um der ungeheuren Umweltverpestung durch den dortigen Milit\u00e4r-Moloch Einhalt zu gebieten. Mit dem Friedenscamp nahe dem Luftwaffenst\u00fctzpunkt sowie dem Demozug durch Kaiserslautern kristallisierte sich der Kern jener Menschen in Deutschland heraus, die die realen und unmittelbaren Gefahren f\u00fcr das Land erkannt haben. Doch auch innerhalb dieses Zirkels sind noch einige Hausaufgaben zu erledigen. Dass die friedensgef\u00e4hrdenden Faktoren im Au\u00dfen erkannt werden, ist noch lange nicht gleichbedeutend mit innerer Friedenst\u00fcchtigkeit. Dass diese das Ergebnis einer schweren Innenarbeit ist, darauf wurde diesj\u00e4hrig gerade im Friedenscamp ein besonderes Augenmerk gerichtet. Dar\u00fcber hinaus zeigte sich in diesem Jahr, dass weite Teile der freien, alternativen Medien immer noch mehrheitlich auf das alleinige Kriegsgeschehen fokussiert sind, statt Friedensinitiativen in den Vordergrund zu r\u00fccken. Angesichts des schon an der T\u00fcrschwelle stehenden Dritten Weltkrieges bedarf es auch unter vielen Medienmachern eines Strategiewechsels.<br \/>\n&#8230;<br \/>\nBei der Frage, was der <em><strong>Friedensjournalismus<\/strong> <\/em>darf, ist es wohl hilfreich, auf die Definition seines Entwicklers zu blicken, den norwegischen Soziologen und Friedensforscher Johan Galtung. F\u00fcr ihn bestanden die wesentlichen Merkmale des Friedensjournalismus unter anderem darin, konstruktiv zu berichten, das hei\u00dft die Ursachen und Wirkzusammenh\u00e4nge der Konflikte zu chronologisieren, dabei langfristige Auswege zu beleuchten und es nicht dabei bewenden zu lassen, rein oberfl\u00e4chlich \u00fcber die dauernde Abfolge von Aktion und Reaktion der jeweiligen Konfliktparteien zu berichten. Des weiteren geh\u00f6rt es zum Friedensjournalismus, nicht die Gewaltspirale, sondern die Friedensinitiativen in den Vordergrund zu r\u00fccken.<br \/>\nUnd genau das geschieht eben nicht. Von den gro\u00dfen Bl\u00e4ttern mal abgesehen war das diesj\u00e4hrige Stopp-Ramstein nicht mal der Regionalpresse von Kaiserslautern einen Bericht wert.<br \/>\n&#8230;<br \/>\nN\u00e4chstes Jahr wird die Stopp-Ramstein-Kampagne zehn Jahre alt. Werden sich bis dahin die friedensjournalistischen Scheinwerfer mit geb\u00fchrender Aufmerksamkeit dieser Kampagne widmen? Mit einem Lichtstrahl, so grell, dass er Kriegstrommler wie Marie-Agnes Strack-Zimmermann, Roderich Kiesewetter, Friedrich Merz, Sigmar Gabriel oder Anna-Lena Baerbock in den Schatten der friedenspolitischen Bedeutungslosigkeit verbannt?<br \/>\n&#8230; Alles vom 29.6.2024 von Nicolas Riedl bitte lesen auf<br \/>\n<a href=\"https:\/\/www.manova.news\/artikel\/bootcamp-fur-friedenstuchtigkeit\">https:\/\/www.manova.news\/artikel\/bootcamp-fur-friedenstuchtigkeit<\/a><\/p>\n<p>&nbsp;<\/p>\n","protected":false},"excerpt":{"rendered":"<p>Vielen Dank an die Teilnehmer des diesj\u00e4hrigen Friedenscamp 16.-23. Juni 2024 nahe der US Air Base in Ramstein\/Pfalz. Auf der Abendveranstaltung am 21.6.2024 um 18 Uhr sprachen u.a. Daniele Ganser, Eugen Drewermann (1), Daniele Ganser (2) und Christiane Reymann (2a). &hellip; <a href=\"https:\/\/www.freiburg-schwarzwald.de\/blog\/ramstein-demo-gegen-drohnen\/\">Weiterlesen <span class=\"meta-nav\">&rarr;<\/span><\/a><\/p>\n","protected":false},"author":2,"featured_media":0,"comment_status":"open","ping_status":"closed","sticky":false,"template":"","format":"standard","meta":{"footnotes":""},"categories":[355,36,195,210,13,157,172],"tags":[325,520,785,797,705],"class_list":["post-124889","post","type-post","status-publish","format-standard","hentry","category-buergerinitiativen","category-engagement","category-eu","category-gewalt","category-kultur","category-oeffentlicher-raum","category-zukunft","tag-demo","tag-frieden","tag-nato","tag-protest","tag-usa"],"_links":{"self":[{"href":"https:\/\/www.freiburg-schwarzwald.de\/blog\/wp-json\/wp\/v2\/posts\/124889","targetHints":{"allow":["GET"]}}],"collection":[{"href":"https:\/\/www.freiburg-schwarzwald.de\/blog\/wp-json\/wp\/v2\/posts"}],"about":[{"href":"https:\/\/www.freiburg-schwarzwald.de\/blog\/wp-json\/wp\/v2\/types\/post"}],"author":[{"embeddable":true,"href":"https:\/\/www.freiburg-schwarzwald.de\/blog\/wp-json\/wp\/v2\/users\/2"}],"replies":[{"embeddable":true,"href":"https:\/\/www.freiburg-schwarzwald.de\/blog\/wp-json\/wp\/v2\/comments?post=124889"}],"version-history":[{"count":5,"href":"https:\/\/www.freiburg-schwarzwald.de\/blog\/wp-json\/wp\/v2\/posts\/124889\/revisions"}],"predecessor-version":[{"id":125057,"href":"https:\/\/www.freiburg-schwarzwald.de\/blog\/wp-json\/wp\/v2\/posts\/124889\/revisions\/125057"}],"wp:attachment":[{"href":"https:\/\/www.freiburg-schwarzwald.de\/blog\/wp-json\/wp\/v2\/media?parent=124889"}],"wp:term":[{"taxonomy":"category","embeddable":true,"href":"https:\/\/www.freiburg-schwarzwald.de\/blog\/wp-json\/wp\/v2\/categories?post=124889"},{"taxonomy":"post_tag","embeddable":true,"href":"https:\/\/www.freiburg-schwarzwald.de\/blog\/wp-json\/wp\/v2\/tags?post=124889"}],"curies":[{"name":"wp","href":"https:\/\/api.w.org\/{rel}","templated":true}]}}