{"id":124834,"date":"2024-06-26T20:42:23","date_gmt":"2024-06-26T18:42:23","guid":{"rendered":"https:\/\/www.freiburg-schwarzwald.de\/blog\/?p=124834"},"modified":"2024-06-29T07:54:53","modified_gmt":"2024-06-29T05:54:53","slug":"mit-faustschlaegen-toeten","status":"publish","type":"post","link":"https:\/\/www.freiburg-schwarzwald.de\/blog\/mit-faustschlaegen-toeten\/","title":{"rendered":"Mit Faustschl\u00e4gen t\u00f6ten"},"content":{"rendered":"<p><a href=\"https:\/\/www.freiburg-schwarzwald.de\/blog\/global\/migration\/badoeynhausen-philippos24juni2024\/\">Philippos (20)<\/a> aus Bad Oeynhausen war nach dem Besuch des Abi-Balls seiner Schwester am Ratsgymnasium auf dem Heimweg von \u201eetwa zehn Jugendlichen s\u00fcdl\u00e4ndischen Aussehens\u201c (Polizeibericht) angegriffen worden. Er starb drei Tage sp\u00e4ter an schwersten Kopfverletzungen, nachdem er tags zuvor von den \u00c4rzten f\u00fcr hirntot erkl\u00e4rt worden war.<!--more--><br \/>\n.<br \/>\nIm Polizeibericht <a href=\"https:\/\/www.welt.de\/politik\/deutschland\/plus252216730\/Totschlag-im-Kurpark-Der-Gewaltrausch-von-Bad-Oeynhausen-Das-Polizeiprotokoll.html\">https:\/\/www.welt.de\/politik\/deutschland\/plus252216730\/Totschlag-im-Kurpark-Der-Gewaltrausch-von-Bad-Oeynhausen-Das-Polizeiprotokoll.html<\/a> hei\u00dft es dazu:<br \/>\n&#8222;Laut Polizei hat sich der noch unbekannte Hauptverd\u00e4chtige \u201epl\u00f6tzlich\u201c und \u201efrontal\u201c auf den 20-J\u00e4hrigen gest\u00fcrzt, sodass dieser nach hinten umfiel und mit dem Hinterkopf auf den harten Boden aufschlug. Im vertraulichen Polizeibericht hei\u00dft es weiter: \u201eDer nunmehr \u00fcber dem Gesch\u00e4digten sich befindende Tatverd\u00e4chtige schl\u00e4gt mehrfach mit der Faust gegen den Kopf.\u201c Auch den Begleitern des Tatverd\u00e4chtigen sei es nicht gelungen, ihn von Philippos T. herunterzuziehen. Erst nach vielfachen weiteren Faustschl\u00e4gen gegen den Kopf habe der Schl\u00e4ger von seinem Opfer abgelassen und liegengelassen, um den 19-J\u00e4hrigen deutschen Begleiter von Philippos T. zu attackieren (\u2026.).\u201c<\/p>\n<p>Eine furchtbare <a href=\"https:\/\/www.freiburg-schwarzwald.de\/blog\/selbsthilfe\/krise\/gewalt\/jugendgewalt\/\">Tat<\/a>: Durch Faustschl\u00e4ge auf den Kopf einen wehrlos am Boden liegenden Menschen &#8222;eigenh\u00e4ndig&#8220; t\u00f6ten. Einfach so.<br \/>\nEin erneuter Einzelfall. Um ein Problem zu l\u00f6sen, mu\u00df man bereit sein, es zu benennen und nach den Ursachen zu suchen. Da hilft keine <a href=\"https:\/\/www.freiburg-schwarzwald.de\/blog\/engagement\/zukunft\/demokratie\/tabu\/\">Tabuisierung<\/a> und kein <a href=\"https:\/\/www.freiburg-schwarzwald.de\/blog\/global\/deutschland\/schweigen\/\">Schweigen<\/a> gem\u00e4\u00df <a href=\"https:\/\/www.freiburg-schwarzwald.de\/blog\/kultur\/medien\/political-correctness\/\">Political Corectness<\/a>.<br \/>\nNachtrag: Nun wurde ein Syrer als Tatverd\u00e4chtiger verhaftet (1). Ein Grund mehr f\u00fcr die <a href=\"https:\/\/www.freiburg-schwarzwald.de\/blog\/kultur\/medien\/mainstream\/\">Mainstreammedien<\/a>, diese Tat zu verheimlichen bzw. klein zu reden.<br \/>\nMehr hierzu <a href=\"https:\/\/www.freiburg-schwarzwald.de\/blog\/global\/migration\/badoeynhausen-philippos24juni2024\/\">hier<\/a>.<br \/>\n26.6.2024<br \/>\n.<br \/>\nEnde von Beitrag &#8222;Mit Faustschl\u00e4gen t\u00f6ten&#8220;<br \/>\n============================================================<br \/>\nBeginn von Anlagen (1) &#8211; (2)<br \/>\n,<br \/>\n.<br \/>\n<strong>(1) Mordverd\u00e4chtiger von Bad Oeynhausen ist Syrer!<\/strong><br \/>\n<strong>Philippos (20) brutal zu Tode gepr\u00fcgelt:<\/strong><br \/>\nDer 18-J\u00e4hrige, der den 20-j\u00e4hrigen Philippos Tsanis totgepr\u00fcgelt hat, ist nach NIUS-Informationen Syrer. 2018 kam er nach Deutschland, laut Polizei ist er wegen Eigentums- und Drogendelikten bekannt. &#8230; \u201eNach derzeitigen Erkenntnissen handelt es sich bei ihm um den Hauptt\u00e4ter, der dem 20-j\u00e4hrigen Opfer die t\u00f6dlichen Verletzungen zugef\u00fcgt haben soll\u201c, schreibt die Polizei.<br \/>\n&#8230; Alles vom 27.6.2024 bitte lesen auf<br \/>\n<a href=\"https:\/\/www.nius.de\/news\/philippos-20-brutal-zu-tode-gepruegelt-mordverdaechtiger-von-bad-oeynhausen-ist-syrer\/1f5b9867-1bc3-45b6-960f-bdedeb04d477\">https:\/\/www.nius.de\/news\/philippos-20-brutal-zu-tode-gepruegelt-mordverdaechtiger-von-bad-oeynhausen-ist-syrer\/1f5b9867-1bc3-45b6-960f-bdedeb04d477<\/a><br \/>\n.<br \/>\nEinige Kommentare:<br \/>\nViele denken, dass das importiere Mentalit\u00e4ten seien und Menschen derart gewalt\u00e4tig seien, &#8222;da DEREN Kultur eben so ist und das in deren GEREN steckt und die uns HASSEN&#8220;. N\u00f6.<br \/>\nIn welchem der Ursprungsl\u00e4ndern w\u00fcrden sich Jugendliche solch ein Verhalten trauen ohne die allergr\u00f6\u00dften Probleme mit den dortigen Menschen, der dortigen Polizei und der dortigen Justiz zu bekommen?<br \/>\nDas ist eine DEUTSCHE Kultur, aber eben nicht die &#8222;Hans-J\u00fcrgen, lass uns das ausdisktuieren&#8220;-Kultur, sondern eine der vielen PARALLELkulturen, die sich in Deutschland seit den letzten 50 Jahren entwickelt und etabliert haben. In genau diese DEUTSCHEN Kulturen integrieren sich ein Teil der Menschen. In &#8222;ihren&#8220; L\u00e4ndern oder den L\u00e4ndern ihrer Gro\u00dfv\u00e4ter gibt es das nicht! Dort gibt es ja keine Gr\u00fcnen!!! D.K.<br \/>\n.<br \/>\nWas hier abl\u00e4uft ist keine Kriminalit\u00e4t, sondern ein B\u00fcrgerkrieg. Ein Krieg gegen uns B\u00fcrger, organisiert von &#8222;unseren&#8220; Politikern und begleitet und verharmlost von unseren Medien. Viele EM-Besucher haben schon gemerkt, wie Deutschland scheisse geworden ist. Weiter so, da ist noch Luft unten. M.G.<br \/>\n.<br \/>\nMan geht nicht nach Sonnenuntergang nicht raus, schon gar nicht in Parks. Man benutzt keine \u00f6ffentlichen Verkehrsmittel. Menschenansammlungen meiden. No go areas sind no gos. Frauen sollten generell mit durchtrainierten Begleitern unterwegs sein. Wenn man dies und weitere Sichetheitsregeln beachtet, hat man gute Chancen fast halb so alt zu werden, wie Statistik es verspricht. Diese Regel gilt nicht f\u00fcr St\u00e4dte mit mehr als 100.000 Einwohnern oder f\u00fcr Orte mit weniger als 100.000 Einwohnern. H.Sch.<br \/>\nEnde Kommentare<br \/>\n.<br \/>\n.<br \/>\n<strong>(2) Er t\u00f6tete Philippos:\u00a0Mwafak A.<\/strong><br \/>\nEr t\u00f6tete Philippos: Mwafak A. schlug schon einmal auf den Kopf eines Menschen ein<br \/>\nMwafak A., der 18-j\u00e4hriger Syrer, der Philippos T. zu Tode pr\u00fcgelte, hat schon einmal mit einem Schlagstock auf den Kopf eines Menschen eingeschlagen. Seine Polizeiakte enth\u00e4lt noch mehr Vorw\u00fcrfe, darunter sexueller Missbrauch.<br \/>\n&#8230; Alles vom 28.6.2024 bitte lesen auf<br \/>\n<a href=\"https:\/\/apollo-news.net\/er-toetete-philippos-mwafak-a-schlug-schon-einmal-auf-den-kopf-eines-menschen-ein\/\">https:\/\/apollo-news.net\/er-toetete-philippos-mwafak-a-schlug-schon-einmal-auf-den-kopf-eines-menschen-ein\/<\/a><\/p>\n<div id=\"attachment_124919\" style=\"width: 650px\" class=\"wp-caption alignnone\"><a href=\"https:\/\/www.freiburg-schwarzwald.de\/blog\/wp-content\/uploads\/2024\/06\/Oeynhausen-Filippos-einMann2406-pan.jpg\"><img loading=\"lazy\" decoding=\"async\" aria-describedby=\"caption-attachment-124919\" class=\"size-full wp-image-124919\" src=\"https:\/\/www.freiburg-schwarzwald.de\/blog\/wp-content\/uploads\/2024\/06\/Oeynhausen-Filippos-einMann2406-pan.jpg\" alt=\"\" width=\"640\" height=\"341\" srcset=\"https:\/\/www.freiburg-schwarzwald.de\/blog\/wp-content\/uploads\/2024\/06\/Oeynhausen-Filippos-einMann2406-pan.jpg 640w, https:\/\/www.freiburg-schwarzwald.de\/blog\/wp-content\/uploads\/2024\/06\/Oeynhausen-Filippos-einMann2406-pan-180x96.jpg 180w\" sizes=\"auto, (max-width: 640px) 100vw, 640px\" \/><\/a><p id=\"caption-attachment-124919\" class=\"wp-caption-text\">Opfer Philippos (20) aus Bad Oeynhausen! &#8211; T\u00e4ter ein Mann (18)?<br \/>6\/2024<\/p><\/div>\n","protected":false},"excerpt":{"rendered":"<p>Philippos (20) aus Bad Oeynhausen war nach dem Besuch des Abi-Balls seiner Schwester am Ratsgymnasium auf dem Heimweg von \u201eetwa zehn Jugendlichen s\u00fcdl\u00e4ndischen Aussehens\u201c (Polizeibericht) angegriffen worden. Er starb drei Tage sp\u00e4ter an schwersten Kopfverletzungen, nachdem er tags zuvor von &hellip; <a href=\"https:\/\/www.freiburg-schwarzwald.de\/blog\/mit-faustschlaegen-toeten\/\">Weiterlesen <span class=\"meta-nav\">&rarr;<\/span><\/a><\/p>\n","protected":false},"author":2,"featured_media":0,"comment_status":"open","ping_status":"closed","sticky":false,"template":"","format":"standard","meta":{"footnotes":""},"categories":[210,155,60,157],"tags":[732,725],"class_list":["post-124834","post","type-post","status-publish","format-standard","hentry","category-gewalt","category-integration","category-jugend","category-oeffentlicher-raum","tag-gewalt","tag-integration"],"_links":{"self":[{"href":"https:\/\/www.freiburg-schwarzwald.de\/blog\/wp-json\/wp\/v2\/posts\/124834","targetHints":{"allow":["GET"]}}],"collection":[{"href":"https:\/\/www.freiburg-schwarzwald.de\/blog\/wp-json\/wp\/v2\/posts"}],"about":[{"href":"https:\/\/www.freiburg-schwarzwald.de\/blog\/wp-json\/wp\/v2\/types\/post"}],"author":[{"embeddable":true,"href":"https:\/\/www.freiburg-schwarzwald.de\/blog\/wp-json\/wp\/v2\/users\/2"}],"replies":[{"embeddable":true,"href":"https:\/\/www.freiburg-schwarzwald.de\/blog\/wp-json\/wp\/v2\/comments?post=124834"}],"version-history":[{"count":5,"href":"https:\/\/www.freiburg-schwarzwald.de\/blog\/wp-json\/wp\/v2\/posts\/124834\/revisions"}],"predecessor-version":[{"id":124921,"href":"https:\/\/www.freiburg-schwarzwald.de\/blog\/wp-json\/wp\/v2\/posts\/124834\/revisions\/124921"}],"wp:attachment":[{"href":"https:\/\/www.freiburg-schwarzwald.de\/blog\/wp-json\/wp\/v2\/media?parent=124834"}],"wp:term":[{"taxonomy":"category","embeddable":true,"href":"https:\/\/www.freiburg-schwarzwald.de\/blog\/wp-json\/wp\/v2\/categories?post=124834"},{"taxonomy":"post_tag","embeddable":true,"href":"https:\/\/www.freiburg-schwarzwald.de\/blog\/wp-json\/wp\/v2\/tags?post=124834"}],"curies":[{"name":"wp","href":"https:\/\/api.w.org\/{rel}","templated":true}]}}