{"id":124758,"date":"2024-06-25T22:24:49","date_gmt":"2024-06-25T20:24:49","guid":{"rendered":"https:\/\/www.freiburg-schwarzwald.de\/blog\/?p=124758"},"modified":"2024-06-25T22:31:54","modified_gmt":"2024-06-25T20:31:54","slug":"jung-maennlich-nicht-deutsch","status":"publish","type":"post","link":"https:\/\/www.freiburg-schwarzwald.de\/blog\/jung-maennlich-nicht-deutsch\/","title":{"rendered":"Jung, m\u00e4nnlich, nicht-deutsch"},"content":{"rendered":"<p><em>&#8222;Nach unseren Zahlen ist die Gewalt in Berlin jung, m\u00e4nnlich und hat einen nicht-deutschen Hintergrund. Das gilt auch f\u00fcr Messergewalt\u201c<\/em> &#8211; wenn die Polizeipr\u00e4sidentin von Berlin, Barbara Slowik, pl\u00f6tzlich die Realit\u00e4t erkennt und benennt, dann ist dies zun\u00e4chst ein gutes Zeichen: <!--more-->Will man die <a href=\"https:\/\/www.freiburg-schwarzwald.de\/blog\/selbsthilfe\/soziales\/justiz\/messerstecher\/\">Messerstecherei<\/a> in Deutschland beenden, dann mu\u00df man die T\u00e4ter benennen, und dies sind laut Statistik \u00fcberwiegend Migranten.<br \/>\n.<br \/>\nLeider jedoch wagt sich Slowik nicht an die Ursachen heran: Diese liegen in der Migration aus dem Islam, genauer im <a href=\"https:\/\/www.freiburg-schwarzwald.de\/blog\/religion\/islam\/islamismus\/\">Islamismus<\/a> (siehe <a href=\"https:\/\/www.freiburg-schwarzwald.de\/blog\/religion\/islam\/mansour\/\">Mansour<\/a>). Dem <a href=\"https:\/\/www.freiburg-schwarzwald.de\/blog\/religion\/islam\/islam-politik\/\">politischen Islam<\/a> gelingt es, junge M\u00e4nner zu fanatisieren und zu enthemmen. nach einer solchen Analyse (Migration + Islamismus) ist es ungen\u00fcgend bzw. geradezu l\u00e4cherlich, wenn die Berliner Polizeipr\u00e4sidentin als Allheilmittel nun nach einer Versch\u00e4rfung des Waffenrechts ruft (2). Dies ist ein Zeichen daf\u00fcr, da\u00df Rot-Gr\u00fcn bei ihrer <a href=\"https:\/\/www.freiburg-schwarzwald.de\/blog\/global\/migration\/migrationspolitik\/\">Migrationspolitik<\/a> mit dem Latein am Ende ist.<br \/>\n25.6.2024<br \/>\n.<br \/>\nEnde von Beitrag &#8222;jung, m\u00e4nnlich, nicht-deutsch&#8220;<br \/>\n==========================================================<br \/>\nBeginn von Anlagen (1) &#8211; (3)<br \/>\n.<\/p>\n<p><strong>(1) Slowik zu Messergewalt: &#8222;Jung, m\u00e4nnlich und nicht-deutscher Hintergrund&#8220;<\/strong><br \/>\nDie Sicherheit in Berlin ist Polizeipr\u00e4sidentin Barbara Slowik zufolge w\u00e4hrend der Fu\u00dfball-EM auf einem sehr hohen Niveau. In den vergangenen Jahren beobachtet sie jedoch einen Anstieg von Messerangriffen in der Hauptstadt &#8211; bei immer j\u00fcngeren T\u00e4tern, wie sie im Interview mit ntv.de sagt.<br \/>\n&#8230;<br \/>\n\u201eZugespitzt formuliert: Nach unseren Zahlen ist die Gewalt in Berlin jung, m\u00e4nnlich und hat einen nicht-deutschen Hintergrund. Das gilt auch f\u00fcr Messergewalt.\u201c<br \/>\n&#8222;In den letzten Jahren sehen wir auf jeden Fall einen Anstieg in Berlin, gerade auch bei Kindern, Jugendlichen und Heranwachsenden. Also die Messert\u00e4ter werden j\u00fcnger. Ich schlie\u00dfe mich da der von Niedersachsen geforderten Versch\u00e4rfung des Waffenrechts an&#8230;. alles vom 21.6.2024 bitte lesen auf<br \/>\n<a href=\"https:\/\/www.n-tv.de\/panorama\/Berliner-Polizeipraesidentin-Slowik-zu-Messergewalt-Jung-maennlich-und-nicht-deutscher-Hintergrund-article25032461.html\">https:\/\/www.n-tv.de\/panorama\/Berliner-Polizeipraesidentin-Slowik-zu-Messergewalt-Jung-maennlich-und-nicht-deutscher-Hintergrund-article25032461.html<\/a><br \/>\n.<\/p>\n<p><strong>(2) \u201eZugespitzt formuliert: Gewalt in Berlin ist jung, m\u00e4nnlich und nicht-deutsch\u201c<\/strong><br \/>\n&#8230; Alles vom 23.6.2024 bitte lesen auf<br \/>\n<a href=\"https:\/\/www.focus.de\/politik\/deutschland\/berliner-polizeipraesidentin-slowik-messergewalt-nimmt-zu-iung-maennlich-und-nicht-deutscher-hintergrund_id_260073638.html\">https:\/\/www.focus.de\/politik\/deutschland\/berliner-polizeipraesidentin-slowik-messergewalt-nimmt-zu-iung-maennlich-und-nicht-deutscher-hintergrund_id_260073638.html<\/a><\/p>\n<p>Einige Kommentare:<br \/>\nEine Versch\u00e4rfung der Waffengesetze, sic Messerverbote, ist nur Regulierungswut, am Problem vorbei. Wer bereit ist Waffen gegen Menschen einzusetzen, ist auch bereit sich die Waffen illegal zu beschaffen und sie mitzuf\u00fchren. Diese Regierung versucht immer wieder mit irrationalen Ma\u00dfnahmen sehr reale Probleme anzugehen. Don Quichote l\u00e4\u00dft gr\u00fc\u00dfen, aus dem Schildaer Rathaus. N.K.<br \/>\n.<br \/>\n&#8222;Zugespitzt formuliert&#8220; droht &#8222;Fl\u00fcchtlingen&#8220; von Schwarzfahren bis Attentat keine Strafe, weil man ihnen, im Gegensatz zu Deutschen, keine Existenzgrundlage entziehen kann. Im Zweifelsfall stellt Vollversorgung in Knast\/ Psychiatrie sogar eine sinnhafte Strategie dar. S.B.<br \/>\n.<br \/>\nJedem Jugendlichen in unserem Land stehen alle M\u00f6glichkeiten zur Verf\u00fcgung &#8211; man muss nur den Willen und den Ehrgeiz haben, sie ergreifen zu wollen. Nat\u00fcrlich spielt das Elternhaus hier eine entscheidende Rolle. Sich als Opfer zu f\u00fchlen, ist gerade hier fehl am Platze. T.D.<br \/>\n.<br \/>\nFaeser gibt ihnen umgehend den deutschen Pass und f\u00fcr sie ist das Problem gel\u00f6st. Ach so, was f\u00fcr ein Problem \u00fcberhaupt? Ist doch nicht so schlimm, aber Lieder singen bedroht massiv die Gef\u00fchle. T.H.<br \/>\nEnde Kommentare<br \/>\n.<\/p>\n<p><strong>(3) Slowik: \u201eGewalt in Berlin jung, m\u00e4nnlich und hat einen nicht-deutschen Hintergrund\u201c<\/strong><br \/>\n&#8230; Wenn die oberste Polizistin der Bundeshauptstadt mit offensichtlicher Zustimmung von CDU und SPD jetzt so eindeutig die wichtigste T\u00e4tergruppe f\u00fcr Alltagsgewalt auf unseren Stra\u00dfen identifiziert, deutet das darauf hin, dass mindestens auf L\u00e4nderebene Christ- und Sozialdemokraten \u00fcbereinstimmend erkannt haben: Die Vogel-Strau\u00df-Taktik, sich vor Ausl\u00e4nderkriminalit\u00e4t einfach weg zu ducken, f\u00fchrt ins politische Nichts.<br \/>\nDas mag daran liegen, dass so viele Migranten ins Land kommen. Von denen sind \u00fcberdurchschnittlich viele gewaltt\u00e4tig, gerade auch mit Messern. (F\u00fcr den Verfassungsschutz und seinen f\u00fcrchterlichen Pr\u00e4sidenten Thomas Haldenwang ist an dieser Stelle vielleicht der Hinweis hilfreich: Das ist Statistik und nicht Rassismus.) Da l\u00e4sst sich einfach nichts mehr klein- und sch\u00f6nreden. Blo\u00dfes Leugnen st\u00f6\u00dft nun erkennbar an seine Grenzen.<br \/>\nDas folgt der Linie, die sich gaaanz vorsichtig beim Asyl zeigt: Auch die SPD-gef\u00fchrten L\u00e4nder sind mit dem geradezu aggressiven Ignorieren jedes Ausl\u00e4nderproblems durch die Bundesregierung zunehmend ungl\u00fccklich. Freilich geht die vorsichtige Ann\u00e4herung an schlichte Realit\u00e4ten allenfalls im Schneckentempo voran. Und an zwei wichtige Punkte traut man sich nach wie vor nicht heran \u2013 obwohl nur hier das Problem wirklich gel\u00f6st werden k\u00f6nnte.<br \/>\nErstens: Messergewalt ist vor allem ein Ph\u00e4nomen aus islamisch gepr\u00e4gten Kulturkreisen.<br \/>\nDenn auch der gewaltt\u00e4tige junge nicht-deutsche Mann in Berlin ist nur in der Minderheit der F\u00e4lle atheistischer Norweger, katholischer Argentinier oder hinduistischer Inder. In der \u00fcberw\u00e4ltigenden Mehrheit der F\u00e4lle handelt es sich bei den T\u00e4tern um M\u00e4nner aus islamisch gepr\u00e4gten Kulturkreisen. Dass bei Alltagsgewalt auf unseren Stra\u00dfen, vor allem bei Messergewalt, Nicht-Deutsche die Hauptt\u00e4ter sind, ist als \u00f6ffentlich ge\u00e4u\u00dferte Erkenntnis ein Schritt nach vorne. Aber der Satz lenkt immer noch vom eigentlichen riesigen Elefanten im Raum ab: Es sind weit \u00fcberwiegend T\u00e4ter, entweder muslimisch oder aus muslimisch gepr\u00e4gtem Kulturkreis.<br \/>\nZweitens: Nicht die Messer sind das Problem, sondern die Messert\u00e4ter.<br \/>\nReflexartig fordern Politiker sch\u00e4rfere Waffengesetze. Polizeipr\u00e4sidentin Slowik \u00fcbernimmt die Forderung gerne. Nur liegt das eigentliche Problem bei allen Waffen nicht vorne, sondern hinten: bei dem, der die Waffe h\u00e4lt.<br \/>\n&#8230;<br \/>\nDie L\u00f6sung beider Probleme w\u00e4re endlich Ehrlichkeit gegen\u00fcber uns selbst. Es ist wohl so, dass der Islam inzwischen zu Deutschland geh\u00f6rt. Angesichts der Zahlen l\u00e4sst sich das ja nicht ernsthaft leugnen. Aber es ist halt auch so, dass Deutschland mit dem Islam \u2013 bzw. mit vielen Muslimen \u2013 ein definitives Problem im Bereich Kriminalit\u00e4t und Gewalt hat. Das Problem zu ignorieren, ist kindisch.<br \/>\n&#8230; Alles vom 23.6.2024 bitte lesen auf<br \/>\n<a href=\"https:\/\/www.tichyseinblick.de\/meinungen\/barbara-slowik-berlin-gewalt-berlin\/\">https:\/\/www.tichyseinblick.de\/meinungen\/barbara-slowik-berlin-gewalt-berlin\/<\/a><\/p>\n","protected":false},"excerpt":{"rendered":"<p>&#8222;Nach unseren Zahlen ist die Gewalt in Berlin jung, m\u00e4nnlich und hat einen nicht-deutschen Hintergrund. Das gilt auch f\u00fcr Messergewalt\u201c &#8211; wenn die Polizeipr\u00e4sidentin von Berlin, Barbara Slowik, pl\u00f6tzlich die Realit\u00e4t erkennt und benennt, dann ist dies zun\u00e4chst ein gutes &hellip; <a href=\"https:\/\/www.freiburg-schwarzwald.de\/blog\/jung-maennlich-nicht-deutsch\/\">Weiterlesen <span class=\"meta-nav\">&rarr;<\/span><\/a><\/p>\n","protected":false},"author":2,"featured_media":0,"comment_status":"open","ping_status":"closed","sticky":false,"template":"","format":"standard","meta":{"footnotes":""},"categories":[210,60,157],"tags":[732,622],"class_list":["post-124758","post","type-post","status-publish","format-standard","hentry","category-gewalt","category-jugend","category-oeffentlicher-raum","tag-gewalt","tag-migration"],"_links":{"self":[{"href":"https:\/\/www.freiburg-schwarzwald.de\/blog\/wp-json\/wp\/v2\/posts\/124758","targetHints":{"allow":["GET"]}}],"collection":[{"href":"https:\/\/www.freiburg-schwarzwald.de\/blog\/wp-json\/wp\/v2\/posts"}],"about":[{"href":"https:\/\/www.freiburg-schwarzwald.de\/blog\/wp-json\/wp\/v2\/types\/post"}],"author":[{"embeddable":true,"href":"https:\/\/www.freiburg-schwarzwald.de\/blog\/wp-json\/wp\/v2\/users\/2"}],"replies":[{"embeddable":true,"href":"https:\/\/www.freiburg-schwarzwald.de\/blog\/wp-json\/wp\/v2\/comments?post=124758"}],"version-history":[{"count":4,"href":"https:\/\/www.freiburg-schwarzwald.de\/blog\/wp-json\/wp\/v2\/posts\/124758\/revisions"}],"predecessor-version":[{"id":124762,"href":"https:\/\/www.freiburg-schwarzwald.de\/blog\/wp-json\/wp\/v2\/posts\/124758\/revisions\/124762"}],"wp:attachment":[{"href":"https:\/\/www.freiburg-schwarzwald.de\/blog\/wp-json\/wp\/v2\/media?parent=124758"}],"wp:term":[{"taxonomy":"category","embeddable":true,"href":"https:\/\/www.freiburg-schwarzwald.de\/blog\/wp-json\/wp\/v2\/categories?post=124758"},{"taxonomy":"post_tag","embeddable":true,"href":"https:\/\/www.freiburg-schwarzwald.de\/blog\/wp-json\/wp\/v2\/tags?post=124758"}],"curies":[{"name":"wp","href":"https:\/\/api.w.org\/{rel}","templated":true}]}}