{"id":124485,"date":"2024-06-17T18:16:49","date_gmt":"2024-06-17T16:16:49","guid":{"rendered":"https:\/\/www.freiburg-schwarzwald.de\/blog\/?p=124485"},"modified":"2024-06-17T18:23:12","modified_gmt":"2024-06-17T16:23:12","slug":"17-juni-1953-volksaufstand-ddr","status":"publish","type":"post","link":"https:\/\/www.freiburg-schwarzwald.de\/blog\/17-juni-1953-volksaufstand-ddr\/","title":{"rendered":"17.Juni 1953 Volksaufstand DDR"},"content":{"rendered":"<p>&#8222;Eine Million Menschen demonstrierten am <a href=\"https:\/\/www.freiburg-schwarzwald.de\/blog\/engagement\/zukunft\/demokratie\/nationalfeiertag\/17juni1953\/\">17. Juni 1953<\/a> gegen die Unterdr\u00fcckung in der DDR. Die sowjetische Armee schlug den Aufstand blutig nieder. Den Wunsch nach Freiheit konnte sie nicht ausl\u00f6schen. Am 9.November 1989 beendeten die B\u00fcrgerinnen &amp; B\u00fcrger der DDR den Unrechtsstaat&#8220; &#8211; <!--more-->so Bundesjustizminister Marco Buschmann (FDP) am heutigen 17.6.2024, also 71 Jahre nach dem <a href=\"https:\/\/www.freiburg-schwarzwald.de\/blog\/nationalfeiertag-17-juni-1953\/\">Volksaufstand<\/a>, dessen nur noch selten gedacht wird.<br \/>\n.<br \/>\n55 Tote, unz\u00e4hlige Verletzte, 15.000 Verhaftungen und 1.800 Urteile gab es in der <a href=\"https:\/\/www.freiburg-schwarzwald.de\/blog\/global\/deutschland\/ddr\/\">DDR<\/a>. Zum Gl\u00fcck weigerten sich etliche russische Soldaten in ihren Panzern, zu schie\u00dfen. Im Nachgang sind deshalb mehr als zehn sowjetische Offiziere wegen Befehlsverweigerung hingerichtet worden.<\/p>\n<p>Der <a href=\"https:\/\/www.freiburg-schwarzwald.de\/blog\/nationalfeiertag-17-juni-1953\/\">17. Juni 1953<\/a> darf nicht vergessen werden. Deshalb fordert nicht nur Alice Weidel (AfD): \u201eDer 17. Juni 1953 steht zusammen mit dem 18. M\u00e4rz 1848 und dem 9. November 1989 f\u00fcr den Kampf der Deutschen gegen Unterdr\u00fcckung und f\u00fcr Einigkeit und Recht und Freiheit. Es ist daher an der Zeit, dass der 17. Juni wieder <a href=\"https:\/\/www.freiburg-schwarzwald.de\/blog\/engagement\/zukunft\/demokratie\/nationalfeiertag\/\">nationaler Gedenk- und Feiertag<\/a> wird.\u201c<br \/>\n17.6.2024<br \/>\n.<br \/>\nEnde von Beitrag &#8222;17. Juni 1953 Volksaufstand DDR&#8220;<br \/>\n===========================================================<br \/>\nbeginn von Anlagen (1) &#8211;<br \/>\n.<br \/>\n.<br \/>\n<strong>(1) Arbeiteraufstand am 17. Juni 1953: Es ist traurig, dass dieser Tag kaum noch beachtet wird<\/strong><br \/>\nDen 13. August 1961? Den kennt man in der Regel, den Tag, an dem die DDR die Mauer baute und sich damit endg\u00fcltig abriegelte. Den 9. November 1989? Vielen auch noch als Datum pr\u00e4sent \u2013 der Tag, an dem diese Mauer ihre Wirkung verlor und faktisch gefallen ist.<br \/>\nAber den 17. Juni 1953? Der Volksaufstand in der DDR, eine Million Menschen auf der Stra\u00dfe? Eine verblassende Erinnerung, vor allem j\u00fcngere Menschen k\u00f6nnen mit diesem symbolischen Datum wenig anfangen.<br \/>\n&#8230; Alles vom 17.6.2024 bitte lesen auf<br \/>\n<a href=\"https:\/\/www.tagesspiegel.de\/berlin\/17-juni-1953-es-ist-bedauerlich-dass-die-bedeutung-dieses-tages-kaum-noch-beachtet-wird-11838848.html\">https:\/\/www.tagesspiegel.de\/berlin\/17-juni-1953-es-ist-bedauerlich-dass-die-bedeutung-dieses-tages-kaum-noch-beachtet-wird-11838848.html<\/a><\/p>\n","protected":false},"excerpt":{"rendered":"<p>&#8222;Eine Million Menschen demonstrierten am 17. Juni 1953 gegen die Unterdr\u00fcckung in der DDR. Die sowjetische Armee schlug den Aufstand blutig nieder. Den Wunsch nach Freiheit konnte sie nicht ausl\u00f6schen. Am 9.November 1989 beendeten die B\u00fcrgerinnen &amp; B\u00fcrger der DDR &hellip; <a href=\"https:\/\/www.freiburg-schwarzwald.de\/blog\/17-juni-1953-volksaufstand-ddr\/\">Weiterlesen <span class=\"meta-nav\">&rarr;<\/span><\/a><\/p>\n","protected":false},"author":2,"featured_media":0,"comment_status":"open","ping_status":"closed","sticky":false,"template":"","format":"standard","meta":{"footnotes":""},"categories":[18,13,11],"tags":[697,26,682,805,631,703],"class_list":["post-124485","post","type-post","status-publish","format-standard","hentry","category-bildung","category-kultur","category-regio","tag-ddr","tag-deutsch","tag-freiheit","tag-nation","tag-staat","tag-volk"],"_links":{"self":[{"href":"https:\/\/www.freiburg-schwarzwald.de\/blog\/wp-json\/wp\/v2\/posts\/124485","targetHints":{"allow":["GET"]}}],"collection":[{"href":"https:\/\/www.freiburg-schwarzwald.de\/blog\/wp-json\/wp\/v2\/posts"}],"about":[{"href":"https:\/\/www.freiburg-schwarzwald.de\/blog\/wp-json\/wp\/v2\/types\/post"}],"author":[{"embeddable":true,"href":"https:\/\/www.freiburg-schwarzwald.de\/blog\/wp-json\/wp\/v2\/users\/2"}],"replies":[{"embeddable":true,"href":"https:\/\/www.freiburg-schwarzwald.de\/blog\/wp-json\/wp\/v2\/comments?post=124485"}],"version-history":[{"count":3,"href":"https:\/\/www.freiburg-schwarzwald.de\/blog\/wp-json\/wp\/v2\/posts\/124485\/revisions"}],"predecessor-version":[{"id":124494,"href":"https:\/\/www.freiburg-schwarzwald.de\/blog\/wp-json\/wp\/v2\/posts\/124485\/revisions\/124494"}],"wp:attachment":[{"href":"https:\/\/www.freiburg-schwarzwald.de\/blog\/wp-json\/wp\/v2\/media?parent=124485"}],"wp:term":[{"taxonomy":"category","embeddable":true,"href":"https:\/\/www.freiburg-schwarzwald.de\/blog\/wp-json\/wp\/v2\/categories?post=124485"},{"taxonomy":"post_tag","embeddable":true,"href":"https:\/\/www.freiburg-schwarzwald.de\/blog\/wp-json\/wp\/v2\/tags?post=124485"}],"curies":[{"name":"wp","href":"https:\/\/api.w.org\/{rel}","templated":true}]}}