{"id":12444,"date":"2012-10-08T10:03:54","date_gmt":"2012-10-08T08:03:54","guid":{"rendered":"https:\/\/www.freiburg-schwarzwald.de\/blog\/?p=12444"},"modified":"2012-10-08T10:13:36","modified_gmt":"2012-10-08T08:13:36","slug":"krebstumoren-erbgut-entziffern","status":"publish","type":"post","link":"https:\/\/www.freiburg-schwarzwald.de\/blog\/krebstumoren-erbgut-entziffern\/","title":{"rendered":"Krebstumoren-Erbgut entziffern"},"content":{"rendered":"<p>Die Medizin arbeitet an einer Enzyklop\u00e4die des<a title=\"Krebs\" href=\"https:\/\/www.freiburg-schwarzwald.de\/blog\/selbsthilfe\/krebs\/\"> Krebes<\/a>. Daf\u00fcr will sie 50000 Genome entschl\u00fcsseln. Diese Arbeit f\u00f6rdert bereits jetzt Erstaunliches zu Tage. &#8230;.\u00a0\u00a0&#8222;Die Studie belegt ganz deutlich, dass man den Krebs ganz anders als bisher verstehen und einteilen muss&#8220;, erkl\u00e4rt der Freiburger <a title=\"Uniklinik\" href=\"https:\/\/www.freiburg-schwarzwald.de\/blog\/business\/gesund\/uniklinik\/\">Onkologe<\/a> Justus Duyster, &#8222;nicht mehr nach dem Ort und Aussehen, sondern nach seinen Ursachen, seinen Mutationen, nach den gest\u00f6rten Signalwegen, die ihn ins b\u00f6sartige Wachstum getrieben haben.&#8220; &#8230;. Alles von Michael Brendler vom 8.10.2012 bitte lesen auf<br \/>\n<a href=\"https:\/\/www.badische-zeitung.de\/gesundheit-ernaehrung\/wissenschaft-entziffert-erbgut-wichtigster-krebs-tumoren--64394168.html\">www.badische-zeitung.de\/gesundheit-ernaehrung\/wissenschaft-entziffert-erbgut-wichtigster-krebs-tumoren&#8211;64394168.html<\/a>\u00a0<!--more--><\/p>\n<p>Internationales Krebsgenom Konsortium &#8211; International Cancer genom Consortium<br \/>\n<a href=\"https:\/\/www.icgc.org\">www.icgc.org<\/a><br \/>\n<a href=\"https:\/\/icgc.org\/icgc\/cgp\/64\/345\/53049\">https:\/\/icgc.org\/icgc\/cgp\/64\/345\/53049<\/a>\u00a0<\/p>\n<p>Bislang wurden Krebsarten nach dem Ort unterschieden und unterschiedlich behandelt: Darmkrebs, Brustkrebs, Prostatakrebs, &#8230;. Die ICGC-Forschungen zeigen, dass Krebsarten nach den Ursachen zu unterscheiden sind, um so die Behandlung zu optimieren.<\/p>\n<p>Prof Justus Duyster, \u00c4rztlicher Direktor der Freiburger Krebsmedizin<br \/>\n<a href=\"https:\/\/www.uniklinik-freiburg.de\/ip\/live\/patientenservice\/zusatzangebote\/onko\/duyster_en.html\">https:\/\/www.uniklinik-freiburg.de\/ip\/live\/patientenservice\/zusatzangebote\/onko\/duyster_en.html<\/a>\u00a0<\/p>\n<p>Andreas Schneeweiss, Sektionsleiter Gyn\u00e4kologische Onkologie am NCT<br \/>\n<a href=\"https:\/\/www.klinikum.uni-heidelberg.de\/Medikamentoese-gynaekologische-Onkologie.102765.0.html\">https:\/\/www.klinikum.uni-heidelberg.de\/Medikamentoese-gynaekologische-Onkologie.102765.0.html<\/a>\u00a0<br \/>\n&#8222;Wir k\u00f6nnen zwar inzwischen drei von vier Brustkrebspatientinnen heilen, aber wir erkaufen uns diese Heilung mit einer massiven \u00dcber- und Fehlbehandlung.&#8220;<\/p>\n","protected":false},"excerpt":{"rendered":"<p>Die Medizin arbeitet an einer Enzyklop\u00e4die des Krebes. Daf\u00fcr will sie 50000 Genome entschl\u00fcsseln. Diese Arbeit f\u00f6rdert bereits jetzt Erstaunliches zu Tage. &#8230;.\u00a0\u00a0&#8222;Die Studie belegt ganz deutlich, dass man den Krebs ganz anders als bisher verstehen und einteilen muss&#8220;, erkl\u00e4rt &hellip; <a href=\"https:\/\/www.freiburg-schwarzwald.de\/blog\/krebstumoren-erbgut-entziffern\/\">Weiterlesen <span class=\"meta-nav\">&rarr;<\/span><\/a><\/p>\n","protected":false},"author":4,"featured_media":0,"comment_status":"open","ping_status":"closed","sticky":false,"template":"","format":"standard","meta":{"footnotes":""},"categories":[158,62],"tags":[348],"class_list":["post-12444","post","type-post","status-publish","format-standard","hentry","category-gesund","category-krebs","tag-medizin"],"_links":{"self":[{"href":"https:\/\/www.freiburg-schwarzwald.de\/blog\/wp-json\/wp\/v2\/posts\/12444","targetHints":{"allow":["GET"]}}],"collection":[{"href":"https:\/\/www.freiburg-schwarzwald.de\/blog\/wp-json\/wp\/v2\/posts"}],"about":[{"href":"https:\/\/www.freiburg-schwarzwald.de\/blog\/wp-json\/wp\/v2\/types\/post"}],"author":[{"embeddable":true,"href":"https:\/\/www.freiburg-schwarzwald.de\/blog\/wp-json\/wp\/v2\/users\/4"}],"replies":[{"embeddable":true,"href":"https:\/\/www.freiburg-schwarzwald.de\/blog\/wp-json\/wp\/v2\/comments?post=12444"}],"version-history":[{"count":0,"href":"https:\/\/www.freiburg-schwarzwald.de\/blog\/wp-json\/wp\/v2\/posts\/12444\/revisions"}],"wp:attachment":[{"href":"https:\/\/www.freiburg-schwarzwald.de\/blog\/wp-json\/wp\/v2\/media?parent=12444"}],"wp:term":[{"taxonomy":"category","embeddable":true,"href":"https:\/\/www.freiburg-schwarzwald.de\/blog\/wp-json\/wp\/v2\/categories?post=12444"},{"taxonomy":"post_tag","embeddable":true,"href":"https:\/\/www.freiburg-schwarzwald.de\/blog\/wp-json\/wp\/v2\/tags?post=12444"}],"curies":[{"name":"wp","href":"https:\/\/api.w.org\/{rel}","templated":true}]}}