{"id":124044,"date":"2024-06-01T17:39:31","date_gmt":"2024-06-01T15:39:31","guid":{"rendered":"https:\/\/www.freiburg-schwarzwald.de\/blog\/?p=124044"},"modified":"2024-06-01T17:46:21","modified_gmt":"2024-06-01T15:46:21","slug":"deutsche-raketen-auf-russland","status":"publish","type":"post","link":"https:\/\/www.freiburg-schwarzwald.de\/blog\/deutsche-raketen-auf-russland\/","title":{"rendered":"Deutsche Raketen auf Russland"},"content":{"rendered":"<p>Wieder f\u00e4llt eine rote Linke: Bundeskanzler Olaf Scholz f\u00e4llt erneut um und erlaubt nun doch das Abschie\u00dfen deutscher <a href=\"https:\/\/www.freiburg-schwarzwald.de\/blog\/global\/waffen\/\">Waffen<\/a> auf russisches Territorium. Eine furchtbare Entscheidung. Ist Scholz wegen der Cum-Ex-Aff\u00e4re erpressbar? M\u00fcssen die <a href=\"https:\/\/www.freiburg-schwarzwald.de\/blog\/global\/deutschland\/deutsche-interessen\/\">deutsche Interessen<\/a> immer den amerikanischen Interessen entsprechen? <!--more-->Werden die SPD-Plakate zur Europawahl (Frieden, keine Waffen) nun eingestampft? Hat die Ampel-Regierung nichts aus der Geschichte gelernt?<br \/>\n.<br \/>\nDie Reaktion von Moskau: Die deutschen Waffen k\u00f6nnten von ukrainischen Soldaten von ukrainischem Gebiet zwar abgeschossen, dort aber nicht programmiert werden; dies geschehe ausserhalb der Ukraine, wie z.B. in Rechenzentren des <a href=\"https:\/\/www.freiburg-schwarzwald.de\/blog\/global\/usa\/us-geopolitik\/\">US<\/a>&#8211; bzw. <a href=\"https:\/\/www.freiburg-schwarzwald.de\/blog\/global\/eu\/europa\/nato\/\">NATO<\/a>-St\u00fctzpunktes in <a href=\"https:\/\/www.freiburg-schwarzwald.de\/blog\/global\/usa\/ramstein\/\">Ramstein\/Oberpfalz<\/a>. Zudem werde Russland auf einen etwaigen deutschen Waffeneinsatz auf seinem Territorium asymmetrisch antworten &#8211; welch deutliche Drohung.<\/p>\n<p>Die vom Bundeskanzler eingel\u00e4utete n\u00e4chste Stufe in der Eskalation des Ukrainekriegs macht Angst. Diese Eskalation ist nicht im deutschen Interesse &#8211; diese sind: <a href=\"https:\/\/www.freiburg-schwarzwald.de\/blog\/global\/ukraine\/waffenstillstand\/\">Waffenstillstand<\/a> mit umgehender Aufnahme von <a href=\"https:\/\/www.freiburg-schwarzwald.de\/blog\/global\/ukraine\/ukraine-frieden\/\">Friedensverhandlungen<\/a>. Russland hat in der vergangenen Woche mehrmals seine Bereitschaft zur Aufnahme von Verhandlungen angeboten. Die NATO lehnt weiterhin ab.<br \/>\nDeutschland als Land in der Mitte Europas mu\u00df setzen auf: <a href=\"https:\/\/www.freiburg-schwarzwald.de\/blog\/engagement\/zukunft\/demokratie\/diplomatie\/\">Diplomatie<\/a> statt Milit\u00e4r bzw. auf <a href=\"https:\/\/www.freiburg-schwarzwald.de\/blog\/friedens-statt-kriegsrhetorik\/\">Friedens-<\/a> statt <a href=\"https:\/\/www.freiburg-schwarzwald.de\/blog\/kriegsrhetorik-beenden-brief\/\">Kriegsrhetorik<\/a>. Mit dem Ziel der Schaffung einer europ\u00e4ischen Sicherheitsarchitektur, dem nach der Rede von Putin im deutschen Bundestag am <a href=\"https:\/\/www.freiburg-schwarzwald.de\/blog\/global\/russland\/putin\/\">25.9.2001<\/a> noch von allen Seiten zugestimmt worden war .<br \/>\n1.6.2024<br \/>\n.<br \/>\nEnde von Beitrag &#8222;Deutsche Raketen auf Russland&#8220;<br \/>\n============================================================<br \/>\nBeginn von Anlagen (1) &#8211; (2)<br \/>\n.<br \/>\n.<br \/>\n<strong>(1) Bundesregierung erlaubt Ukraine Einsatz deutscher Waffen gegen Ziele in Russland<\/strong><br \/>\nBislang durfte die ukrainische Armee mit westlichen Waffen nicht russisches Gebiet beschie\u00dfen. Nach der US-Regierung vollzieht nun auch die Bundesregierung eine Kehrtwende \u2013 und gibt gr\u00fcnes Licht f\u00fcr begrenzte Angriffe. Die Bundesregierung erlaubt der Ukraine den Einsatz deutscher Waffen \u00fcber die Grenze hinweg in das an die Region Charkiw angrenzende russische Gebiet.<br \/>\n&#8230;<br \/>\nDazu: Scholz zerschiesst seine Europa-Friedens-Kampagne<br \/>\nBundeskanzler Scholz hat gr\u00fcnes Licht f\u00fcr die Nutzung deutscher Waffen zu Angriffen in Russland gegeben. Damit zerschiesst er seine eigene Europa- Wahlkampagne. Die SPD ist mit Plakaten am Start, die \u201cFrieden\u201d, \u201cBesonnenheit\u201d und \u201cFrieden sichern\u201d verhei\u00dfen. Sie zeigen Scholz und die Spitzenkandidatin Barley. Schon bisher war das wenig glaubw\u00fcrdig. Doch nun klingt es nur noch hohl. Quelle: Lost in Europe<br \/>\n&#8230; Alles vom 31.5.2024 bitte lesen auf<br \/>\n<a href=\"https:\/\/www.nachdenkseiten.de\/?p=116029#h01\">https:\/\/www.nachdenkseiten.de\/?p=116029#h01<\/a><br \/>\n.<br \/>\n.<br \/>\n<strong>(2) Ukraine-Krieg: Rote Linien deutscher Waffenhilfe \u2013 eine Chronologie<\/strong><br \/>\nSeit heute darf ukrainisches Milit\u00e4r deutsche Waffen gegen Ziele in Russland einsetzen. Das war angesichts der Eskalationsgefahr lange tabu. Eine R\u00fcckschau.<br \/>\n&#8230; Alles vom 31.5.2024 bitte lesen auf<br \/>\n<a href=\"https:\/\/www.telepolis.de\/features\/Ukraine-Krieg-Rote-Linien-deutscher-Waffenhilfe-eine-Chronologie-9743646.html\">https:\/\/www.telepolis.de\/features\/Ukraine-Krieg-Rote-Linien-deutscher-Waffenhilfe-eine-Chronologie-9743646.html<\/a><\/p>\n<p>&nbsp;<\/p>\n","protected":false},"excerpt":{"rendered":"<p>Wieder f\u00e4llt eine rote Linke: Bundeskanzler Olaf Scholz f\u00e4llt erneut um und erlaubt nun doch das Abschie\u00dfen deutscher Waffen auf russisches Territorium. Eine furchtbare Entscheidung. Ist Scholz wegen der Cum-Ex-Aff\u00e4re erpressbar? M\u00fcssen die deutsche Interessen immer den amerikanischen Interessen entsprechen?<\/p>\n","protected":false},"author":2,"featured_media":0,"comment_status":"open","ping_status":"closed","sticky":false,"template":"","format":"standard","meta":{"footnotes":""},"categories":[195,14],"tags":[667,525,796,86],"class_list":["post-124044","post","type-post","status-publish","format-standard","hentry","category-eu","category-global","tag-krieg","tag-politik","tag-ukraine","tag-waffen"],"_links":{"self":[{"href":"https:\/\/www.freiburg-schwarzwald.de\/blog\/wp-json\/wp\/v2\/posts\/124044","targetHints":{"allow":["GET"]}}],"collection":[{"href":"https:\/\/www.freiburg-schwarzwald.de\/blog\/wp-json\/wp\/v2\/posts"}],"about":[{"href":"https:\/\/www.freiburg-schwarzwald.de\/blog\/wp-json\/wp\/v2\/types\/post"}],"author":[{"embeddable":true,"href":"https:\/\/www.freiburg-schwarzwald.de\/blog\/wp-json\/wp\/v2\/users\/2"}],"replies":[{"embeddable":true,"href":"https:\/\/www.freiburg-schwarzwald.de\/blog\/wp-json\/wp\/v2\/comments?post=124044"}],"version-history":[{"count":3,"href":"https:\/\/www.freiburg-schwarzwald.de\/blog\/wp-json\/wp\/v2\/posts\/124044\/revisions"}],"predecessor-version":[{"id":124047,"href":"https:\/\/www.freiburg-schwarzwald.de\/blog\/wp-json\/wp\/v2\/posts\/124044\/revisions\/124047"}],"wp:attachment":[{"href":"https:\/\/www.freiburg-schwarzwald.de\/blog\/wp-json\/wp\/v2\/media?parent=124044"}],"wp:term":[{"taxonomy":"category","embeddable":true,"href":"https:\/\/www.freiburg-schwarzwald.de\/blog\/wp-json\/wp\/v2\/categories?post=124044"},{"taxonomy":"post_tag","embeddable":true,"href":"https:\/\/www.freiburg-schwarzwald.de\/blog\/wp-json\/wp\/v2\/tags?post=124044"}],"curies":[{"name":"wp","href":"https:\/\/api.w.org\/{rel}","templated":true}]}}