{"id":12400,"date":"2012-10-07T12:17:40","date_gmt":"2012-10-07T10:17:40","guid":{"rendered":"https:\/\/www.freiburg-schwarzwald.de\/blog\/?p=12400"},"modified":"2012-10-07T12:43:56","modified_gmt":"2012-10-07T10:43:56","slug":"energiewende-mehr-als-nur-abschalten","status":"publish","type":"post","link":"https:\/\/www.freiburg-schwarzwald.de\/blog\/energiewende-mehr-als-nur-abschalten\/","title":{"rendered":"Energiewende &#8211; mehr als nur Abschalten"},"content":{"rendered":"<p>Als die CDU nach Fukushima die Energiewende verk\u00fcndete, waren allzuviele &#8222;<em>Atomkraft, nein danke&#8220;<\/em>&#8211; und <em>&#8222;Abschalten!&#8220;-<\/em>Demonstranten der Meinung, nun w\u00e4ren sie am Ziel: Weg von den\u00a0<a title=\"AKW\" href=\"https:\/\/www.freiburg-schwarzwald.de\/blog\/energie\/akw\/\">AKWs<\/a>\u00a0und hin zu erneuerbaren Energien, genauer: Atomkraftwerke durch andere Gro\u00dfkraftwerke ersetzen und dann so weiter konsumieren wie bisher. Ein gewaltiger Irrtum: Windkraftwerke auf hoher See sind extrem teuer (statt 3 km vor Helgoland \u00fcber 100 km auf hoher See, damit die Seehunde nicht gest\u00f6rt werden) und erfordern riesige \u00dcberlandnetze zum Stromtransport in den S\u00fcden. Und da die Off-Shore-Windkraft nicht permanent bl\u00e4st, <!--more-->werden neue Kohlekraftwerke gebaut, die die Atmosph\u00e4re aufheizen. All dies in der Hand der gro\u00dfen Energiekonzerne, wie gehabt. Und wenns mit der Grundlast eng wird, importiert man teuer schmutzigen Atomstrom aus Frankreich und der Tschechischen Republik. F\u00fcnf Punkte:<br \/>\n(1) Energieversorgung dezentralisieren in die Hand der B\u00fcrger &#8211; regional und vorort: Stadtwerke, Kommunen,\u00a0 Energiegenossenschaften, Landwirte und Hausbesitzer mit Windkraft, Solarthermie, Fotovoltaik, Kraft-W\u00e4rme-Kopplung . Wertsch\u00f6pfung bleibt in der Region.<br \/>\n(2) Kapazit\u00e4ten f\u00fcr die Speicherung des Stroms aus Wind und Sonne vorort ausbauen &#8211;\u00a0auch im Hotzenwald, auch vor der eigenen Haust\u00fcre.<br \/>\n(3) Gaskraftwerke zur Bereitstellung der Stromgrundlast. Forschung intensivieren,\u00a0neue Methoden erproben\u00a0wie Umwandlung von \u00fcberfl\u00fcssig anfallendem Strom in Gas.<br \/>\n(4) Sparsamer Umgang mit Strom. Das Einsparziel der Bundesregierung von 25 % bis 2050 ist viel zu gering. Die Energiesparpotenziale m\u00fcssen genutzt werden: Privater Verbrauch, Konsumgewohnheiten &#8211; es geht nicht, dass jeder Deutsche jeden Tag\u00a0ein- und sogar zweimal lange und warm duscht. \u00a0Derzeit schlie\u00dft der &#8222;moderne Verbraucher&#8220; immer neue Ger\u00e4te immer l\u00e4nger ans Stromnetz an &#8211; braucht wirklich jeder Single-Haushalt seine Elektrosp\u00fclmaschine?<br \/>\n(5) Energieeffizienz: 70 % aller privaten Heizungsanlagen sind vollkommen veraltet. Neue Anlagen weisen einen ungleich besseren Wirklungsgrad auf. Geb\u00e4uded\u00e4mmung bundesweit.<\/p>\n","protected":false},"excerpt":{"rendered":"<p>Als die CDU nach Fukushima die Energiewende verk\u00fcndete, waren allzuviele &#8222;Atomkraft, nein danke&#8220;&#8211; und &#8222;Abschalten!&#8220;-Demonstranten der Meinung, nun w\u00e4ren sie am Ziel: Weg von den\u00a0AKWs\u00a0und hin zu erneuerbaren Energien, genauer: Atomkraftwerke durch andere Gro\u00dfkraftwerke ersetzen und dann so weiter konsumieren &hellip; <a href=\"https:\/\/www.freiburg-schwarzwald.de\/blog\/energiewende-mehr-als-nur-abschalten\/\">Weiterlesen <span class=\"meta-nav\">&rarr;<\/span><\/a><\/p>\n","protected":false},"author":4,"featured_media":0,"comment_status":"open","ping_status":"closed","sticky":false,"template":"","format":"standard","meta":{"footnotes":""},"categories":[5,132],"tags":[239],"class_list":["post-12400","post","type-post","status-publish","format-standard","hentry","category-energie","category-strom","tag-energiesparen"],"_links":{"self":[{"href":"https:\/\/www.freiburg-schwarzwald.de\/blog\/wp-json\/wp\/v2\/posts\/12400","targetHints":{"allow":["GET"]}}],"collection":[{"href":"https:\/\/www.freiburg-schwarzwald.de\/blog\/wp-json\/wp\/v2\/posts"}],"about":[{"href":"https:\/\/www.freiburg-schwarzwald.de\/blog\/wp-json\/wp\/v2\/types\/post"}],"author":[{"embeddable":true,"href":"https:\/\/www.freiburg-schwarzwald.de\/blog\/wp-json\/wp\/v2\/users\/4"}],"replies":[{"embeddable":true,"href":"https:\/\/www.freiburg-schwarzwald.de\/blog\/wp-json\/wp\/v2\/comments?post=12400"}],"version-history":[{"count":0,"href":"https:\/\/www.freiburg-schwarzwald.de\/blog\/wp-json\/wp\/v2\/posts\/12400\/revisions"}],"wp:attachment":[{"href":"https:\/\/www.freiburg-schwarzwald.de\/blog\/wp-json\/wp\/v2\/media?parent=12400"}],"wp:term":[{"taxonomy":"category","embeddable":true,"href":"https:\/\/www.freiburg-schwarzwald.de\/blog\/wp-json\/wp\/v2\/categories?post=12400"},{"taxonomy":"post_tag","embeddable":true,"href":"https:\/\/www.freiburg-schwarzwald.de\/blog\/wp-json\/wp\/v2\/tags?post=12400"}],"curies":[{"name":"wp","href":"https:\/\/api.w.org\/{rel}","templated":true}]}}