{"id":123695,"date":"2024-05-21T15:41:04","date_gmt":"2024-05-21T13:41:04","guid":{"rendered":"https:\/\/www.freiburg-schwarzwald.de\/blog\/?p=123695"},"modified":"2024-05-22T09:42:46","modified_gmt":"2024-05-22T07:42:46","slug":"gewalt-buerger-desinformiert","status":"publish","type":"post","link":"https:\/\/www.freiburg-schwarzwald.de\/blog\/gewalt-buerger-desinformiert\/","title":{"rendered":"Gewalt: B\u00fcrger desinformiert"},"content":{"rendered":"<p>Nach dem <a href=\"https:\/\/www.freiburg-schwarzwald.de\/blog\/wahl-gewalt-gegen-politiker\/\">Anschlag<\/a> auf den Dresdener SPD-Politiker Matthias Ecke am 3.5.2024 war das <a href=\"https:\/\/www.freiburg-schwarzwald.de\/blog\/kultur\/medien\/mainstream\/\">Medien-Echo<\/a> gro\u00df. Zu recht, denn in der repr\u00e4sentativen <a href=\"https:\/\/www.freiburg-schwarzwald.de\/blog\/engagement\/zukunft\/demokratie\/verfassung\/fdgo\/\">Demokratie<\/a> m\u00fcssen Mitglieder politischer Parteien im <a href=\"https:\/\/www.freiburg-schwarzwald.de\/blog\/global\/eu\/europawahl2024\/\">Wahlkampf<\/a> sicher und gefahrlos \u2013 f\u00fcr sich und ihre Familien \u2013 agieren k\u00f6nnen. Die Diskussion zeigte zweierlei:<!--more--><br \/>\nZum einen hat diese Sicherheit f\u00fcr alle politischen Parteien gleicherma\u00dfen zu gelten. Der derzeitige <a href=\"https:\/\/www.freiburg-schwarzwald.de\/blog\/kultur\/kulturverlust\/zweierlei\/\">doppelte Standard<\/a> mu\u00df enden: Warum schweigen Politik und Medien immer dann, wenn sich die Gewalt gegen die Opposition wie die AfD-Politiker richtet?<br \/>\nZum anderen zeigt sich am Problem der Gewalt gegen Politiker, wie gro\u00df der Einflu\u00df der Medien auf die <a href=\"https:\/\/www.freiburg-schwarzwald.de\/blog\/kultur\/medien\/meinungsfreiheit\/\">Meinungsbildung<\/a> der B\u00fcrger ist.<\/p>\n<p>Bei der <a href=\"https:\/\/www.freiburg-schwarzwald.de\/blog\/selbsthilfe\/krise\/gewalt\/\">Gewalt<\/a> gegen Politiker sind Gewaltdelikte und \u00c4u\u00dferungsdelikte zu trennen. Unter Gewaltdelikten (z.B. krankenhausreif pr\u00fcgeln) hat mit Abstand am meisten die <a href=\"https:\/\/www.freiburg-schwarzwald.de\/blog\/vereine\/partei\/afd\/afd-opposition\/\">AfD<\/a> zu leiden, w\u00e4hrend bei den verbalen \u00c4u\u00dferungsdelikten (z.B. &#8222;d\u00fcmmer als ein Huhn&#8220; nennen) die Partei der <a href=\"https:\/\/www.freiburg-schwarzwald.de\/blog\/vereine\/partei\/gruene\/\">Gr\u00fcnen<\/a> vorne liegt. Hier die Zahlen f\u00fcr 2023 als Tabelle:<\/p>\n<pre>         Gewalt:  \u00c4u\u00dferung:  Gesamt:\r\nAfD        86        392       478\r\nGr\u00fcne      62       1157      1219\r\nSPD        35        385       420\r\nCDU\/CSU    21        274       295\r\nLinke      20         59        79\r\nFDP        10        289       299\r\nQuelle: <a href=\"https:\/\/dserver.bundestag.de\/btd\/20\/006\/2000674.pdf\">https:\/\/dserver.bundestag.de\/btd\/20\/006\/2000674.pdf<\/a><\/pre>\n<p>Gewalt wird in der Umgangssprache mit physischer Gewalt gegen Personen (jemand wird verletzt) bzw. Sachen (sein Auto wird angez\u00fcndet) gleichgesetzt. Insofern sprechen diese Zahlen eine eindeutige Sprache: Die AfD ist die Partei, die mit 86 F\u00e4llen von Gewalt am meisten betroffen war, w\u00e4hrend die Gr\u00fcnen mit 62 F\u00e4llen &#8217;nur&#8216; 72 % dieser Gewalterfahrungen ausgesetzt waren. Neutraler bzw. ehrlicher Journalismus m\u00fcsste also eine Titelzeile wie etwa &#8222;AfD mit gro\u00dfem Abstand Opfer Nr. 1 von politischer Gewalt&#8220; ver\u00f6ffentlichen. Denn die erste Spalte der Tabelle ist die entscheidende.<br \/>\nDoch derlei Schlagzeilen findet man in Presse und TV nicht &#8211; sowohl bei den reichweitenstarken privaten Medien als auch beim <a href=\"https:\/\/www.freiburg-schwarzwald.de\/blog\/kultur\/medien\/gez-medien\/\">\u00f6ffentlich-rechtlichen Rundfunk<\/a> (\u00d6RR). Obwohl letzterer per Staatsvertag zu objektiver und ausgewogener Berichterstattung verpflichtet ist. Stattdessen wird der Spie\u00df einfach umgedreht wie z.B.: &#8222;Anstieg der Gewalt gegen Politiker: Gr\u00fcne besonders betroffen&#8220; (NDR) oder &#8222;Gr\u00fcne auf Platz 1&#8220; (Focus).<br \/>\n.<br \/>\nDies geschieht mit folgendem Trick: Mainstreammedien z\u00e4hlen die \u00c4u\u00dferungsdelikte zu den Gewaltdelikten einfach hinzu und publizieren vornehmlich die Gesamtzahl, also die letzte Spalte aus obiger Tabelle (die anderen Spalten werden ignoriert oder im Text ganz weit hinten erw\u00e4hnt). Und sie kommen so zu der imposanten Message wie &#8222;Gr\u00fcne mit 1219 F\u00e4llen Opfer von Gewalt &#8211; vor AfD mit nur 478 F\u00e4llen&#8220; (1) &#8211; (3). Diese Message suggeriert klar die Gr\u00fcnen als Opfer Nr. 1. Dies ist noch nicht einmal falsch, sondern Resultat einer bewu\u00dft schlampigen und damit mi\u00dfverst\u00e4ndlichen Formulierung des Gewaltbegriffs.<br \/>\nUnd die B\u00fcrger, die sich in 75 Jahren aus guten Gr\u00fcnden angew\u00f6hnt haben, den Qualit\u00e4tsmedien zu vertrauen, glauben dies auch noch, obwohl in den 1219 Delikten gegen die Partei der Gr\u00fcnen zu 95 % \u00c4u\u00dferungsdelikte (1157 F\u00e4lle) stecken und &#8217;nur&#8216; zu 5 % (62 F\u00e4lle) echte Gewaltdelikte. Die B\u00fcrger werden get\u00e4uscht bzw. mit <a href=\"https:\/\/www.freiburg-schwarzwald.de\/blog\/kultur\/medien\/desinformation\/\">Desinformation<\/a> \u00fcberzogen,<br \/>\n.<br \/>\n.<br \/>\nNun k\u00f6nnte man meinen, da\u00df die m\u00fcndigen <a href=\"https:\/\/www.freiburg-schwarzwald.de\/blog\/engagement\/buerger\/\">B\u00fcrger<\/a> des Jahres 2024 auf eine derart plumpe Propaganda nicht hereinfallen. Weit gefehlt:<br \/>\nEine Umfrage des Meinungsforschungsinstituts INSA beweist (4), da\u00df Zahlen bzw. Realit\u00e4t f\u00fcr viele B\u00fcrger weniger zur Bildung der eigenen Meinung beitragen als Framing bzw. <a href=\"https:\/\/www.freiburg-schwarzwald.de\/blog\/kultur\/medien\/propaganda\/\">Propaganda<\/a>. Denn laut INSA sind 43 % der Bundesb\u00fcrger der Meinung, da\u00df die Gr\u00fcnen im Jahr 2023 am h\u00e4ufigsten das Opfer von Gewalt gegen ihre Politiker geworden sind. Das INSA-Ranking sieht so aus:<br \/>\n<em>Gr\u00fcne 43 %, SPD 32 % , AfD 29 %, CDU\/CSU 13 %,<\/em><br \/>\n<em>Keine Politikergef\u00e4hrdung 10 %, Keine Angabe 4 %.<\/em><br \/>\nDie Gr\u00fcnen als Hauptopfer von Gewalt und die AfD nach der SPD erst auf Platz 3 &#8211; diese Umkehrung der Wirklichkeit wurde den Bundesb\u00fcrgern von den Medien durch ihre Fehlinformation (Versehen)\u00a0 bzw. Desinformation (Absicht) vermittelt: Realit\u00e4t (Gewalt gegen Politiker kommt \u00fcberwiegend von links) und Propaganda (rechte Gewalt \u00fcberwiegt) weichen ab, wobei die B\u00fcrger letzterem Glauben schenken.<\/p>\n<p>Die Gewalt gegen Politiker steigt. Glaubt man den Medien, dann sind die Gr\u00fcnen das Hauptopfer von Gewalt. Dabei wird fast reflexartig der AfD die alleinige Verantwortung f\u00fcr das Klima zunehmender Verrohung und Gewalt in der <a href=\"https:\/\/www.freiburg-schwarzwald.de\/blog\/global\/deutschland\/gesellschaft\/\">Gesellschaft<\/a> gegeben \u2013 obwohl gerade deren Vertreter gleichzeitig am h\u00e4ufigsten Opfer solcher Angriffe sind.<br \/>\nEine nach dem gleichen Muster vorgenommene mediale <a href=\"https:\/\/www.freiburg-schwarzwald.de\/blog\/global\/integration\/fluechtlinge-kriminalitaet\/opfer-taeter-umkehr\/\">T\u00e4ter-Opfer-Umkehr<\/a> zeigte sich auch beim j\u00fcngsten Attentat auf den slowakischen <a href=\"https:\/\/www.freiburg-schwarzwald.de\/blog\/attentat-auf-sk-praesident-fico\/\">Premierminister Fico<\/a>: Der eher rechte Politiker sei selbst schuld, da\u00df 5 mal von Links auf ihn geschossen wurde.<br \/>\nOpfern die Mitschuld an Gewalt zu geben ist immer falsch.<\/p>\n<p>Das Ergebnis der Umfrage von INSA ist in mehrfacher Hinsicht von hoher Brisanz:<br \/>\n1) Es geht im Grunde nicht um die AfD als einzelne Partei, sondern um die Instanz der Opposition an sich: Demokratie ohne Opposition funktioniert nicht bzw. f\u00fchrt in ein eher totalit\u00e4res System. Die CDU ist seit ihrem durch Merkel initiierten Linksrutsch keine Oppositionspartei mehr, schlie\u00dflich hat sie s\u00e4mtliche Vorhaben der Ampel-Regierung mitgetragen. Die AfD ist somit die mit Abstand gr\u00f6\u00dfte echte Oppositionspartei und mit der AfD soll es der Opposition insgesamt an den Kragen gehen. Dies erkennen die Altparteien sogar insofern an, als sich nach dem Anschlag auf Matthias Ecke (SPD) der Focus unisono auf die AfD richtete. Wobei sich weiterhin eine erstaunliche <a href=\"https:\/\/www.freiburg-schwarzwald.de\/blog\/global\/deutschland\/moral2015\/doppelmoral\/\">Doppelmoral<\/a> offenbart: Zum Brandanschlag auf das Haus eines Stadtrats in Halle kurz danach schweigen die Medien, da darin ein Politiker der AfD wohnt und nicht der SPD. Gibt es b\u00f6se Gewalt und weniger b\u00f6se Gewalt?<\/p>\n<p>2) Die Propaganda bzw. Desinormation \u00fcber die Dauerberieselung von Mainstream-Medien und \u00d6RR ist sehr wirkungsvoll. ARD und ZDF beeinflussen die Meinungsbildung der B\u00fcrger. Die nackten Zahlen bzw. Fakten, die die Realit\u00e4t abbilden, scheinen voele B\u00fcrger weniger zu interessieren. Bequem lesbare Narrative drumherum bzw. ein ansprechendes Framing hingegen werden erwartet und geglaubt. Damit wiederum kann die Macht der Medien immer weiter wachsen: Sei es durch Tricksereien wie hier \u00fcber einen schwammigen Gewaltbegriff, der die Unwahrheit elegant verbr\u00e4mt. Sei es durch die Gutgl\u00e4ubigkeit viel zu vieler B\u00fcrger. Da\u00df die Medien ihrer Aufgabe als <a href=\"https:\/\/www.freiburg-schwarzwald.de\/blog\/kultur\/medien\/vierte-gewalt\/\">Vierte Gewalt<\/a> &#8211; Kritik und Kontrolle \u00fcben gegen\u00fcber einem \u00fcbergriffigen Staat &#8211; seit sp\u00e4testens der <a href=\"https:\/\/www.freiburg-schwarzwald.de\/blog\/global\/deutschland\/grenzoeffnung2015\/\">Grenz\u00f6ffnung 2015<\/a> nicht mehr nachkommen, macht es nur noch schlimmer.<\/p>\n<p>3) Aus der Sicht von Altparteien und Regierung ist es nur allzu verst\u00e4ndlich, da\u00df am derzeitigen Zustand der Medien als Claqueure der Exekutive nichts ge\u00e4ndert wird und tiefgreifende Reformen weiterhin abgelehnt werden. Der <a href=\"https:\/\/www.freiburg-schwarzwald.de\/blog\/kultur\/medien\/oerr\/\">\u00d6RR<\/a> dient in seiner derzeit\u00a0 <a href=\"https:\/\/www.freiburg-schwarzwald.de\/blog\/kultur\/medien\/journalismus\/ausgewogenheit\/\">unausgewogenen<\/a> Berichterstattung einseitig der Regierung und die reichweitestarken privaten Medien werden von der Ampel \u00fcber teure Anzeigenkampagnen\u00a0 sowie von NGOs\u00a0 \u00fcber Millionenzahlungen unterst\u00fctzt und so auf Linie gehalten.<br \/>\nAber Demokratie lebt vom <a href=\"https:\/\/www.freiburg-schwarzwald.de\/blog\/religion\/pluralismus\/\">Pluralismus<\/a> bzw. von der Vielfalt <a href=\"https:\/\/www.freiburg-schwarzwald.de\/blog\/kultur\/medien\/medien-unabhaengigkeit\/\">unabh\u00e4ngiger Medien<\/a>. Gegen die Marktmacht von Mainstreammedien und steuerfinanziertem \u00d6RR haben die allein \u00fcber Spenden finanzierten <a href=\"https:\/\/www.freiburg-schwarzwald.de\/blog\/kultur\/medien\/alternative-medien\/\">alternativen<\/a> (<a href=\"https:\/\/www.freiburg-schwarzwald.de\/blog\/kultur\/medien\/freie-medien\/\">freien<\/a> bzw. <a href=\"https:\/\/www.freiburg-schwarzwald.de\/blog\/kultur\/medien\/neue-medien\/\">neuen<\/a>) Medien keine Chance. Der nicht gerade freundliche Begriff vom &#8222;<a href=\"https:\/\/www.freiburg-schwarzwald.de\/blog\/kultur\/medien\/mediendemokratie\/\">polit-medialen System&#8220;<\/a> , der auf eine komplett undemokratische Allianz von Kontrolleur und zu Kontrollierendem hinweist, wird leider weiter seine Berechtigung haben &#8211; und damit auch die Gefahr von <a href=\"https:\/\/www.freiburg-schwarzwald.de\/blog\/kultur\/medien\/manipulation\/\">Manipulation<\/a>, <a href=\"https:\/\/www.freiburg-schwarzwald.de\/blog\/kultur\/medien\/framing\/\">Framing<\/a>, <a href=\"https:\/\/www.freiburg-schwarzwald.de\/blog\/engagement\/zukunft\/demokratie\/nudging\/\">Nudging<\/a> , Desinformation und Propaganda den B\u00fcrgern der Gesellschaft gegen\u00fcber.<\/p>\n<p>Die Umfrage von INSA zur Gewalt gegen Politiker hat den Beweis erbracht, wie dringend eine Reform des \u00d6RR ist und wie wichtig unabh\u00e4ngige Medien zum Erhalt unserer <a href=\"https:\/\/www.freiburg-schwarzwald.de\/blog\/engagement\/zukunft\/demokratie\/verfassung\/fdgo\/\">freiheitlich-demokratischen Grundordnung<\/a> sind.<\/p>\n<p><em>Zur Gleichung\u00a0 &#8222;Gewalt = Gewaltdelikte + \u00c4u\u00dferungsdelikte&#8220;:<br \/>\nGewaltdelikte gegen Personen und Sachen (physisch):<\/em> T\u00f6tungsdelikte, K\u00f6rperverletzungen, Brandstiftungen, Sprengstoffdelikte, Landfriedensbruch, gef\u00e4hrlicher Eingriff in den Verkehr, Freiheitsberaubung, Raub, Erpressung, Widerstandsdelikte, Sexualdelikte.<br \/>\n<em>\u00c4u\u00dferungsdelikte verbal und non-verbal (psychisch):<\/em> Bedrohung, Beleidigung, N\u00f6tigung , \u00fcble Nachrede, Beleidigung, Verleumdung, Verunglimpfung, Volksverhetzung , Mobbing, Ausgrenzung .<br \/>\n21.5.2024<\/p>\n<p>Ende von Beitrag &#8222;Gewalt: B\u00fcrger desinformiert&#8220;<br \/>\n=============================================================<br \/>\nBeginn von Anlage (1) &#8211; (7)<br \/>\n.<br \/>\n.<br \/>\n<strong>(1) Anstieg der Gewalt gegen Politiker: Gr\u00fcne besonders betroffen<\/strong><br \/>\n&#8230; alles vom 11.3.2024 bitte lesen auf<br \/>\n<a href=\"https:\/\/www.ndr.de\/nachrichten\/niedersachsen\/lueneburg_heide_unterelbe\/Anstieg-der-Gewalt-gegen-Politiker-Gruene-besonders-betroffen,aktuelllueneburg10158.html\">https:\/\/www.ndr.de\/nachrichten\/niedersachsen\/lueneburg_heide_unterelbe\/Anstieg-der-Gewalt-gegen-Politiker-Gruene-besonders-betroffen,aktuelllueneburg10158.html<\/a><br \/>\n.<\/p>\n<p><strong>(2) Gr\u00fcne auf Platz 1? Das sagen die Zahlen zur Gewalt gegen Politiker wirklich<\/strong><br \/>\nSp\u00e4testens, seit Europa-Spitzenkandidat Matthias Ecke (SPD) beim Plakatieren zusammengeschlagen wurde, ist Gewalt gegen Politiker ein vieldiskutiertes Thema. Denn: Ecke ist kein Einzelfall.<br \/>\nAuch Vertreter anderer Parteien wurden in den vergangenen Tagen und Wochen t\u00e4tlich angegriffen. Dem dritten B\u00fcrgermeister von Essen, Rolf Fli\u00df (Gr\u00fcne), soll ein Passant Anfang Mai nach einem Wortgefecht ins Gesicht geschlagen haben, wie der \u201eTagesspiegel\u201c berichtet &#8230;. Alles vom 11.5.2024 bitte lesen auf<br \/>\n<a href=\"https:\/\/www.focus.de\/politik\/deutschland\/gruene-auf-platz-1-das-sagen-die-zahlen-zur-gewalt-gegen-politiker_id_259934870.html\">https:\/\/www.focus.de\/politik\/deutschland\/gruene-auf-platz-1-das-sagen-die-zahlen-zur-gewalt-gegen-politiker_id_259934870.html<\/a><br \/>\n.<\/p>\n<p><strong>(3) Gr\u00fcnenpolitiker bedroht, Wirt sagt AfD-Veranstaltung ab<\/strong><br \/>\nDie politische Stimmung bleibt rau. Ein Landtagsabgeordneter der Gr\u00fcnen wird an einem Infostand bedroht, nach Anfeindungen l\u00e4dt ein Wirt die AfD wieder aus.<br \/>\n&#8230; Alles vom 11.5.2024 bitte lesen auf<br \/>\n<a href=\"https:\/\/www.zeit.de\/politik\/deutschland\/2024-05\/angriffe-politiker-gewalt-gruene-afd-schutz\">https:\/\/www.zeit.de\/politik\/deutschland\/2024-05\/angriffe-politiker-gewalt-gruene-afd-schutz<\/a><br \/>\n.<\/p>\n<p><strong>(4) Erschreckend: Umfrage zeigt, wie wirksam die Medien-Propaganda ist<\/strong><br \/>\n<strong>Wie es ARD, ZDF &amp; Co gelingt, die Realit\u00e4t auf den Kopf zu stellen<\/strong><br \/>\n&#8230;<br \/>\nDie Umfrage von INSA zeigt nun erschreckend, wie erfolgreich die Propaganda von ARD, ZDF &amp; Co ist \u2013 und dass sie mehr Einfluss auf die Meinungsbildung hat als die harten Zahlen, also Fakten und Realit\u00e4t.<br \/>\nDie Mehrzahl der Befragten glaubt, entgegen den Fakten, aber brav dem L\u00fcgen-Narrativ der Medien folgend, dass die Gr\u00fcnen-Politiker derzeit besonders gef\u00e4hrdet sind in Sachen Angriffen auf ihre Person: 43\u202fProzent geben dies an. Fast ein Drittel (32\u202f Prozent) nennt hier die SPD, und nicht einmal jeder Dritte (29 Prozent) die Partei, deren Politiker wirklich am meisten gef\u00e4hrdet sind \u2013 die AfD. Politiker von CDU\/CSU halten 15 Prozent f\u00fcr besonders gef\u00e4hrdet, FDP-Politiker 14 Prozent und Politiker der Linken 13\u202fProzent. Zehn\u202fProzent sind der Meinung, dass keine Politiker besonders gef\u00e4hrdet sind. 15\u202fProzent k\u00f6nnen und vier\u202fProzent wollen diese Frage nicht beantworten.<br \/>\n&#8230;<br \/>\nSo traurig diese Erkenntnis ist \u2013 so wichtig ist es, zu verstehen, dass man mit Dauerberieselung und Propaganda die Fakten auf den Kopf stellen kann. Und dass es gelingt, einer Mehrheit der Bev\u00f6lkerung regelrecht den Kopf zu waschen. So dass sie die Schein-Realit\u00e4t von der Mattscheibe und von anderen Medien als real wahrnimmt \u2013 und den Fakten gegen\u00fcber resistent bleibt oder die Augen vor diesen verschlie\u00dft.<\/p>\n<p>Schuld der Medien<br \/>\nNur diese Mechanismen k\u00f6nnen erkl\u00e4ren, warum immer noch eine Mehrheit der Menschen in diesem Land entweder nicht zur Wahl geht und damit die aktuellen Zust\u00e4nde passiv unterst\u00fctzt, oder sie aktiv dadurch zementiert, dass sie eine der Parteien w\u00e4hlt, die f\u00fcr diese Zust\u00e4nde verantwortlich sind. Nicht nur die Politik, auch ein gro\u00dfer Teil der Menschen in diesem Land leiden an massivem Realit\u00e4tsverlust. Der nicht m\u00f6glich w\u00e4re, wenn die Medien ihre urspr\u00fcngliche Aufgabe \u2013 zu sagen, was ist \u2013 wahrnehmen w\u00fcrden und nicht zu einer Propaganda-Abteilung der Politik verkommen w\u00e4ren.<br \/>\n&#8230; Alles vom 17.5.2024 bitte lesen auf<br \/>\n<a href=\"https:\/\/reitschuster.de\/post\/erschreckend-umfrage-zeigt-wie-wirksam-die-medien-propaganda-ist\/\">https:\/\/reitschuster.de\/post\/erschreckend-umfrage-zeigt-wie-wirksam-die-medien-propaganda-ist\/<\/a><br \/>\n.<br \/>\nEinige Kommentare:<br \/>\nDer wesentliche Grund f\u00fcr die Unwissenheit der meisten B\u00fcrger ist, dass sie sich jenseits des \u00d6RR kaum oder gar nicht informieren \u00fcber die wahren Tatbest\u00e4nde. Mittels Manipulierbarkeit der willigen Masse konnten sich schon immer Diktaturen pr\u00e4chtig entwickeln. Anders gesagt, die menschliche Lernunf\u00e4higkeit ist unendlich. Es wird auch in 1000 Jahren nicht anders sein. G.T.<br \/>\n.<br \/>\n&#8222;So traurig diese Erkenntnis ist \u2013 so wichtig ist es, zu verstehen, dass man mit Dauerberieselung und Propaganda die Fakten auf den Kopf stellen kann. Und dass es gelingt, einer Mehrheit der Bev\u00f6lkerung regelrecht den Kopf zu waschen.&#8220; Das ist eine sehr bemerkenswerte Erkenntnis von Ihnen, Herr Reitschuster. Wenn Sie jetzt noch die Themenbereiche nennen, bei denen Ihre Erkenntnis gilt und wo nicht (Sie wissen ganz sicher, worauf ich hinaus will ?!), w\u00e4re die Sache perfekt. Sac<br \/>\n.<br \/>\nF\u00fcr mich ein weiteres Indiz, da\u00df die Systemmedien die Massen steuern. Meines Erachtens erzeugen und lenken sie die Zeitgeist-Str\u00f6mungen, die dann z.B. auch Einflu\u00df auf die (zunehmend geistig gleichgeschaltete) Denke der Justiz nehmen.<br \/>\nDie Systemmedien sehe ich als das Hauptproblem (nicht nur) in diesem Land an. zei<br \/>\nEnde Kommentar<br \/>\n.<\/p>\n<p><strong>(5) Rechtsau\u00dfenparteien als Treiber der Verrohung im politischen Spiel<\/strong><br \/>\nWir haben einen neuen Treiber von Polarisierung, von Radikalisierung, von Verrohung im politischen Spiel: die Rechtsau\u00dfenparteien und insbesondere deren R\u00e4nder. Es sind nicht die offiziellen Politiker und Politikerinnen von AfD, FP\u00d6, Rassemblement National, und wie die Parteien alle hei\u00dfen, sondern es sind dann deren R\u00e4nder, die sich aus diesem Milieu hin zur physischen Gewalt radikalisieren.<br \/>\n&#8230; Alles vom 9.5.2024 bitte lesen auf<br \/>\n<a href=\"https:\/\/www.tagesschau.de\/inland\/gesellschaft\/gewalt-politiker-104.html\">https:\/\/www.tagesschau.de\/inland\/gesellschaft\/gewalt-politiker-104.html<\/a><br \/>\n<strong>(6) Angriffe auf Politiker: ARD verzerrt Gewalt-Statistik \u00fcber AfD<\/strong><br \/>\nWie steht es in Deutschland wirklich um Gewalt gegen Politiker? Eine Frage, \u00fcber die nach dem brutalen Angriff auf SPD-Politiker Matthias Ecke (41) jetzt wieder diskutiert wird. Auch unter Politikern, bei der ARD und anderen Medien. Eine Gewalt-Statistik, die dabei im TV gezeigt und genannt wird, zeigt allerdings ein verzerrtes Bild der Wirklichkeit. Was dahintersteckt.<br \/>\n&#8230;<br \/>\nBetrachtet man die gemeldeten Zahlen der Landeskriminal\u00e4mter an das Bundeskriminalamt (BKA) genauer, ergibt sich jedoch ein differenziertes \u2013 und vollst\u00e4ndiges \u2013 Bild. Nachzulesen auch in einer Antwort der Bundesregierung<br \/>\n<a href=\"https:\/\/dserver.bundestag.de\/btd\/20\/101\/2010177.pdf\">https:\/\/dserver.bundestag.de\/btd\/20\/101\/2010177.pdf<\/a><br \/>\nauf eine Anfrage der AfD-Fraktion. Den offiziellen Zahlen zufolge sind die meisten der rund 1200 Angriffe auf Gr\u00fcnen-Politiker und Mandatstr\u00e4ger sogenannte \u201e\u00c4u\u00dferungsdelikte\u201c, also harte verbale Attacken bis hin zu Beleidigungen und Beschimpfungen. &#8230;<br \/>\nBei sogenannten Gewaltdelikten, also Sachbesch\u00e4digungen, Schmierereien, Farbattacken aber auch Brandanschl\u00e4gen oder physischen \u00dcbergriffen sind Vertreter der AfD hingegen h\u00e4ufiger betroffen als Politiker anderer Parteien. &#8230;<br \/>\nDie Statistik im ARD-Online-Angebot \u201edie.da.oben\u201c suggerierte, dass Gr\u00fcne \u00fcberdurchschnittlich h\u00e4ufig Ziel und Opfer von Angriffen werden. Dies ist zumindest missverst\u00e4ndlich und unterscheidet nicht zwischen der Art der Angriffe.<br \/>\n&#8230; Alles vom 7.5.2024 bitte lesen auf<br \/>\n<a href=\"https:\/\/www.bild.de\/politik\/inland\/angriffe-auf-politiker-ard-verzerrt-gewalt-statistik-ueber-afd-66389e37ac10fb4a278af551\">https:\/\/www.bild.de\/politik\/inland\/angriffe-auf-politiker-ard-verzerrt-gewalt-statistik-ueber-afd-66389e37ac10fb4a278af551<\/a><br \/>\n.<\/p>\n<p><strong>(7) \u00dcber Gewalt gegen Politiker und die Grenzen der Statistik<\/strong><br \/>\n&#8230; Alles vom 13.5.2024 von Stefan Niggemeier bitte lesen auf<br \/>\n<a href=\"https:\/\/uebermedien.de\/94967\/ueber-gewalt-gegen-politiker-und-die-grenzen-der-statistik\/\">https:\/\/uebermedien.de\/94967\/ueber-gewalt-gegen-politiker-und-die-grenzen-der-statistik\/<\/a><\/p>\n","protected":false},"excerpt":{"rendered":"<p>Nach dem Anschlag auf den Dresdener SPD-Politiker Matthias Ecke am 3.5.2024 war das Medien-Echo gro\u00df. Zu recht, denn in der repr\u00e4sentativen Demokratie m\u00fcssen Mitglieder politischer Parteien im Wahlkampf sicher und gefahrlos \u2013 f\u00fcr sich und ihre Familien \u2013 agieren k\u00f6nnen. &hellip; <a href=\"https:\/\/www.freiburg-schwarzwald.de\/blog\/gewalt-buerger-desinformiert\/\">Weiterlesen <span class=\"meta-nav\">&rarr;<\/span><\/a><\/p>\n","protected":false},"author":2,"featured_media":0,"comment_status":"open","ping_status":"closed","sticky":false,"template":"","format":"standard","meta":{"footnotes":""},"categories":[18,181,36,162,13,80,157,172],"tags":[766,633,749,682,732,626,525],"class_list":["post-123695","post","type-post","status-publish","format-standard","hentry","category-bildung","category-buergerbeteiligung","category-engagement","category-internet","category-kultur","category-medien","category-oeffentlicher-raum","category-zukunft","tag-buerger","tag-demokratie","tag-diskussionskultur","tag-freiheit","tag-gewalt","tag-partei","tag-politik"],"_links":{"self":[{"href":"https:\/\/www.freiburg-schwarzwald.de\/blog\/wp-json\/wp\/v2\/posts\/123695","targetHints":{"allow":["GET"]}}],"collection":[{"href":"https:\/\/www.freiburg-schwarzwald.de\/blog\/wp-json\/wp\/v2\/posts"}],"about":[{"href":"https:\/\/www.freiburg-schwarzwald.de\/blog\/wp-json\/wp\/v2\/types\/post"}],"author":[{"embeddable":true,"href":"https:\/\/www.freiburg-schwarzwald.de\/blog\/wp-json\/wp\/v2\/users\/2"}],"replies":[{"embeddable":true,"href":"https:\/\/www.freiburg-schwarzwald.de\/blog\/wp-json\/wp\/v2\/comments?post=123695"}],"version-history":[{"count":5,"href":"https:\/\/www.freiburg-schwarzwald.de\/blog\/wp-json\/wp\/v2\/posts\/123695\/revisions"}],"predecessor-version":[{"id":123762,"href":"https:\/\/www.freiburg-schwarzwald.de\/blog\/wp-json\/wp\/v2\/posts\/123695\/revisions\/123762"}],"wp:attachment":[{"href":"https:\/\/www.freiburg-schwarzwald.de\/blog\/wp-json\/wp\/v2\/media?parent=123695"}],"wp:term":[{"taxonomy":"category","embeddable":true,"href":"https:\/\/www.freiburg-schwarzwald.de\/blog\/wp-json\/wp\/v2\/categories?post=123695"},{"taxonomy":"post_tag","embeddable":true,"href":"https:\/\/www.freiburg-schwarzwald.de\/blog\/wp-json\/wp\/v2\/tags?post=123695"}],"curies":[{"name":"wp","href":"https:\/\/api.w.org\/{rel}","templated":true}]}}