{"id":123565,"date":"2024-04-26T15:35:52","date_gmt":"2024-04-26T13:35:52","guid":{"rendered":"https:\/\/www.freiburg-schwarzwald.de\/blog\/?p=123565"},"modified":"2024-05-15T15:44:36","modified_gmt":"2024-05-15T13:44:36","slug":"habeck-atomausstieg-getrickst","status":"publish","type":"post","link":"https:\/\/www.freiburg-schwarzwald.de\/blog\/habeck-atomausstieg-getrickst\/","title":{"rendered":"Habeck: Atomausstieg getrickst"},"content":{"rendered":"<p>Die Auswertung der von Cicero freigeklagten Geheimakten zum Atomausstieg von Robert Habeck beweist, da\u00df dubiose Netzwerke der <a href=\"https:\/\/www.freiburg-schwarzwald.de\/blog\/vereine\/partei\/gruene\/\">Gr\u00fcnen<\/a> bei der Entscheidung \u00fcber die Laufzeitverl\u00e4ngerung von deutschen <a href=\"https:\/\/www.freiburg-schwarzwald.de\/blog\/energie\/akw\/kernkraft\/\">Kernkraftwerken<\/a> getrickst haben. Kritik und unpassende Gutachten wurden ignoriert. <!--more-->Der Hamburger MdB Christoph Plo\u00df: \u201eIrref\u00fchrung der \u00d6ffentlichkeit, Hochtreiben der Strompreise, ein uninformierter Minister und wieder #Graichen mittendrin: Die Enth\u00fcllungen aus den Atom-Akten von Robert #Habeck sind ein Skandal und ein R\u00fccktrittsgrund.\u201c<br \/>\n26.4.2024<br \/>\n.<br \/>\nEnde von Beitrag &#8222;Habeck: Atomausstieg\u00a0 getrickst&#8220;<br \/>\n=============================================================<br \/>\nBeginn von Anlagen (1) &#8211; (3)<br \/>\n.<\/p>\n<p><strong>(1) Kernschmelze<\/strong><br \/>\nWir haben Robert Habecks Geheimakten zum Atomausstieg freigeklagt. Unsere exklusiven Enth\u00fcllungen, die Sie in der Mai-Ausgabe lesen k\u00f6nnen, zeigen ein gr\u00fcnes Anti-Atom-Netzwerk, das im Wirtschaftsministerium getrickst, get\u00e4uscht und gelogen hat.<br \/>\nInmitten der tiefsten Energiekrise <a href=\"https:\/\/www.cicero.de\/wirtschaft\/cicero-klage-vor-gericht-energiekrise-robert-habeck-akw\">https:\/\/www.cicero.de\/wirtschaft\/cicero-klage-vor-gericht-energiekrise-robert-habeck-akw<\/a>, die Deutschland seit Dekaden erlebt hat, zog die Bundesregierung eisern den Ausstieg aus der Kernkraft <a href=\"https:\/\/www.cicero.de\/innenpolitik\/atomkraft-robert-habeck-energiekrise-grune-atomausstieg-kernkraft-stresstest\">https:\/\/www.cicero.de\/innenpolitik\/atomkraft-robert-habeck-energiekrise-grune-atomausstieg-kernkraft-stresstest<\/a> durch: Vor gut einem Jahr, am 15. April 2023, gingen mit Isar 2, Emsland und Neckarwestheim 2 die letzten drei AKWs vom Netz.<br \/>\n&#8230;<br \/>\nWir bei Cicero wollten schon damals wissen, wie die internen Entscheidungsprozesse besonders im federf\u00fchrenden Ministerium f\u00fcr Wirtschaft und Klimaschutz in der kritischen Zeit gelaufen sind und beantragten deshalb Akteneinsicht, die uns jedoch verwehrt wurde. So bedurfte es einer langen gerichtlichen Auseinandersetzung, bei der wir auf Grundlage des Umweltinformationsgesetzes schlie\u00dflich vollumf\u00e4nglich obsiegten.<br \/>\n<a href=\"https:\/\/www.cicero.de\/wirtschaft\/gerichtsurteil-habeck-atomkraft-akten-cicero\">https:\/\/www.cicero.de\/wirtschaft\/gerichtsurteil-habeck-atomkraft-akten-cicero<\/a><br \/>\n&#8230;<br \/>\n<em>Cicero Online @cicero_online<\/em><br \/>\n<em>Wir haben #habecksgeheimakten zum Atomausstieg freigeklagt. Unsere exklusiven Enth\u00fcllungen zeigen ein gr\u00fcnes Anti-Atom-Netzwerk, das im Wirtschaftsministerium getrickst, get\u00e4uscht und gelogen hat. Alle Details ab Donnerstag am Kiosk und auf @cicero_online <\/em><br \/>\n<a href=\"https:\/\/twitter.com\/cicero_online\/status\/1783059667322552613\"><em>https:\/\/twitter.com\/cicero_online\/status\/1783059667322552613<\/em><\/a><br \/>\n<em>24. Apr. 2024<br \/>\n<\/em>.<br \/>\n.<br \/>\n<strong>(2) T\u00e4uschungen im Habeck-Ministerium<\/strong><br \/>\nDie Dokumente haben wir also vor wenigen Wochen \u00fcbermittelt bekommen, und mein Kollege Daniel Gr\u00e4ber hat sich als Leiter des Wirtschaftsressorts akribisch mit ihnen auseinandergesetzt. Die Ergebnisse seiner Recherchen und seines Aktenstudiums bilden die Grundlage f\u00fcr die Titelgeschichte dieser Ausgabe (diese finden Sie hier <a href=\"https:\/\/www.cicero.de\/innenpolitik\/robert-habeck-akten-atomkraftwerke-kernkraftwerke-klage-akw-laufzeit-atomausstieg\">https:\/\/www.cicero.de\/innenpolitik\/robert-habeck-akten-atomkraftwerke-kernkraftwerke-klage-akw-laufzeit-atomausstieg<\/a> ). Und sie sind \u00e4u\u00dferst brisant, weil sich jetzt herausstellt, wie im Habeck-Ministerium getrickst und get\u00e4uscht wurde, um die \u00d6ffentlichkeit (aber auch den zust\u00e4ndigen Minister selbst) hinters Licht zu f\u00fchren.<br \/>\n&#8230;<br \/>\n&#8230; Alles vom 25.4.2024 von Alexander Marguier bitte lesen auf<br \/>\n<a href=\"https:\/\/www.cicero.de\/innenpolitik\/die-nachste-cicero-ausgabe-erscheint-am-31-mai-kernschmelze\">https:\/\/www.cicero.de\/innenpolitik\/die-nachste-cicero-ausgabe-erscheint-am-31-mai-kernschmelze<\/a><br \/>\n.<br \/>\n.<br \/>\n<strong>(3) \u201eHabecks Geheimakten\u201c<\/strong><br \/>\n<strong>\u00dcber die Gr\u00fcnen.<\/strong><br \/>\nCicero hat gerade ein ganz gro\u00dfes Ding, die haben gegen Habeck und sein Ministerium und deren erbitterten Widerstand die Herausgabe von Akten zur Einsicht eingeklagt (Respekt!) und darin harte Dinge gefunden: Habecks Geheimakten \u2013 Wie die Gr\u00fcnen beim Atomausstieg get\u00e4uscht haben <a href=\"https:\/\/www.cicero.de\/innenpolitik\/robert-habeck-akten-atomkraftwerke-kernkraftwerke-klage-akw-laufzeit-atomausstieg\">https:\/\/www.cicero.de\/innenpolitik\/robert-habeck-akten-atomkraftwerke-kernkraftwerke-klage-akw-laufzeit-atomausstieg<\/a> Leider ist der Artikel hinter Paywall. Ich h\u00e4tte ja nicht grunds\u00e4tzlich etwas gegen bezahlte Artikel, und w\u00fcrde daf\u00fcr auch zahlen, schlie\u00dflich hatten sie ja auch Kosten und Aufwand. Aber ich goutiere und f\u00f6rdere es nicht, dass so etwas immer mit einem Abo verbunden ist. Ich bezahle ja auch gerne f\u00fcr ein Eis, wenn ich eines esse, aber schlie\u00dfe daf\u00fcr keinen Leasingvertrag \u00fcber die ganze Kuh ab.<br \/>\nFOCUS schreibt, wie so oft, offen zug\u00e4nglich daraus ab. <a href=\"https:\/\/www.focus.de\/finanzen\/laufzeitverlaengerung-ist-abzulehnen-habecks-geheime-atom-akten-wie-gruene-ideologen-unsere-energiepolitik-bestimmen_id_259886406.html\">https:\/\/www.focus.de\/finanzen\/laufzeitverlaengerung-ist-abzulehnen-habecks-geheime-atom-akten-wie-gruene-ideologen-unsere-energiepolitik-bestimmen_id_259886406.html<\/a><br \/>\n.<br \/>\n&#8230;. Alles vom 25.4.2024 bitte lesen auf<br \/>\n<a href=\"https:\/\/www.danisch.de\/blog\/2024\/04\/25\/habecks-geheimakten\/\">https:\/\/www.danisch.de\/blog\/2024\/04\/25\/habecks-geheimakten\/<\/a><\/p>\n<p>&nbsp;<\/p>\n","protected":false},"excerpt":{"rendered":"<p>Die Auswertung der von Cicero freigeklagten Geheimakten zum Atomausstieg von Robert Habeck beweist, da\u00df dubiose Netzwerke der Gr\u00fcnen bei der Entscheidung \u00fcber die Laufzeitverl\u00e4ngerung von deutschen Kernkraftwerken getrickst haben. Kritik und unpassende Gutachten wurden ignoriert.<\/p>\n","protected":false},"author":2,"featured_media":0,"comment_status":"open","ping_status":"closed","sticky":false,"template":"","format":"standard","meta":{"footnotes":""},"categories":[164,5,80],"tags":[640,163,239,492],"class_list":["post-123565","post","type-post","status-publish","format-standard","hentry","category-akw","category-energie","category-medien","tag-akw-2","tag-atomkraft","tag-energiesparen","tag-korrupt"],"_links":{"self":[{"href":"https:\/\/www.freiburg-schwarzwald.de\/blog\/wp-json\/wp\/v2\/posts\/123565","targetHints":{"allow":["GET"]}}],"collection":[{"href":"https:\/\/www.freiburg-schwarzwald.de\/blog\/wp-json\/wp\/v2\/posts"}],"about":[{"href":"https:\/\/www.freiburg-schwarzwald.de\/blog\/wp-json\/wp\/v2\/types\/post"}],"author":[{"embeddable":true,"href":"https:\/\/www.freiburg-schwarzwald.de\/blog\/wp-json\/wp\/v2\/users\/2"}],"replies":[{"embeddable":true,"href":"https:\/\/www.freiburg-schwarzwald.de\/blog\/wp-json\/wp\/v2\/comments?post=123565"}],"version-history":[{"count":3,"href":"https:\/\/www.freiburg-schwarzwald.de\/blog\/wp-json\/wp\/v2\/posts\/123565\/revisions"}],"predecessor-version":[{"id":123568,"href":"https:\/\/www.freiburg-schwarzwald.de\/blog\/wp-json\/wp\/v2\/posts\/123565\/revisions\/123568"}],"wp:attachment":[{"href":"https:\/\/www.freiburg-schwarzwald.de\/blog\/wp-json\/wp\/v2\/media?parent=123565"}],"wp:term":[{"taxonomy":"category","embeddable":true,"href":"https:\/\/www.freiburg-schwarzwald.de\/blog\/wp-json\/wp\/v2\/categories?post=123565"},{"taxonomy":"post_tag","embeddable":true,"href":"https:\/\/www.freiburg-schwarzwald.de\/blog\/wp-json\/wp\/v2\/tags?post=123565"}],"curies":[{"name":"wp","href":"https:\/\/api.w.org\/{rel}","templated":true}]}}