{"id":123137,"date":"2024-04-28T20:57:02","date_gmt":"2024-04-28T18:57:02","guid":{"rendered":"https:\/\/www.freiburg-schwarzwald.de\/blog\/?p=123137"},"modified":"2024-04-30T09:30:38","modified_gmt":"2024-04-30T07:30:38","slug":"konservativ-muslime-deutschehe","status":"publish","type":"post","link":"https:\/\/www.freiburg-schwarzwald.de\/blog\/konservativ-muslime-deutschehe\/","title":{"rendered":"konservativ: Muslime &#8211; Deutsche"},"content":{"rendered":"<p>Immer h\u00e4ufiger wird man in den <a href=\"https:\/\/www.freiburg-schwarzwald.de\/blog\/kultur\/medien\/social-media\/\">Social Media<\/a> von gl\u00e4ubigen <a href=\"https:\/\/www.freiburg-schwarzwald.de\/blog\/global\/integration\/muslime\/\">Muslimen<\/a> mit einer Argumentationskette konfrontiert, die erstaunen mag oder auch nicht. Sie f\u00fchrt Anh\u00e4nger des <a href=\"https:\/\/www.freiburg-schwarzwald.de\/blog\/religion\/islam\/islam-konservative\/\">konservativen Islam<\/a> und deutsche <a href=\"https:\/\/www.freiburg-schwarzwald.de\/blog\/engagement\/zukunft\/demokratie\/konservatismus\/\">Konservative<\/a> zusammen. Hierzu nun der folgende\u00a0 imagin\u00e4re Monolog eines konservativen Muslims:<br \/>\n<!--more--><br \/>\n&#8222;Wir gl\u00e4ubigen Muslime, die einem gem\u00e4\u00dfigten und konservativen Islam leben, aber weder dem <a href=\"https:\/\/www.freiburg-schwarzwald.de\/blog\/religion\/islam\/islam-politik\/\">politischen Islam<\/a> noch dem <a href=\"https:\/\/www.freiburg-schwarzwald.de\/blog\/religion\/islam\/islamismus\/\">Islamismus<\/a> anh\u00e4ngen, halten wenig von <a href=\"https:\/\/www.freiburg-schwarzwald.de\/blog\/global\/migration\/kontrollierte-grenzen\/\">unkontrollierten Grenzen<\/a> und <a href=\"https:\/\/www.freiburg-schwarzwald.de\/blog\/selbsthilfe\/soziales\/arbeit\/buergergeld\/\">B\u00fcrgergeld<\/a>. Diese werden von der linksgr\u00fcnen <a href=\"https:\/\/www.freiburg-schwarzwald.de\/blog\/engagement\/zukunft\/demokratie\/ampel\/\">Ampel<\/a> und der nach links abgedrifteten CDU propagiert in der Hoffnung, wir Migranten werden uns daf\u00fcr bei der n\u00e4chsten Wahl durch unsere Stimmabgabe bedanken. Das B\u00fcrgergeld wird inzwischen ja als Migrantengeld bezeichnet, da \u00fcber zwei Drittel der Gelder an Ausl\u00e4nder flie\u00dfen.<br \/>\n.<br \/>\nNein, nach Deutschland als Land in der Mitte Europas gelangen wir mit etwas Verstand auch \u00fcber geschlossene Grenzen hinweg. Schlie\u00dflich hat <a href=\"https:\/\/www.freiburg-schwarzwald.de\/blog\/global\/deutschland\/merkel-deutschland\/\">Merkel<\/a> ja festgestellt, da\u00df D seine langen Grenzen gar nicht sch\u00fctzen k\u00f6nne. Zudem gelangen \u00fcber den <a href=\"https:\/\/www.freiburg-schwarzwald.de\/blog\/global\/migration\/familiennachzug\/\">Familiennachzug<\/a> allj\u00e4hrlich Tausende von Muslimen legal per Flugzeug nach Deutschland. Und da\u00df der Islam hierzulande weiter zunimmt, das erreichen wir nicht nur durch Zuwanderung, sondern vor allem durch den Kinderreichtum unserer Frauen bzw. Familien.<br \/>\n.<br \/>\nWenn Linksgr\u00fcn die Wirtschaft \u00fcber <a href=\"https:\/\/www.freiburg-schwarzwald.de\/blog\/natur\/klima\/transformation\/\">Transformation<\/a> und <a href=\"https:\/\/www.freiburg-schwarzwald.de\/blog\/business\/industrie\/deindustrialisierung\/\">Deindustrialisierun<\/a>g bzw. in der folge \u00fcber Rezession und Schrumpfung (Habeck&#8217;s 0,2% Wachstum sind Wunschdenken) in den Ruin getrieben haben wird, dann ist f\u00fcrs B\u00fcrgergeld kein Geld mehr da. Dann gehen die Transferbezieher entweder zum Strassenkampf \u00fcber oder sie wandern aus. Deshalb halten wir konservative Muslime vom extrem hohen B\u00fcrgergeld nichts, sondern viel von Nobelpreistr\u00e4ger <a href=\"https:\/\/www.freiburg-schwarzwald.de\/blog\/sozialstaat-oder-migration\/\">Milton Friedman&#8217;s<\/a> Aussage &#8222;Entweder Migration oder Sozialstaat, aber nicht beides&#8220;. Und wir sind f\u00fcr Migration.<br \/>\n.<br \/>\nWir Muslime wenden uns auch gegen das linke Ged\u00f6ns von <a href=\"https:\/\/www.freiburg-schwarzwald.de\/blog\/selbsthilfe\/frauen\/gender\/\">Gender-Gaga<\/a> sowie Trans und arbeiten weiter gerne mit f\u00fcr einen erfolgreichen deutschen Industriestandort.<\/p>\n<p>Ja, wir gl\u00e4ubigen Muslime geben den Parteien der konservativen politischen Rechten unsere Stimme, da diese die Volkswirtschaft auf Wachstumskurs bringen und die individuelle Freiheit der B\u00fcrger st\u00e4rken. Denn von einer prosperierenden Wirtschaft profitieren unsere <a href=\"https:\/\/www.freiburg-schwarzwald.de\/blog\/religion\/islam\/moscheen\/\">Moscheegemeinden<\/a>. Und in Freiheit und ohne G\u00e4ngelung wollen unsere Gemeindemitglieder in ihren Familien leben und sich im \u00f6ffentlichen Raum bewegen k\u00f6nnen.<br \/>\nIn ein paar Jahren, wenn die Muslime in Deutschland <a href=\"https:\/\/www.freiburg-schwarzwald.de\/blog\/global\/integration\/muslime\/muslime-anzahl\/\">die Mehrheit stellen<\/a>, dann k\u00f6nnen wir hier &#8222;gut und gerne leben&#8220; (CDU 2017), und zwar &#8222;im besten Deutschland, das es jemals gegeben hat\u201d (Steinmeier, 2020). Bereits heute ist in Frankfurt am Main der Islam die gr\u00f6\u00dfte religi\u00f6se Bev\u00f6lkerungsgruppe.<\/p>\n<p>Deutsche Konservative und eingewanderte islamische Konservative sollten sich zusammentun. &#8222;Statt sich in unwahrscheinlichen Deislamisierungs- und Remigrationsvorhaben oder \u00fcberholten Integrationsdebatten zu verhaken, st\u00fcnde es deutschen Konservativen besser zu Gesicht, mit den Realit\u00e4ten zu rechnen und daraus Kapital zu schlagen. Eine konstruktive <a href=\"https:\/\/www.freiburg-schwarzwald.de\/blog\/religion\/islam\/islam-konservative\/\">Zusammenarbeit mit Moslems<\/a> zu forcieren hei\u00dft nicht, sich anzugleichen oder sich selbst aufzugeben.&#8220;<br \/>\n.<br \/>\nWir konservative Muslime haben seit den 1950-er Jahren an einem wirtschaftlich starken Deutschland mitgearbeitet. Und wir setzen uns weiterhin daf\u00fcr ein. Zudem stehen wir ein f\u00fcr ein friedliches Miteinander mit allen hier lebenden Nicht-Muslimen. Wir sind offen f\u00fcr eine Zusammenarbeit mit konservativen Deutschen.&#8220;<br \/>\n.<br \/>\nSo weit der imagin\u00e4re Monolog.<br \/>\nKonservative Muslime und konservative Nicht-Muslime zeichnet eine Gemeinsamkeit aus: Beide konservative Gruppierungen geh\u00f6ren der in Deutschland \u00fcberaus (ohn-)m\u00e4chtigen Fraktion der &#8222;<a href=\"https:\/\/www.freiburg-schwarzwald.de\/blog\/kultur\/kulturkampf\/migranten-deutsche\/\">Schweigenden Mehrheit<\/a>&#8220; (Elisabeth Noelle-Neumann, Demoskopie Allensbach am Bodensee) an. M\u00f6gen die Schweigenden doch endlich ihr Schweigen brechen. Dem Inneren Frieden im Land zuliebe.<br \/>\n28.4.2024<\/p>\n","protected":false},"excerpt":{"rendered":"<p>Immer h\u00e4ufiger wird man in den Social Media von gl\u00e4ubigen Muslimen mit einer Argumentationskette konfrontiert, die erstaunen mag oder auch nicht. Sie f\u00fchrt Anh\u00e4nger des konservativen Islam und deutsche Konservative zusammen. Hierzu nun der folgende\u00a0 imagin\u00e4re Monolog eines konservativen Muslims:<\/p>\n","protected":false},"author":2,"featured_media":0,"comment_status":"open","ping_status":"closed","sticky":false,"template":"","format":"standard","meta":{"footnotes":""},"categories":[18,52,36,155,13,19],"tags":[775,749,421,525,780],"class_list":["post-123137","post","type-post","status-publish","format-standard","hentry","category-bildung","category-einewelt","category-engagement","category-integration","category-kultur","category-religion","tag-christ","tag-diskussionskultur","tag-islam","tag-politik","tag-rechts"],"_links":{"self":[{"href":"https:\/\/www.freiburg-schwarzwald.de\/blog\/wp-json\/wp\/v2\/posts\/123137","targetHints":{"allow":["GET"]}}],"collection":[{"href":"https:\/\/www.freiburg-schwarzwald.de\/blog\/wp-json\/wp\/v2\/posts"}],"about":[{"href":"https:\/\/www.freiburg-schwarzwald.de\/blog\/wp-json\/wp\/v2\/types\/post"}],"author":[{"embeddable":true,"href":"https:\/\/www.freiburg-schwarzwald.de\/blog\/wp-json\/wp\/v2\/users\/2"}],"replies":[{"embeddable":true,"href":"https:\/\/www.freiburg-schwarzwald.de\/blog\/wp-json\/wp\/v2\/comments?post=123137"}],"version-history":[{"count":5,"href":"https:\/\/www.freiburg-schwarzwald.de\/blog\/wp-json\/wp\/v2\/posts\/123137\/revisions"}],"predecessor-version":[{"id":123151,"href":"https:\/\/www.freiburg-schwarzwald.de\/blog\/wp-json\/wp\/v2\/posts\/123137\/revisions\/123151"}],"wp:attachment":[{"href":"https:\/\/www.freiburg-schwarzwald.de\/blog\/wp-json\/wp\/v2\/media?parent=123137"}],"wp:term":[{"taxonomy":"category","embeddable":true,"href":"https:\/\/www.freiburg-schwarzwald.de\/blog\/wp-json\/wp\/v2\/categories?post=123137"},{"taxonomy":"post_tag","embeddable":true,"href":"https:\/\/www.freiburg-schwarzwald.de\/blog\/wp-json\/wp\/v2\/tags?post=123137"}],"curies":[{"name":"wp","href":"https:\/\/api.w.org\/{rel}","templated":true}]}}