{"id":123091,"date":"2024-04-27T20:18:29","date_gmt":"2024-04-27T18:18:29","guid":{"rendered":"https:\/\/www.freiburg-schwarzwald.de\/blog\/?p=123091"},"modified":"2024-04-29T20:01:59","modified_gmt":"2024-04-29T18:01:59","slug":"jugend-deutschland-rechtsruck","status":"publish","type":"post","link":"https:\/\/www.freiburg-schwarzwald.de\/blog\/jugend-deutschland-rechtsruck\/","title":{"rendered":"Jugend Deutschland: Rechtsruck"},"content":{"rendered":"<p>Bislang hie\u00df es immer, die Jugend der <a href=\"https:\/\/www.freiburg-schwarzwald.de\/blog\/generation-z-anpassung\/\">Generation Z<\/a> w\u00e4hle gr\u00fcn und links. Dies hat sich gewandelt. Laut der aktuellen Studie &#8222;Jugend in Deutschland 2024&#8220; sind die rechten <a href=\"https:\/\/www.freiburg-schwarzwald.de\/blog\/engagement\/zukunft\/demokratie\/parteienstaat\/\">Parteien<\/a> bei den 14- bis 29-J\u00e4hrigen vorne: Die <a href=\"https:\/\/www.freiburg-schwarzwald.de\/blog\/vereine\/partei\/afd\/afd-opposition\/\">AfD<\/a> setzte sich mit 22 % an die Spitze, eine gro\u00dfe Steigerung von 7 % in 2022.<!--more--><br \/>\nAfD 22 % (2024), 7 % (2022)<br \/>\nCDU 20%, 16 %<br \/>\nGr\u00fcne 18 %, 27 %<br \/>\nSPD 12 % , 14 %<br \/>\nFDP 8% , 19 %<br \/>\nDer <a href=\"https:\/\/www.freiburg-schwarzwald.de\/blog\/engagement\/zukunft\/demokratie\/rechts\/rechtsruck\/\">Rechtsruck<\/a> ist besonders im Hinblick auf die <a href=\"https:\/\/www.freiburg-schwarzwald.de\/blog\/global\/eu\/europawahl2024\/\">Europawahlen am 9. Juni 2024<\/a> von Bedeutung, an der bereits die 16-J\u00e4hrigen wahlberechtigt sind.<\/p>\n<p>Zustimmung zu <a href=\"https:\/\/www.freiburg-schwarzwald.de\/blog\/engagement\/zukunft\/demokratie\/rechts\/rechts-links\/\">Links<\/a> oder Rechts erfolgt in einer Art von Wellenbewegungen. Nun k\u00f6nnte man meinen, nach einer so langen Zeit der Links-Hausse gerade bei der Jugend sei nun eben eine Gegenbewegung nach Rechts an der Reihe. Doch dies greift zu kurz. Die Gr\u00fcnde sind vielschichtig:<br \/>\nAnscheinend habe viele Jugendliche erkannt, da\u00df immer mehr <a href=\"https:\/\/www.freiburg-schwarzwald.de\/blog\/natur\/klima\/klimanotstand\/\">Klimarettung<\/a> bzw. Lebensgrundhaltungkosten und immer mehr Migration bzw. <a href=\"https:\/\/www.freiburg-schwarzwald.de\/blog\/selbsthilfe\/soziales\/justiz\/messerstecher\/\">Messerstechereien<\/a> doch nicht als Perspektive ihrer Zukunft taugen. Da setzt die AfD andere Schwerpunkte (2).<br \/>\nDie Jugendlichen wissen, wer auf Demos st\u00e4ndig &#8222;Juden ins Gas&#8220; br\u00fcllt&#8220; und wer Gleichaltrige wegen ihrer Andersartigkeit verpr\u00fcgelt. Und sie haben &#8222;1984&#8220; und &#8222;Die Welle&#8220; nicht nur gelesen, sondern auch verstanden. Und sie erleben tagt\u00e4glich in der Schule ungesch\u00fctzt Islam-Gehabe und Clan-Strukturen.<\/p>\n<p>Zudem wird laut Studie der Dauerkrisenmodus auch durch die t\u00e4gliche Bildschirmzeit am Smartphone und den digitalen \u00dcberkonsum beeinflu\u00dft (1).<br \/>\nRechtspopulistischen (Populismus im guten Sinne des Wortes) Aussagen erfahren deutliche Zustimmung von der Jugend (3):<br \/>\n&#8222;Der Staat k\u00fcmmert sich mehr um Fl\u00fcchtlinge als um hilfsbed\u00fcrftige Deutsche. (51 Prozent Zustimmung, 24 Prozent Ablehnung).<br \/>\nIn Deutschland darf man nichts Schlechtes \u00fcber Ausl\u00e4nder sagen, ohne gleich als Rassist beschimpft zu werden (53 Prozent Zustimmung, 22 Prozent Ablehnung).<br \/>\nIch finde es gut, dass Deutschland viele Fl\u00fcchtlinge aufnimmt (26 Prozent Zustimmung, 51 Prozent Ablehnung)&#8220;.<br \/>\nInteressant ist, da\u00df es keinerlei Unterschiede gibt in den Aussagen, ob Jugendliche einen <a href=\"https:\/\/www.freiburg-schwarzwald.de\/blog\/global\/migration\/migrationshintergrund\/\">Migrationshintergrund<\/a> haben oder nicht.<br \/>\n27.4.2024<br \/>\n.<br \/>\nEnde von Beitrag &#8222;Jugend in Deutschland: Rechtsruck&#8220;<br \/>\n===========================================================<br \/>\nBeginn von Anlagen (1) &#8211; (3)<br \/>\n.<\/p>\n<p><strong>(1) Trendstudie: &#8222;Jugend in Deutschland 2024&#8220;<\/strong><br \/>\nDie Trendstudie \u201cJugend in Deutschland 2024: Verantwortung f\u00fcr die Zukunft? Ja, aber\u201c pr\u00e4sentiert Einstellungen, Trends und Perspektiven der 14- bis 29-J\u00e4hrigen (auch Generation Z genannt) in Deutschland.<br \/>\n&#8230;.<br \/>\n\u201eDie Studienergebnisse belegen auch, dass digitaler \u00dcberkonsum die Psyche ma\u00dfgeblich beeinflusst: Jugendliche mit einer hohen t\u00e4glichen Bildschirmzeit am Smartphone haben nach eigenen Angaben deutlich st\u00e4rker mit psychischen Belastungen zu k\u00e4mpfen.\u201c Der Aussage: \u201eIch benutze das Smartphone viel mehr, als es mir lieb ist\u201c stimmten 53 Prozent zu, knapp mehr als die H\u00e4lfte.<br \/>\n&#8230;. Alles vom 23.4.2024 bitte lesen auf<br \/>\n<a href=\"https:\/\/simon-schnetzer.com\/trendstudie-jugend-in-deutschland-2024\/\">https:\/\/simon-schnetzer.com\/trendstudie-jugend-in-deutschland-2024\/<\/a><br \/>\n,<\/p>\n<p><strong>(2) Die Jugend schwenkt pl\u00f6tzlich zur AfD: \u201eSpaltend ist nicht nur das Thema Fl\u00fcchtlinge\u201c<\/strong><br \/>\nEine Studie sieht einen \u201eRechtsruck\u201c unter Jugendlichen. Im Interview sagt einer der Autoren (Simon Schnetzer), was das mit Migration zu tun hat \u2013 und verr\u00e4t neue Details zu Ost und West.<br \/>\n&#8230;<br \/>\nWoran machen Sie den Rechtsruck in der Jugend fest?<br \/>\nEr zeigt sich konkret in den Zustimmungswerten f\u00fcr die AfD. Sie haben sich seit unserer letzten Erhebung vor einem Jahr fast verdoppelt, von 10 auf 22 Prozent. Damit ist die AfD die beliebteste Partei in der Jugend. Das ist ein sehr klares Signal f\u00fcr einen Rechtsruck. Dar\u00fcber hinaus haben wir aus der Shell Jugendstudie von 2019 Aussagen f\u00fcr rechtspopulistische Einstellungen \u00fcbernommen. \u201eDer Staat k\u00fcmmert sich mehr um Fl\u00fcchtlinge als um hilfsbed\u00fcrftige Deutsche\u201c ist eine davon. Dem stimmen aktuell \u00fcber 50 Prozent ganz oder eher zu.<br \/>\nWelche Bedeutung hat das Gef\u00fchl von Zugeh\u00f6rigkeit f\u00fcr junge Menschen?<br \/>\nEs ist entscheidend f\u00fcr die Identit\u00e4t, ein Teil der Pers\u00f6nlichkeitsentwicklung. Junge Menschen wollen herausfinden, wer sie sind und sein wollen. Mit wem sie sich umgeben wollen. Fr\u00fcher sind viele junge Leute nach Berlin gegangen, weil sie meinten, in ihrem Dorf k\u00f6nnten sie nicht so sein, wie sie gerne w\u00e4ren. Das hat sich etwas abgeschw\u00e4cht, auch dank Smartphones und Social Media. Ein Zusammengeh\u00f6rigkeitsgef\u00fchl kann bis zu einem gewissen Punkt digital entstehen. Fr\u00fchere Befragungen zeigten aber, dass f\u00fcr Identit\u00e4t vor allem ein Gef\u00fchl von Heimat wichtig ist.<br \/>\nDie AfD scheint genau dieses Zugeh\u00f6rigkeitsgef\u00fchl erzeugen zu wollen; zu einer sprachlichen, kulturellen, aber auch historischen Gemeinschaft. Verf\u00e4ngt das bei der Jugend?<br \/>\nDas ist so leicht nicht zu beantworten. Der Wunsch, sich zugeh\u00f6rig f\u00fchlen zu wollen oder abzugrenzen, wird jedenfalls st\u00e4rker, wenn man sich bedroht f\u00fchlt. Durch Fl\u00fcchtlingsstr\u00f6me etwa. Das k\u00f6nnen auch Menschen versp\u00fcren, die vor Jahren nach Deutschland eingewandert sind. Bedrohungen oder gesch\u00fcrte \u00c4ngste wirken mitunter identit\u00e4tsstiftend.<br \/>\n&#8230; Alles vom 26.4.2024 bitte lesen auf<br \/>\n<a href=\"https:\/\/www.berliner-zeitung.de\/politik-gesellschaft\/afd-staerkste-partei-bei-jugend-spaltend-nicht-nur-fluechtlinge-li.2209047\">https:\/\/www.berliner-zeitung.de\/politik-gesellschaft\/afd-staerkste-partei-bei-jugend-spaltend-nicht-nur-fluechtlinge-li.2209047<\/a><br \/>\n.<br \/>\n<a href=\"https:\/\/www.berliner-zeitung.de\/news\/zum-stimmungstief-gesellt-sich-rechtsruck-junge-generation-wendet-sich-afd-zu-li.2208570\">https:\/\/www.berliner-zeitung.de\/news\/zum-stimmungstief-gesellt-sich-rechtsruck-junge-generation-wendet-sich-afd-zu-li.2208570<\/a><br \/>\n.<br \/>\n.<br \/>\n<strong>(3) Jugendstudie 2024: AfD ist die beliebteste Partei der Gen-Z in Deutschland<\/strong><br \/>\nDass die Gen Z in Deutschland sich psychisch belastet f\u00fchlt und zunehmend Angst vor Krieg und Inflation hat, ist bekannt. Doch wie die Studie &#8222;Jugend in Deutschland 2024&#8220; aktuell zeigt, haben diese \u00c4ngste auch politische Konsequenzen. Die beliebteste Partei der 14- bis 29-J\u00e4hrigen ist inzwischen \u2026? Die AfD.<br \/>\n&#8230;<br \/>\nZum einen besetzt die AfD also die Kan\u00e4le, auf denen sich die Gen Z vorrangig informiert. Zum Anderen besetzt sie aber auch die Themen, die junge Menschen umtreibt.<br \/>\nDie Studie zeigt: Die Gen Z hat in erster Linie Angst um ihre wirtschaftliche Zukunft und ihre Sicherheit. Als gr\u00f6\u00dfte Sorge wird die Inflation angegeben (65 Prozent), dahinter Krieg (60 Prozent) und knapper Wohnraum (54 Prozent).<br \/>\n&#8230;<br \/>\nZusammengefasst stimmte also mehr als jede:r Zweite &#8222;politisch konservativen, zuwanderungs- und ausl\u00e4nderfeindlichen Aussagen&#8220; zu, res\u00fcmieren die Autoren. Schnetzer erg\u00e4nzt: <em><strong>&#8222;Die Angst vor der Zunahme von Fl\u00fcchtlingsstr\u00f6men waberte die vergangenen Jahre bei um die 20 Prozent. Dieser Wert hat sich im letzten Jahr auf 40 Prozent verdoppelt. Dieser Angst muss sich die Regierung unbedingt stellen.&#8220;<\/strong><\/em><br \/>\nInteressant: Der eigene Migrationshintergrund hatte kaum Auswirkungen auf das Thema. Deutsche mit Migrationshintergrund teilten dieselbe Angst vor zu vielen Fl\u00fcchtlingen wie Jugendliche ohne Migrationshintergrund.<br \/>\n&#8230; Alles vom 23.4.2024 bitte lesen auf<br \/>\n<a href=\"https:\/\/www.watson.de\/leben\/analyse\/615806445-jugendstudie-2024-afd-ist-beliebteste-partei-bei-der-gen-z-in-deutschland\">https:\/\/www.watson.de\/leben\/analyse\/615806445-jugendstudie-2024-afd-ist-beliebteste-partei-bei-der-gen-z-in-deutschland<\/a><\/p>\n","protected":false},"excerpt":{"rendered":"<p>Bislang hie\u00df es immer, die Jugend der Generation Z w\u00e4hle gr\u00fcn und links. Dies hat sich gewandelt. Laut der aktuellen Studie &#8222;Jugend in Deutschland 2024&#8220; sind die rechten Parteien bei den 14- bis 29-J\u00e4hrigen vorne: Die AfD setzte sich mit &hellip; <a href=\"https:\/\/www.freiburg-schwarzwald.de\/blog\/jugend-deutschland-rechtsruck\/\">Weiterlesen <span class=\"meta-nav\">&rarr;<\/span><\/a><\/p>\n","protected":false},"author":2,"featured_media":0,"comment_status":"open","ping_status":"closed","sticky":false,"template":"","format":"standard","meta":{"footnotes":""},"categories":[18,181,36,155,60,9,172],"tags":[633,568,649,525,780],"class_list":["post-123091","post","type-post","status-publish","format-standard","hentry","category-bildung","category-buergerbeteiligung","category-engagement","category-integration","category-jugend","category-soziales","category-zukunft","tag-demokratie","tag-jugend-2","tag-links","tag-politik","tag-rechts"],"_links":{"self":[{"href":"https:\/\/www.freiburg-schwarzwald.de\/blog\/wp-json\/wp\/v2\/posts\/123091","targetHints":{"allow":["GET"]}}],"collection":[{"href":"https:\/\/www.freiburg-schwarzwald.de\/blog\/wp-json\/wp\/v2\/posts"}],"about":[{"href":"https:\/\/www.freiburg-schwarzwald.de\/blog\/wp-json\/wp\/v2\/types\/post"}],"author":[{"embeddable":true,"href":"https:\/\/www.freiburg-schwarzwald.de\/blog\/wp-json\/wp\/v2\/users\/2"}],"replies":[{"embeddable":true,"href":"https:\/\/www.freiburg-schwarzwald.de\/blog\/wp-json\/wp\/v2\/comments?post=123091"}],"version-history":[{"count":4,"href":"https:\/\/www.freiburg-schwarzwald.de\/blog\/wp-json\/wp\/v2\/posts\/123091\/revisions"}],"predecessor-version":[{"id":123134,"href":"https:\/\/www.freiburg-schwarzwald.de\/blog\/wp-json\/wp\/v2\/posts\/123091\/revisions\/123134"}],"wp:attachment":[{"href":"https:\/\/www.freiburg-schwarzwald.de\/blog\/wp-json\/wp\/v2\/media?parent=123091"}],"wp:term":[{"taxonomy":"category","embeddable":true,"href":"https:\/\/www.freiburg-schwarzwald.de\/blog\/wp-json\/wp\/v2\/categories?post=123091"},{"taxonomy":"post_tag","embeddable":true,"href":"https:\/\/www.freiburg-schwarzwald.de\/blog\/wp-json\/wp\/v2\/tags?post=123091"}],"curies":[{"name":"wp","href":"https:\/\/api.w.org\/{rel}","templated":true}]}}