{"id":12273,"date":"2012-10-04T12:28:03","date_gmt":"2012-10-04T10:28:03","guid":{"rendered":"https:\/\/www.freiburg-schwarzwald.de\/blog\/?p=12273"},"modified":"2012-11-20T09:38:33","modified_gmt":"2012-11-20T08:38:33","slug":"mariahilf-verkauft-an-unmuessig","status":"publish","type":"post","link":"https:\/\/www.freiburg-schwarzwald.de\/blog\/mariahilf-verkauft-an-unmuessig\/","title":{"rendered":"Mariahilf verkauft an Unmuessig"},"content":{"rendered":"<p>Der <a title=\"Katholisch\" href=\"https:\/\/www.freiburg-schwarzwald.de\/blog\/religion\/katholisch\/\">katholische<\/a> Kirchenfonds <a title=\"Maria-Hilf\" href=\"https:\/\/www.freiburg-schwarzwald.de\/blog\/religion\/kirchen\/maria-hilf\/\">Maria Hilf <\/a>hat das ca 3000 Quadratmeter gro\u00dfes Grundst\u00fcck zwischen Zasiusstra\u00dfe und Mariahilf-Kirche bzw. Sch\u00fctzenallee in der <a title=\"Quartier\" href=\"https:\/\/www.freiburg-schwarzwald.de\/blog\/business\/dienste\/immobilien\/quartier\/\">Wiehre<\/a> an den Freiburger <a title=\"Immobilien\" href=\"https:\/\/www.freiburg-schwarzwald.de\/blog\/business\/dienste\/immobilien\/\">Immobilien<\/a>-Projektentwickler Peter Unm\u00fcssig verkauft. Dem hat der Pfarrgemeinderat (PGR)\u00a0am Montagabend 1.20.2012 in nicht-\u00f6ffentlicher Sitzung zugestimmt.\u00a0Die CDU Mittelwiehre will\u00a0den Saal erhalten, so Vors Dirk Blens am 4.10.2012:\u00a0&#8222;Der Maria-Hilf-Saal ist f\u00fcr die B\u00fcrger in der Wiehre schon seit vielen Generationen ein wichtiger sozialer Treffpunkt&#8220;. <!--more--><br \/>\nDer Mediator\u00a0Winfried Schwatlo\u00a0aus M\u00fcnchen will ein Internetblog einrichten: &#8222;Das Hauptproblem bei schwierigen Beschl\u00fcssen, bei denen es um konkurrierende Schutzg\u00fcter geht, ist fast immer die Offenlegung und Nachvollziehbarkeit der Entscheidungswege&#8220;. <a title=\"\" href=\"https:\/\/www.mariahilf-wiehre.de\/\" target=\"_blank\">https:\/\/www.mariahilf-wiehre.de<\/a>,\u00a0<a title=\"\" href=\"mailto:zukunft@mariahilf-wiehre.de\" target=\"_blank\">zukunft@mariahilf-wiehre.de<\/a>.<\/p>\n<p>&nbsp;<\/p>\n<p>Essenstreff im Mariahilf-Saal<br \/>\n<a href=\"https:\/\/www.freiburg-schwarzwald.de\/littenweiler\/essenstreff.htm\">https:\/\/www.freiburg-schwarzwald.de\/littenweiler\/essenstreff.htm<\/a>\u00a0<\/p>\n<div id='gallery-1' class='gallery galleryid-12273 gallery-columns-3 gallery-size-thumbnail'><dl class='gallery-item'>\n\t\t\t<dt class='gallery-icon landscape'>\n\t\t\t\t<a href='https:\/\/www.freiburg-schwarzwald.de\/blog\/mariahilf-verkauft-an-unmuessig\/essenstreff2-071226\/'><img loading=\"lazy\" decoding=\"async\" width=\"180\" height=\"135\" src=\"https:\/\/www.freiburg-schwarzwald.de\/blog\/wp-content\/uploads\/2012\/10\/essenstreff2-071226-180x135.jpg\" class=\"attachment-thumbnail size-thumbnail\" alt=\"\" srcset=\"https:\/\/www.freiburg-schwarzwald.de\/blog\/wp-content\/uploads\/2012\/10\/essenstreff2-071226-180x135.jpg 180w, https:\/\/www.freiburg-schwarzwald.de\/blog\/wp-content\/uploads\/2012\/10\/essenstreff2-071226.jpg 640w\" sizes=\"auto, (max-width: 180px) 100vw, 180px\" \/><\/a>\n\t\t\t<\/dt><\/dl><dl class='gallery-item'>\n\t\t\t<dt class='gallery-icon landscape'>\n\t\t\t\t<a href='https:\/\/www.freiburg-schwarzwald.de\/blog\/mariahilf-verkauft-an-unmuessig\/essenstreff1-071226\/'><img loading=\"lazy\" decoding=\"async\" width=\"180\" height=\"135\" src=\"https:\/\/www.freiburg-schwarzwald.de\/blog\/wp-content\/uploads\/2012\/10\/essenstreff1-071226-180x135.jpg\" class=\"attachment-thumbnail size-thumbnail\" alt=\"\" srcset=\"https:\/\/www.freiburg-schwarzwald.de\/blog\/wp-content\/uploads\/2012\/10\/essenstreff1-071226-180x135.jpg 180w, https:\/\/www.freiburg-schwarzwald.de\/blog\/wp-content\/uploads\/2012\/10\/essenstreff1-071226.jpg 640w\" sizes=\"auto, (max-width: 180px) 100vw, 180px\" \/><\/a>\n\t\t\t<\/dt><\/dl>\n\t\t\t<br style='clear: both' \/>\n\t\t<\/div>\n\n<div><strong>Mariahilf-Kirchenfonds will Grundst\u00fcck an Projektentwickler Unm\u00fcssig verkaufen<\/strong><br \/>\nAlles von Lars Bargmann vom 28.9.2012 bitte lesen auf<br \/>\n<a href=\"https:\/\/www.badische-zeitung.de\/freiburg\/kirchenfonds-will-grundstueck-an-projektentwickler-unmuessig-verkaufen--64132140.html\">https:\/\/www.badische-zeitung.de\/freiburg\/kirchenfonds-will-grundstueck-an-projektentwickler-unmuessig-verkaufen&#8211;64132140.html<\/a>\u00a0<\/div>\n<div>\n<p>Sehr geehrter Herr Bargmann,<br \/>\nich danke sehr f\u00fcr den gut recherchierten und entlarvenden Bericht. Ich habe nur eine Frage: Haben Sie als Immobilien-Projektentwickler denn selbst auch ein Angebot abgeben k\u00f6nnen? Wie hoch sch\u00e4tzen Sie die Chance ein, den Kollegen Unm\u00fcssig noch zu \u00fcberbieten und dann eine allseits vertr\u00e4gliche und transparent vermittelte Bebauung hinzubekommen?<br \/>\nMartin Flashar, 30.9.2012<\/p>\n<p><strong>Anwohnerinitiative &#8222;B\u00fcrger helfen Maria-Hilf&#8220;<\/strong><br \/>\nHeute abend\u00a0will sich die Anwohnerinitiative &#8222;B\u00fcrger helfen Maria-Hilf&#8220; im Nebenzimmer des Gasthauses Augustiner im Bankepeter als Verein gr\u00fcnden. Ziel: der Erhalt des Gemeindezentrums mit dem Maria-Hilf-Saal. &#8230; Die B\u00fcrger waren schneller als die Pfarrgemeinde Maria Hilf und der von ihr eingeschaltete Kommunikationsexperte Winfried Schwatlo: Der hatte vor einer Woche angek\u00fcndigt, wegen des Protests gegen den geplanten und vom Pfarrgemeinderat in nicht-\u00f6ffentlicher Sitzung bereits beschlossenen Verkauf eines Teils des Kirchengrundst\u00fccks einen B\u00fcrgerblog (<a title=\"\" href=\"https:\/\/www.mariahilf-wiehre.de\/\" target=\"_blank\">https:\/\/www.mariahilf-wiehre.de<\/a> einzurichten. W\u00e4hrend da auch gestern nur eine informationsfreie Startseite hinterlegt war, ist der Gegenblog schon inszeniert: Unter <a title=\"\" href=\"https:\/\/www.bhmhev.de\/\" target=\"_blank\">https:\/\/www.bhmhev.de<\/a> werden Interessierte \u2013 gest\u00fctzt auf die Berichte der Badischen Zeitung \u2013 informiert.<br \/>\nAlles vom 12.10.2012 bitte lesen auf<br \/>\n<a href=\"https:\/\/www.badische-zeitung.de\/freiburg\/anwohner-waren-schneller-als-die-pfarrgemeinde--64526262.html\">https:\/\/www.badische-zeitung.de\/freiburg\/anwohner-waren-schneller-als-die-pfarrgemeinde&#8211;64526262.html<\/a>\u00a0<\/p>\n<\/div>\n","protected":false},"excerpt":{"rendered":"<p>Der katholische Kirchenfonds Maria Hilf hat das ca 3000 Quadratmeter gro\u00dfes Grundst\u00fcck zwischen Zasiusstra\u00dfe und Mariahilf-Kirche bzw. Sch\u00fctzenallee in der Wiehre an den Freiburger Immobilien-Projektentwickler Peter Unm\u00fcssig verkauft. Dem hat der Pfarrgemeinderat (PGR)\u00a0am Montagabend 1.20.2012 in nicht-\u00f6ffentlicher Sitzung zugestimmt.\u00a0Die CDU &hellip; <a href=\"https:\/\/www.freiburg-schwarzwald.de\/blog\/mariahilf-verkauft-an-unmuessig\/\">Weiterlesen <span class=\"meta-nav\">&rarr;<\/span><\/a><\/p>\n","protected":false},"author":4,"featured_media":0,"comment_status":"open","ping_status":"closed","sticky":false,"template":"","format":"standard","meta":{"footnotes":""},"categories":[90,89,91],"tags":[287,167],"class_list":["post-12273","post","type-post","status-publish","format-standard","hentry","category-immobilien","category-kirchen","category-wohnen","tag-neubau","tag-quartier"],"_links":{"self":[{"href":"https:\/\/www.freiburg-schwarzwald.de\/blog\/wp-json\/wp\/v2\/posts\/12273","targetHints":{"allow":["GET"]}}],"collection":[{"href":"https:\/\/www.freiburg-schwarzwald.de\/blog\/wp-json\/wp\/v2\/posts"}],"about":[{"href":"https:\/\/www.freiburg-schwarzwald.de\/blog\/wp-json\/wp\/v2\/types\/post"}],"author":[{"embeddable":true,"href":"https:\/\/www.freiburg-schwarzwald.de\/blog\/wp-json\/wp\/v2\/users\/4"}],"replies":[{"embeddable":true,"href":"https:\/\/www.freiburg-schwarzwald.de\/blog\/wp-json\/wp\/v2\/comments?post=12273"}],"version-history":[{"count":0,"href":"https:\/\/www.freiburg-schwarzwald.de\/blog\/wp-json\/wp\/v2\/posts\/12273\/revisions"}],"wp:attachment":[{"href":"https:\/\/www.freiburg-schwarzwald.de\/blog\/wp-json\/wp\/v2\/media?parent=12273"}],"wp:term":[{"taxonomy":"category","embeddable":true,"href":"https:\/\/www.freiburg-schwarzwald.de\/blog\/wp-json\/wp\/v2\/categories?post=12273"},{"taxonomy":"post_tag","embeddable":true,"href":"https:\/\/www.freiburg-schwarzwald.de\/blog\/wp-json\/wp\/v2\/tags?post=12273"}],"curies":[{"name":"wp","href":"https:\/\/api.w.org\/{rel}","templated":true}]}}