{"id":121341,"date":"2024-03-05T15:02:32","date_gmt":"2024-03-05T14:02:32","guid":{"rendered":"https:\/\/www.freiburg-schwarzwald.de\/blog\/?p=121341"},"modified":"2024-03-10T15:02:54","modified_gmt":"2024-03-10T14:02:54","slug":"kriegslust-von-militaers-fuer-kinder","status":"publish","type":"post","link":"https:\/\/www.freiburg-schwarzwald.de\/blog\/kriegslust-von-militaers-fuer-kinder\/","title":{"rendered":"Kriegslust von Milit\u00e4rs, f\u00fcr Kinder"},"content":{"rendered":"<p>Ein Audiomitschnitt und ein Videoclip schockieren. Zum einen der Audiomitschnitt eines Gespr\u00e4chs, in dem vier hohe <a href=\"https:\/\/www.freiburg-schwarzwald.de\/blog\/engagement\/zukunft\/krieg\/bundeswehr\/\">Bundeswehroffiziere<\/a> diskutieren, wie man mit deutschen Waffen (<a href=\"https:\/\/www.freiburg-schwarzwald.de\/blog\/keine-taurus-an-die-ukraine\/\">Marschflugk\u00f6rper Taurus<\/a>) in <a href=\"https:\/\/www.freiburg-schwarzwald.de\/blog\/global\/ukraine\/ukraine-russland\/\">Russland<\/a> (z.B. Krim-Br\u00fccke, Munitionsdepots) eingreifen kann, ohne da\u00df man als deutsche Kriegsteilnehmer ertappt wird:<!--more--> <a href=\"https:\/\/www.youtube.com\/watch?v=AC93hTdtTxA\">https:\/\/www.youtube.com\/watch?v=AC93hTdtTxA<\/a>.<\/p>\n<p>Abgesehen vom Sachinhalt macht betroffen, in welchem Ton von &#8222;Leichtfertigkeit und Frivolit\u00e4t&#8220; (weltwoche.ch) \u00fcber das im wahrsten Sinn des Wortes todernste Thema eines deutschen Kriegseintritts geplaudert wird: &#8222;mega sau \u00e4rgerlich&#8220;. &#8222;Kein Show-Stopper reinknallen, sondern n\u00fcchtern auftreten\u201c. \u201eDie Br\u00fccke ist so gro\u00df wie ein Flugplatz, kann sein, da brauchen wir 10 bis 12 Taurus. Nur ein Taurus, dann machen wir nur ein Loch rein, dann stehen wir da\u201c.<br \/>\nSolche Sprachfetzen machen Angst. Denn die Kertsch-&#8222;Br\u00fccke&#8220; steht mit einigen ihrer Pfeiler auf v\u00f6lkerrechtlich-anerkannt russischem Gebiet und &#8222;wir&#8220; sind die <a href=\"https:\/\/www.freiburg-schwarzwald.de\/blog\/global\/deutschland\/deutschland-russland\/\">Deutschen<\/a>.<\/p>\n<p>Der Ton macht die Musik. Wie kann man in solch leicht beschwingten, lustigen Ton \u00fcber Krieg sprechen? Wo Milit\u00e4rs seit langem warnen vor den Folgen einer Lieferung der Taurus-Marschflugk\u00f6rper in den <a href=\"https:\/\/www.freiburg-schwarzwald.de\/blog\/global\/ukraine\/ukrainekrieg\/\">Ukrainekrieg<\/a>. So weist der Oberst a.D. Wolfgang R\u00edchter immer wieder klipp und klar darauf hin, da\u00df beim Taurus noch w\u00e4hrend des Fluges (somit ggf. auf russischem Gebiet) deutsche Daten eingespeist werden m\u00fcssen &#8211; also deutsches Milit\u00e4r in Russland (1). Und Ex-General <a href=\"https:\/\/www.freiburg-schwarzwald.de\/blog\/rettet-die-ukraine-frieden-jetzt\/\">Harald Kujat<\/a> moniert, da\u00df der Taurus &#8211; anders als die Marschflugk\u00f6rper aus F, GBR bzw. USA &#8211; mit einer Reichweite von 500 km tief in russisches Territorium eindringen kann, d.h. bis nach Moskau (2).<\/p>\n<p>Nun zum zweiten, ebenso schockierenden <a href=\"https:\/\/www.freiburg-schwarzwald.de\/blog\/kultur\/medien\/radio\/podcast\/\">Podcast<\/a>, einem Video aus dem <a href=\"https:\/\/www.freiburg-schwarzwald.de\/blog\/kultur\/medien\/gez-medien\/zdf\/\">ZDF<\/a>-Kinderformat \u201eLogo!\u201c : <a href=\"https:\/\/www.youtube.com\/watch?v=kgsVFZXnkAE\">https:\/\/www.youtube.com\/watch?v=kgsVFZXnkAE<\/a> oder <a href=\"https:\/\/twitter.com\/Critical__Cat\/status\/1763480395926913416\">https:\/\/twitter.com\/Critical__Cat\/status\/1763480395926913416<\/a><br \/>\nIn diesem Videclip plaudern die Marschflugk\u00f6rper Taurus (D), SCALP (F) und Storm Shadow (GBR) sowie der Panzer Leopard 2 (D) mit Gesichtern und Kulleraugen wie Comicfiguren \u00e0 la Miky Maus kichernd dar\u00fcber, wer wohl der bessere bzw. t\u00f6dlichere Marschflugk\u00f6rper sei. Hier Textausz\u00fcge aus dem ZDF-Video &#8211; mittels KI extrahiert (3):<\/p>\n<p><em>&#8222;Dem Olaf Scholz m\u00fcssten wir Marschflugk\u00f6rper mal ordentlich den Marsch blasen, weil er sich doch weigert, mich in die Ukraine zu liefern, wie damals bei mir, doch auf dich, Taurus.<\/em><br \/>\n<em>Die Ukrainer bekommen doch schon mich und mich, ihr wisst schon, dass ihr ein und derselbe Marschflugk\u00f6rper seid, nur halt aus unterschiedlichen L\u00e4ndern.<\/em><br \/>\n<em>Was sind die Unterschiede, die uns einzigartig machen und uns zeigen, wie besonders wir sind? Ich poste das auf jeden Fall auf Insta, schon passiert. Kein Wunder, dass die mich haben wollen, ich bin halt eindeutig der bessere Marschflugk\u00f6rper.<\/em><br \/>\n<em>Wohl eher ein Flugk\u00f6rper, wenn du nicht bald hier auftauchst, eh, an mir liegt\u2019s doch nicht, du musst doch nicht gleich in die Luft gehen. Ich bin ein Marschflugk\u00f6rper, genau das ist meine Bestimmung. Lass mich raten, du darfst deshalb nicht in die Ukraine, weil euer Kanzler wieder mal z\u00f6gert und zaudert, der German Fachbegriff daf\u00fcr ist Scholzen.<\/em><br \/>\n<em>Nein, diesmal gab\u2019s sogar eine Begr\u00fcndung, weil ich so eine krasse Reichweite habe, hatte Angst, dass ich \u00fcbers Ziel hinausschie\u00dfe und Russland treffe. Und was macht Russland seit zwei Jahren, was macht Russland seit zwei Jahren ernsthaft?&#8220;<br \/>\n<\/em><br \/>\nDas ist \u00fcble Kriegspropaganda f\u00fcr Kinder (Zielgruppe ab 9 Jahre). Am 27.2.2024 ausgestrahlt und &#8211; vom Steuerzahler zwangsfinanziert &#8211; zur fr\u00fchkindlichen Kriegsert\u00fcchtigung immer abrufbar in der ZDF Mediathek.<\/p>\n<p>Krieg oder Frieden, <a href=\"https:\/\/www.freiburg-schwarzwald.de\/blog\/friedens-statt-kriegsrhetorik\/\">Kriegsrhetorik<\/a> oder <a href=\"https:\/\/www.freiburg-schwarzwald.de\/blog\/friedensjahr-2024-warum-nicht\/\">Friedensrhetorik<\/a>? Aus beiden Podcasts spricht nichts f\u00fcr Frieden, sondern alles f\u00fcr Krieg: <a href=\"https:\/\/www.freiburg-schwarzwald.de\/blog\/engagement\/zukunft\/krieg\/bellizismus\/\">Bellizismus<\/a> (Audio der Milit\u00e4rs) mitsamt Kriegsverniedlichung (Video f\u00fcr Kinder). In ihrer Kriegslust wollen die Erwachsenen sogar die <a href=\"https:\/\/www.freiburg-schwarzwald.de\/blog\/selbsthilfe\/kinder\/kinderfeindlichkeit\/\">Kinder<\/a> mit einbeziehen.<br \/>\nWelches der beiden<a href=\"https:\/\/www.freiburg-schwarzwald.de\/blog\/kultur\/medien\/radio\/podcast\/\"> Podcasts<\/a> ist das schlimmere? Ich meine der Videoclip zur Kindersendung &#8222;ZDF logo!&#8220;. Denn Kinder k\u00f6nnen <a href=\"https:\/\/www.freiburg-schwarzwald.de\/blog\/engagement\/zukunft\/krieg\/kriegspropaganda\/\">Kriegs-<\/a> und <a href=\"https:\/\/www.freiburg-schwarzwald.de\/blog\/global\/waffen\/\">Waffenpropaganda<\/a> noch weniger durchschauen als Erwachsene. Und sie verstehen Satire nicht. Deshalb ist es unverantwortlich, wenn &#8222;das ZDF Raketen verniedlicht, um f\u00fcr den Einsatz von gef\u00e4hrlichen und sehr reichweitenstarken Waffen zu werben&#8220; (5).<br \/>\n.<br \/>\nBitte den Beitrag von Hans Hofmann-Reinecke &#8222;Wie s\u00e4he ein Taurus-Einsatz in der Praxis aus?&#8220; lesen (siehe (6) ganz unten). Damit klar wird, da\u00df der Taurus nichts ist, \u00fcber das man smalltalken (Gener\u00e4le) oder kichern (Kinder) kann.<br \/>\n5.3.2024<\/p>\n<p>Der Beitrag ist auch erschienen auf:<br \/>\n<a href=\"https:\/\/ansage.org\/kriegsluesterne-militaers-und-kindliche-propagandaopfer\/\">https:\/\/ansage.org\/kriegsluesterne-militaers-und-kindliche-propagandaopfer\/<\/a><br \/>\n.<br \/>\nEnde von Beitrag &#8222;Kriegslust von Milit\u00e4rs und f\u00fcr Kinder&#8220;<br \/>\n=============================================================<br \/>\nBeginn von Anlagen (1) &#8211; (7)<br \/>\n.<\/p>\n<p><strong>(1) Oberst a.D. Wolfgang Richter: &#8222;Mit Taurus w\u00e4re die rote Linie \u00fcberschritten&#8220;<\/strong><br \/>\nW\u00e4hrend des Laufs m\u00fcssen deutsche Daten eingespeist werden. Taurus hat 500 km Reichweite &#8211; mehr als andere Marschflugk\u00f6rper.<br \/>\nWarum das Taurus Nein vom Kanzler OK ist! Oberst a.D. Wolfgang Richter<br \/>\n<a href=\"https:\/\/www.youtube.com\/watch?v=GAoMpxuYRzs\">https:\/\/www.youtube.com\/watch?v=GAoMpxuYRzs<\/a><br \/>\noder auch<br \/>\n<a href=\"https:\/\/twitter.com\/FabioDeMasi\/status\/1762755084188831817\">https:\/\/twitter.com\/FabioDeMasi\/status\/1762755084188831817<\/a><br \/>\n.<\/p>\n<p><strong>Kanzler-Nein zu Taurus \u2013 \u201eDass man Risiken ber\u00fccksichtigt, halte ich f\u00fcr richtig\u201c<\/strong><br \/>\nKanzler Scholz hat der Taurus-Lieferung an die Ukraine erneut eine Absage erteilt und begr\u00fcndete dies mit dem Risiko einer Kriegs-Verwicklung. Oberst a.D. Wolfgang Richter versteht die Sorge und sagt bei WELT TV: \u201eEs braucht eine verantwortungsvolle Politik, dass der Krieg nicht weiter eskaliert.\u201c<br \/>\n&#8230; Alles vom 26.2.2024 bitte lesen auf<br \/>\n<a href=\"https:\/\/www.welt.de\/politik\/ausland\/video250286618\/Krieg-in-der-Ukraine-Kanzler-Nein-zu-Taurus-Dass-man-Risiken-beruecksichtigt-halte-ich-fuer-richtig.html\">https:\/\/www.welt.de\/politik\/ausland\/video250286618\/Krieg-in-der-Ukraine-Kanzler-Nein-zu-Taurus-Dass-man-Risiken-beruecksichtigt-halte-ich-fuer-richtig.html<\/a><br \/>\n<a href=\"https:\/\/www.youtube.com\/watch?v=_9XWP0IB1XU\">https:\/\/www.youtube.com\/watch?v=_9XWP0IB1XU<\/a><br \/>\n.<br \/>\nMilit\u00e4rexperte Richter: Westliche Bodentruppen in der Ukraine? &#8222;Keine gute Idee!&#8220; | ZDFheute live:<br \/>\n<a href=\"https:\/\/www.youtube.com\/watch?v=0xgFAXtwqIg\">https:\/\/www.youtube.com\/watch?v=0xgFAXtwqIg<\/a><br \/>\n.<\/p>\n<p><strong>(2) Taurus-Marschflugk\u00f6rper: Ex-General Kujat warnt vor direkter Kriegsbeteiligung<\/strong><br \/>\nNeben Bundeskanzler Scholz lehnt auch Ex-Nato-General Harald Kujat eine Lieferung von Taurus-Marschflugk\u00f6rpern ab. Diese Waffen k\u00f6nnten nur von deutschen Spezialisten vor Ort gesteuert werden. Aus deutscher Sicht sei das eine Kriegsbeteiligung.<br \/>\n&#8230; Alles vom 27.2.2024 bitte lesen auf<br \/>\n<a href=\"https:\/\/www.deutschlandfunk.de\/interview-mit-harald-kujat-frueherer-generalinspekteur-der-bundeswehr-dlf-fc5213de-100.html\">https:\/\/www.deutschlandfunk.de\/interview-mit-harald-kujat-frueherer-generalinspekteur-der-bundeswehr-dlf-fc5213de-100.html<\/a><br \/>\n.<\/p>\n<p><strong>(3) Deutsche Kindersoldaten \u201eMade by ZDF\u201c<\/strong><br \/>\nFr\u00fchkindliche Kriegsert\u00fcchtigung aus dem ZDF ist an Perversit\u00e4t kaum noch zu \u00fcberbieten. T\u00f6dliches Kriegsger\u00e4t wird animiert wie Comicfiguren und schneidet dabei lustige Grimassen. Ausgestrahlt im Kinderprogramm Logo am 27.2.24. Ein Gastbeitrag von Meinrad M\u00fcller.<\/p>\n<p>Das R\u00f6mische Statut des Internationalen Strafgerichtshofs (1998): Das Statut definiert die Zwangsrekrutierung von Kindern unter 15 Jahren in nationale Streitkr\u00e4fte oder ihre Verwendung in Kampfhandlungen als Kriegsverbrechen. Die Darstellung von Krieg und Waffensystemen in Kindersendungen, insbesondere in einer Weise, die Gewalt verherrlicht oder als unterhaltsam darstellt, wirft sowohl rechtliche als auch p\u00e4dagogische Fragen auf. Solche Darstellungen k\u00f6nnen die Entwicklung von Kindern negativ beeinflussen, indem sie unangemessene Vorstellungen von Konfliktl\u00f6sung f\u00f6rdern und die Sensibilit\u00e4t gegen\u00fcber Gewalt verringern.<br \/>\n\u201eIch bin ein Marschflugk\u00f6rper, genau das ist meine Bestimmung\u201c<br \/>\nWer\u2019s nicht glauben will, womit das ZDF bereits Kleinkinder manipuliert, kann sich dieses Video (nur 1 Minute) hier ansehen. <a href=\"https:\/\/www.youtube.com\/watch?v=kgsVFZXnkAE\">https:\/\/www.youtube.com\/watch?v=kgsVFZXnkAE<\/a> Laut ZDF ist die Zielgruppe der Sendung Kinder im Alter von acht bis zw\u00f6lf Jahren.<br \/>\n&#8230; Alles vom 5.3.2024 von Meinrad M\u00fcller bitte lesen auf<br \/>\n<a href=\"https:\/\/philosophia-perennis.com\/2024\/03\/05\/deutsche-kindersoldaten-made-by-zdf\/\">https:\/\/philosophia-perennis.com\/2024\/03\/05\/deutsche-kindersoldaten-made-by-zdf\/<\/a><br \/>\n.<br \/>\nEinige Kommentare:<br \/>\nAngesichts dieser Art Propaganda durch den sogenannten \u00f6ffentlichen Rundfunk, die bereits bei Kindern eingesetzt wird, kann man glatt den Eindruck haben, dass diese gr\u00fcn-sozialistischen Redakteure und Journalisten dort, sich nicht mehr unterscheiden von denjenigen, die unter Hitler f\u00fcr dessen Eroberungsfeldz\u00fcge Propaganda betrieben. Diese gaben offenbar nichts aus der Geschichte gelernt. Da von der Bev\u00f6lkerung ebenfalls mehrheitlich Parteien gew\u00e4hlt wurden, die eine gr\u00fcn-sozialistische Politik betreiben, hat wohl auch eine Mehrheit der W\u00e4hler, nichts aus der Geschichte gelernt.<br \/>\nDemnach hat wohl Gustave Le Bon Recht, der \u00e4u\u00dferte:<br \/>\n<em>\u201eDie gro\u00dfe Triebkraft der V\u00f6lkerentwicklung war niemals die Wahrheit, sondern der Irrtum. Und wenn heute der Sozialismus seine Macht wachsen sieht, so erkl\u00e4rt es sich daraus, da\u00df er die einzige T\u00e4uschung darstellt, die noch lebendig ist. Wissenschaftliche Beweisf\u00fchrungen k\u00f6nnen seine Entwicklung nicht aufhalten. Seine Hauptst\u00e4rke liegt darin, da\u00df er von K\u00f6pfen verteidigt wird, die die Tatsachen der Wirklichkeit gen\u00fcgend verkennen, um es zu wagen, den Menschen k\u00fchn das Gl\u00fcck zu versprechen. Die soziale T\u00e4uschung herrscht heute auf allen Ruinen, die die Vergangenheit auft\u00fcrmte, und ihr geh\u00f6rt die Zukunft. Nie haben die Massen nach Wahrheit ged\u00fcrstet. Von den Tatsachen, die ihnen mi\u00dffallen, wenden sie sich ab und ziehen es vor, den Irrtum zu verg\u00f6ttern, wenn er sie zu verf\u00fchren vermag. Wer sie zu t\u00e4uschen versteht, wird leicht ihr Herr, wer sie aufzukl\u00e4ren sucht, stets ihr Opfer.\u201c<\/em><br \/>\nDiese Journalisten, sind Sprachrohre der jeweiligen Regierung. Angesichts der Evidenz der leidvollen Erfahrungen mit dem real existierenden Sozialismus, ist es mir unbegreiflich, wie diese menschenverachtende Ideologie immer wieder so viele Anh\u00e4nger findet. Eine Erkl\u00e4rung daf\u00fcr ergibt sich wohl daraus, dass man bereits Kindern Krieg als harmloses Spiel vermittelt. Ern<br \/>\n.<br \/>\nSo unfassbar sch\u00e4big ist Deutschland unter rotgr\u00fcn mittlerweile. Woher sollen die Heerscharen kriegswilliger Kids denn kommen? Etwa aus deutschen Genderg\u00e4rten, aus deren Erkundungsr\u00e4umen, wo Dildo-Spiele mit p\u00e4dophilen Altachtundsechzigern praktiziert werden? Wohl kaum. Die UMAs und verzogenen Moslem-B\u00e4lger? F\u00fcr Deutschland? Eher nicht. Die Kids der Gr\u00fcnen? Ach nee, die bekommen ja keine mehr wegen Klima und so. Neubauer und ihre lern- und arbeitsscheuen Klimaterroristen? Nein, das sollen die Kinder der Nazis machen, daf\u00fcr ist &#8218;Rechts&#8216; dann grade noch gut genug&#8230; cla<br \/>\nEnde Kommentare<br \/>\n.<\/p>\n<p><a href=\"https:\/\/www.youtube.com\/watch?v=kgsVFZXnkAE\">https:\/\/www.youtube.com\/watch?v=kgsVFZXnkAE<\/a><br \/>\n.<br \/>\nEinige Youtube-Kommentare:<br \/>\nUnfassbar! Ich habe mal f\u00fcr den Kinderkanal Drehb\u00fccher geschrieben, f\u00fcr &#8222;Bernd, das Brot&#8220;. Damals wurde mir vom Redakteur das Wort &#8222;tot&#8220; gestrichen, was sich ja wunderbar auf &#8222;Brot&#8220; reimte, aber eben nicht die Kinder erschrecken sollte. Heute gibts an selber Stelle Werbung f\u00fcr Waffen. arie<br \/>\n.<br \/>\nWir sind hier nicht bl\u00f6d und erkennen das es &#8222;Comedy&#8220; ist. Das macht es kein bisschen weniger krank. Das was ihr da geliefert habt ist so absurd, dass ich mir so vorkomme als w\u00e4re ich in einer alternative Realit\u00e4t. (Mal wieder, eigentlich m\u00fcsste ich mich inzwischen an sowas gew\u00f6hnt haben. )Sprechende Panzer!? Lolende Bomben!? Gibt&#8217;s im n\u00e4chsten short vielleicht eine d\u00e9bile Ruskie- Kalasch!? Und ihr habt das Ding nicht nur gedreht sondern habt es noch gepostet. Habt ihr kein Schamgef\u00fchl? Ihr wisst schon was das ist, so ein Krieg? Ich musste das bisher nicht erleben, ich will es auch nicht. Ihr dagegen scheint ganz geil drauf zu sein val<br \/>\n.<br \/>\nIch stelle mir gerade die Kinder der Redakteure vor, die das sicherlich \u201elustig\u201c finden. Ehrlich gesagt ist schon der Gedanke daran sowas als \u201eComedy\u201c f\u00fcr Kinder zu kennzeichnen widerlich. Irgendwas ist bei euch m\u00e4chtig schief gelaufen. tom<br \/>\n.<br \/>\nMeine Kinder lieben Logo. Jetzt muss ich ihnen erkl\u00e4ren, dass Logo l\u00fcgt und Werbung f\u00fcr den Krieg macht. Ich bin w\u00fctend aber noch mehr traurig. And<br \/>\n.<br \/>\nDas dieses Video immer noch online ist, trotz der Reaktionen, zeigt wie egal euch die Leute sind, die euch finanzieren. Ich kann mich immer besser in die 30er versetzen und nachvollziehen wie Propaganda damals funktioniert hat. Heutzutage gibt&#8217;s aber das Internet. Ihr habt kein Monopol auf die Informationen mehr. ae2<br \/>\n.<br \/>\nDas macht mich echt fassungslos. Sowas absto\u00dfendes habe ich zum Thema Bellizismus ja sogar Kriegsverniedlichung noch nie gesehen. Was geht blo\u00df in euren K\u00f6pfen vor?<br \/>\n.<br \/>\nH\u00f6rt auf damit! 13j\u00e4hrige k\u00f6nnen mitunter keine Satire, Ironie verstehen, vor allem nicht, wenn sie Informationen den Wahrheitsgehalt nicht zuordnen k\u00f6nnen. Das w\u00fcrde ich als P\u00e4dagogin schon als Kindeswohlgef\u00e4hrdung einordnen. ale<br \/>\n.<br \/>\nBitte ziehen Sie dieses Video zur\u00fcck! Ich bin schockiert, was von meinen Geb\u00fchren finanziert wird! Diese Waffen zerst\u00f6ren Menschenleben und jede einzelne macht viele Kinder daher ungl\u00fccklich! Zeigen Sie Kindern, wie man Waffenstillst\u00e4nde verhandelt und zu Frieden stabilisiert. Ich werde meinen Kindern Logo entw\u00f6hnen, Ihr Programm ist nicht mehr zu verantworten! Soc<br \/>\nEnde Kommentare<br \/>\n.<br \/>\n.<br \/>\n<strong>(4) ZDF-Waffenkunde f\u00fcr den Nachwuchs: Taurus? Na &#8222;logo&#8220;!<\/strong><br \/>\nKiKa ger\u00e4t mit einem Clip ins Kreuzfeuer: Wenn Kindernachrichten zur Kriegspropaganda mutieren. Ein Kommentar.<br \/>\n&#8230;.<br \/>\n&#8222;Der Werterahmen von KiKA entspricht seiner gesellschaftlichen Verantwortung und umfasst Diversit\u00e4t ebenso wie Nachhaltigkeit oder Barrierefreiheit. Moderatorinnen und Moderatoren, Heldinnen und Helden haben Vorbildcharakter und sind Identifikationsfiguren f\u00fcr die junge Generation. KiKA-Angebote reflektieren die unterschiedlichen Lebensmodelle von Familien in Deutschland oder zeigen Kulturen aus aller Welt.<br \/>\nVielfalt ist f\u00fcr KiKA ein besonderer Wert, sie spiegelt die pluralistische Gesellschaft, in der Kinder heute leben.&#8220;<br \/>\nBeitr\u00e4ge wie der hier kritisierte widersprechen in buchst\u00e4blich jeder Hinsicht diesem Anspruch. Und damit der Vorgabe, Medienkompetenz als soziale Schl\u00fcsselqualifikation zu vermitteln. Wie hei\u00dft es in der Kika-Selbstdarstellung so sch\u00f6n: Ziel sei es, &#8222;Kinder zu selbstbestimmten und souver\u00e4nen Akteuren der Medienwelt zu machen.&#8220;<br \/>\nWenn das Thema und die Lage nicht so ernst w\u00e4ren, lie\u00dfe sich sarkastisch sagen: Klar, liebe Kinder, Ihr k\u00f6nnt ja alle unserer Meinung sein. Damit habt Ihr es auch leichter im Leben. Denn wir sind die Guten, wir sind die Schlauen. Und daher m\u00fcsst Ihr dann auch die ganz Tapferen sein!<br \/>\nUm dem Zynismus solcher Beitr\u00e4ge mal rein hypothetisch etwas Zynisches entgegenzusetzen: Was kommt als N\u00e4chstes im KiKa? Na &#8222;logo&#8220; \u2013<br \/>\n1. dem &#8222;Zauderer&#8220;, ja Def\u00e4tisten, Scholz wird seine Wehrdienstverweigerung an den Kopf geworfen und um die Ohren gehauen;<br \/>\n2. die Kika-Redaktion meldet sich freiwillig an die Front in der Ukraine und macht dort 14 Tage ein Praktikum als Bodentruppe im Sch\u00fctzengraben. Und wenn dann noch jemand von dort zur\u00fcckkehrt in den Sender, wird<br \/>\n3. demn\u00e4chst im Programm f\u00fcr die Rekrutierung von Kindersoldaten, pardon: Kindersoldat*innen f\u00fcr die Ukraine geworben?<br \/>\nWahnsinn? Ja &#8211; leider!<br \/>\nAber wie auch immer &#8211; &#8222;ist dies schon Wahnsinn, hat es doch Methode&#8220;, wusste bereits William Shakespeare im Hamlet. Und auch, dass Fundamentales faul scheint \u2013 in dem Fall im Staate Deutschland. Nicht zuletzt in den Medien hierzulande, wie hier an &#8211; nun ja: vorderster Front im &#8222;Kinderkanal&#8220; von ARD und ZDF.<br \/>\n&#8230; Alles vom 1.3.2024 bitte lesen auf<br \/>\n<a href=\"https:\/\/www.telepolis.de\/features\/ZDF-Waffenkunde-fuer-den-Nachwuchs-Taurus-Na-logo-9643868.html\">https:\/\/www.telepolis.de\/features\/ZDF-Waffenkunde-fuer-den-Nachwuchs-Taurus-Na-logo-9643868.html<\/a><br \/>\n.<br \/>\n<strong>.<\/strong><br \/>\n<strong>(5) \u201eOlaf Scholz mal ordentlich den Marsch blasen\u201c: Kriegspropaganda f\u00fcr Kinder beim ZDF?<\/strong><br \/>\nIn einem Videoclip unterhalten sich sprechende Waffen mit niedlichen Gesichtern dar\u00fcber, warum der Kanzler nicht endlich den Taurus in die Ukraine liefert. Ein Kommentar.<br \/>\n&#8230;<br \/>\nDer Clip endet damit, dass Taurus sehr unzufrieden ist, da es doch seine Bestimmung sei, \u201ein die Luft zu gehen\u201c. Da darf man sich getrost fragen: Hat die R\u00fcstungsindustrie den Kindersender infiltriert? Oder was ist da sonst kaputt?<br \/>\nMan darf \u00fcber diesen Krieg und den deutschen Einsatz nat\u00fcrlich unterschiedlichster Meinung sein, so funktioniert die Demokratie, und auch die \u00f6ffentlich-rechtlichen Medien k\u00f6nnen und sollen zur Meinungsfindung beitragen. Aber ein Angebot ausgerechnet f\u00fcr sehr leicht beeinflussbare Kinder damit aufzuladen, Waffenpropaganda zu betreiben, das darf doch wohl nicht wahr sein \u2013 \u00fcbrigens am selben Tag, an dem der franz\u00f6sische Pr\u00e4sident Emmanuel Macron \u201enicht mehr ausschlie\u00dfen\u201c will, selbst Bodentruppen in diesem Krieg einzusetzen.<br \/>\n&#8230; Alles vom 1.3.2024 von Ruth Schneeberger bitte lesen auf<br \/>\n<a href=\"https:\/\/www.berliner-zeitung.de\/politik-gesellschaft\/kriegspropaganda-fuer-kinder-beim-zdf-wirbel-um-videoclip-zu-taurus-lieferung-an-die-ukraine-li.2192668\">https:\/\/www.berliner-zeitung.de\/politik-gesellschaft\/kriegspropaganda-fuer-kinder-beim-zdf-wirbel-um-videoclip-zu-taurus-lieferung-an-die-ukraine-li.2192668<\/a><br \/>\n.<br \/>\n.<br \/>\n<strong>(6) Wie s\u00e4he ein Taurus-Einsatz in der Praxis aus?<\/strong><br \/>\nIst den Betreffenden klar, wor\u00fcber sie bei &#8222;Taurus&#8220; so leichtfertig reden? Ist es eine Rakete, eine Drohne, ein \u201eMarschflugk\u00f6rper\u201c, ein Geschoss? Die technischen Daten sind leicht zug\u00e4nglich: An einem theoretischen Szenario demonstriert Hans Hofmann-Reinecke, was auf dem Spiel steht.<br \/>\n&#8230;<br \/>\nWie s\u00e4he ein Taurus-Einsatz in der Praxis aus? Drehen wir dazu den Spie\u00df um: Nehmen wir an, auch Russland h\u00e4tte so einen Taurus zur Verf\u00fcgung \u2013 eine vermutlich ganz realistische Annahme. Von der Luftwaffenbasis Levashovo bei St. Petersburg startet eine Suchoi 57 mit solch einer Waffe unter dem Rumpf, nimmt Kurs nach Westen und steigt auf die \u00fcbliche Flugh\u00f6he. Bald ist sie \u00fcber der Ostsee und &#8230;<br \/>\n&#8230;<br \/>\nBei dieser Mission hat der Angreifer dem Gegner einen maximalen Schaden zugef\u00fcgt, ohne selbst ein Risiko eingegangen zu sein. Das macht den Taurus zu einer sehr begehrten Waffe. Aber dient er auch zur Abwehr eines Feindes? Nur wenn Angriff f\u00fcr die beste Verteidigung gehalten wird. Aber diese Strategie f\u00fchrt zwangsl\u00e4ufig zu einer rasanten Eskalation jedes Konfliktes; da kann der Streit um eine Halbinsel in einen Weltkrieg ausarten, so wie das Attentat auf einen \u00f6sterreichischen Erzherzog.<br \/>\nDie Lieferung von Taurus-Flugk\u00f6rpern an die Ukraine k\u00f6nnte also weitreichende, nicht abzusehende Konsequenzen haben. Die aktuelle Debatte dazu wird dem nicht gerecht, sie wird auf dem falschen Niveau und in den falschen Kreisen gef\u00fchrt. <em><strong>Wer eine Maschine, die zum Massenmord eingesetzt werden kann, stolz auf seinem (oder ihrem) T-Shirt herumtr\u00e4gt, ist geschmacklos oder zynisch. Das wird nur noch \u00fcbertroffen von der Redaktion eines Fernsehprogramms f\u00fcr Kinder, wo diese Mordmaschinen als schnuckelige Tierchen den F\u00fcnfj\u00e4hrigen n\u00e4her gebracht werden sollen.<\/strong><\/em><br \/>\n&#8230; Alles vom 5.3.2024 von Hans Hofmann-Reinecke bitte lesen auf<br \/>\n<a href=\"https:\/\/www.tichyseinblick.de\/gastbeitrag\/taurus\/\">https:\/\/www.tichyseinblick.de\/gastbeitrag\/taurus\/<\/a><br \/>\n.<br \/>\n<em>Dieser Artikel von Hans Hofmann-Reinecke erscheint auch im Blog des Autors <a href=\"https:\/\/think-again.org\/\">https:\/\/think-again.org\/<\/a>. Der Bestseller Gr\u00fcn und Dumm, und andere seiner B\u00fccher, sind bei Amazon erh\u00e4ltlich.<\/em><br \/>\n.<br \/>\nEinige Kommentare:<br \/>\nTaurus ist die vor-letzte Eskalation in Richtung offene Europ\u00e4isierung des Krieges. Den Amis sehr lieb, denn sie konzentrieren sich in Ruhe auf China, w\u00e4hrend Europa abbrennt. \u00dcbrigens: Putin wird nach Taurus eskalieren m\u00fcssen, da er bisher zu viel hingenommen hat. Das Risiko ist nicht mehr kontrollierbar! D.A.<br \/>\n.<br \/>\nDie , die sich im Unterhemd mit der Forderung nach Taurus f\u00fcr die Ukraine herumlaufen, sind genau so dumm und kurzsichtig und verantwortungslos, wie die Deutschen, seinerzeit Goebbels in Berlin \u201eWollte ihr den totalen Krieg\u201c zujubelten. Ende ist bekannt. der<br \/>\n.<br \/>\nEndlich mal ein Artikel, der nicht auf Strack-Zimmermann-Niveau den Krieg zu einem lustigen Spiel erkl\u00e4rt, in dem das wirklich einzig Wichtige ist, dass wir uns \u201enicht einsch\u00fcchtern\u201c lassen.<br \/>\nDie Taurus w\u00e4ren die n\u00e4chste Eskalationsstufe und darauf wird die n\u00e4chste folgen und dann die gro\u00dfe Presse-Kampagne f\u00fcr das n\u00e4chste Waffensystem. Inzwischen sind wir n\u00e4her daran, in den Krieg reinzurutschen als wir denken.<br \/>\nIch muss hier wirklich auch Scholz in einem Punkt recht geben. Es ist wirklich teilweise schwer nachvollziehbar, wie wenig ernst diese Gefahr genommen wird. Vermutlich ist sie f\u00fcr unsere d\u00e4mlichen Politiker auch einfach zu abstrakt. Die Gefahr f\u00fcr uns ist im Moment weniger das gro\u00dfe nukleare Inferno, als das langsame hineingezogen werden. ina<br \/>\n.<br \/>\nDer Bundestag hat am 22.02.2024 einen Antrag auf Lieferung von \u201eTaurus\u201c-Marschflugk\u00f6rpern an die Ukraine mit gro\u00dfer Mehrheit abgelehnt. 182 Abgeordnete stimmten daf\u00fcr, 480 dagegen. Somit ist es nicht nur Scholz, der dagegen gestimmt hat, sondern die gro\u00dfe Mehrheit des Parlamentes und zwar vor nicht einmal 2 Wochen. G.J.<br \/>\nEnde Kommentare<br \/>\n.<br \/>\n.<br \/>\n<strong>(7) \u201eTaurus\u201c: Wie das ZDF auf die K\u00f6pfe unserer Kinder zielt<\/strong><br \/>\nDie ZDF-Sendung \u201elogo!\u201c richtet sich in Form von \u201eNachrichten\u201c an Kinder und Jugendliche. Ein Beitrag des verwandten Formats \u201eun.logo!\u201c sorgt bereits seit einigen Tagen f\u00fcr Emp\u00f6rung, weil dort Kriegswaffen \u201ekindgerecht\u201c verniedlicht werden. Hier soll nochmals auf die Sendung eingegangen werden, zum einen, weil mit dieser Art der Meinungsmache ein neuer Tiefpunkt erreicht wurde. Zum anderen, weil es zus\u00e4tzlich aufreizend ist, wenn junge Menschen so ins Visier geraten und man diese Angriffe als Eltern auch noch \u00fcber die Rundfunkgeb\u00fchr bezahlen muss.<br \/>\n&#8230;<br \/>\nEinmal mehr wird dabei versucht, wie gesagt, harte Meinungsmache f\u00fcr Militarisierung mit \u201eComedy\u201c oder \u201eSatire\u201c zu rechtfertigen &#8230;<br \/>\n&#8230;<br \/>\nViele Kommentatoren lassen sich davon nicht beschwichtigen. Treffend wird etwa unter dem Video kommentiert:<br \/>\n\u201eZeigt doch mal die Opfer dieser Waffen!\u201c<br \/>\nOder:<br \/>\n\u201eDas waren noch Zeiten, als man Kindern vermittelt hat wie wichtig Frieden ist! Ja, Zeiten \u00e4ndern sich!\u201c<br \/>\n&#8230;<br \/>\nAngesichts der hier beschriebenen, an junge Menschen gerichteten Meinungsmache und angesichts aktueller Debatten zur Wehrpflicht ist es allerh\u00f6chste Zeit, immer wieder eine wichtige Losung der Friedensbewegung zu zitieren \u2013 \u201eNein, meine S\u00f6hne geb\u2019 ich nicht\u201c:<br \/>\n<a href=\"https:\/\/www.youtube.com\/watch?v=1q-Ga3myTP4&amp;t=1s\">https:\/\/www.youtube.com\/watch?v=1q-Ga3myTP4&amp;t=1s<\/a><br \/>\nUnd zu folgendem Schluss kommt ein Online-Kommentar unter dem \u201eun.logo!\u201c-Video: \u201eIch muss echt meine Kinder vor euch sch\u00fctzen.\u201c<br \/>\n&#8230; Alles vom 5.3.2024 bitte lesen auf<br \/>\n<a href=\"https:\/\/www.nachdenkseiten.de\/?p=112001\">https:\/\/www.nachdenkseiten.de\/?p=112001<\/a><\/p>\n","protected":false},"excerpt":{"rendered":"<p>Ein Audiomitschnitt und ein Videoclip schockieren. Zum einen der Audiomitschnitt eines Gespr\u00e4chs, in dem vier hohe Bundeswehroffiziere diskutieren, wie man mit deutschen Waffen (Marschflugk\u00f6rper Taurus) in Russland (z.B. Krim-Br\u00fccke, Munitionsdepots) eingreifen kann, ohne da\u00df man als deutsche Kriegsteilnehmer ertappt wird:<\/p>\n","protected":false},"author":2,"featured_media":0,"comment_status":"open","ping_status":"closed","sticky":false,"template":"","format":"standard","meta":{"footnotes":""},"categories":[210,14,63,13],"tags":[520,667,807,796,86],"class_list":["post-121341","post","type-post","status-publish","format-standard","hentry","category-gewalt","category-global","category-krise","category-kultur","tag-frieden","tag-krieg","tag-russland","tag-ukraine","tag-waffen"],"_links":{"self":[{"href":"https:\/\/www.freiburg-schwarzwald.de\/blog\/wp-json\/wp\/v2\/posts\/121341","targetHints":{"allow":["GET"]}}],"collection":[{"href":"https:\/\/www.freiburg-schwarzwald.de\/blog\/wp-json\/wp\/v2\/posts"}],"about":[{"href":"https:\/\/www.freiburg-schwarzwald.de\/blog\/wp-json\/wp\/v2\/types\/post"}],"author":[{"embeddable":true,"href":"https:\/\/www.freiburg-schwarzwald.de\/blog\/wp-json\/wp\/v2\/users\/2"}],"replies":[{"embeddable":true,"href":"https:\/\/www.freiburg-schwarzwald.de\/blog\/wp-json\/wp\/v2\/comments?post=121341"}],"version-history":[{"count":5,"href":"https:\/\/www.freiburg-schwarzwald.de\/blog\/wp-json\/wp\/v2\/posts\/121341\/revisions"}],"predecessor-version":[{"id":121459,"href":"https:\/\/www.freiburg-schwarzwald.de\/blog\/wp-json\/wp\/v2\/posts\/121341\/revisions\/121459"}],"wp:attachment":[{"href":"https:\/\/www.freiburg-schwarzwald.de\/blog\/wp-json\/wp\/v2\/media?parent=121341"}],"wp:term":[{"taxonomy":"category","embeddable":true,"href":"https:\/\/www.freiburg-schwarzwald.de\/blog\/wp-json\/wp\/v2\/categories?post=121341"},{"taxonomy":"post_tag","embeddable":true,"href":"https:\/\/www.freiburg-schwarzwald.de\/blog\/wp-json\/wp\/v2\/tags?post=121341"}],"curies":[{"name":"wp","href":"https:\/\/api.w.org\/{rel}","templated":true}]}}