{"id":120918,"date":"2024-02-19T19:49:25","date_gmt":"2024-02-19T18:49:25","guid":{"rendered":"https:\/\/www.freiburg-schwarzwald.de\/blog\/?p=120918"},"modified":"2024-02-19T22:07:09","modified_gmt":"2024-02-19T21:07:09","slug":"muenchner-sicherheits-konferenz","status":"publish","type":"post","link":"https:\/\/www.freiburg-schwarzwald.de\/blog\/muenchner-sicherheits-konferenz\/","title":{"rendered":"M\u00fcnchner Sicherheits Konferenz"},"content":{"rendered":"<p>Am Rande der &#8222;M\u00fcnchner Sicherheits Konferenz&#8220; (MSC) gingen am Wochenende 17.\/18.2.2024 Tausende <a href=\"https:\/\/www.freiburg-schwarzwald.de\/blog\/engagement\/zukunft\/frieden\/friedensbewegung\/\">Friedensbewegte<\/a> auf die <a href=\"https:\/\/www.freiburg-schwarzwald.de\/blog\/engagement\/buergerinitiativen\/friedensdemo\/\">Stra\u00dfe<\/a> (1). Endlich Friedensgespr\u00e4che im <a href=\"https:\/\/www.freiburg-schwarzwald.de\/blog\/global\/ukraine\/ukrainekrieg\/\">Ukainekrieg<\/a> und im <a href=\"https:\/\/www.freiburg-schwarzwald.de\/blog\/global\/israel\/gaza\/\">Nahostkrieg<\/a>. Sie forderten, die MSC mit ihrer Kriegsrhetorik zu beenden und stattdessen eine <a href=\"https:\/\/www.freiburg-schwarzwald.de\/blog\/engagement\/zukunft\/frieden\/\">Friedenskonferenz<\/a> zu etablieren. <!--more-->Auf der MSC werde nur \u00fcber <a href=\"https:\/\/www.freiburg-schwarzwald.de\/blog\/engagement\/zukunft\/demokratie\/politik\/politics\/\">Politics<\/a> (Smaltalk) geplaudert (2), nicht aber \u00fcber <a href=\"https:\/\/www.freiburg-schwarzwald.de\/blog\/engagement\/zukunft\/demokratie\/politik\/policy\/\">Policy<\/a> (Sachfragen).<br \/>\n19.2.2024<br \/>\n.<br \/>\nEnde von Beitrag &#8222;M\u00fcnchner Sicherheits Konferenz&#8220;<br \/>\n==========================================================<br \/>\nBeginn von Anlagen (1) &#8211; (2)<br \/>\n.<\/p>\n<p><strong>(1) M\u00fcnchen: Tausende gegen Sicherheitskonferenz \u2013 Prominente f\u00fcr Dialog<\/strong><br \/>\nAls Reaktion auf die bereits seit Jahrzehnten in M\u00fcnchen stattfindende Sicherheitskonferenz, an der auch am vergangenen Wochenende h\u00f6chste Vertreter aus Politik und Milit\u00e4r aus aller Welt teilnehmen, marschierten Tausende Friedensbewegte durch die Innenstadt. Auf ihrer Abschlusskundgebung sprachen prominente Vertreter wie der ehemalige CDU-Bundestagsabgeordnete J\u00fcrgen Todenh\u00f6fer und der Friedensaktivist Reiner Braun. AUF1 war vor Ort und fing Stimmen der Demonstrationsteilnehmer und Redner ein.<br \/>\n19.2.2024<br \/>\n<a href=\"https:\/\/auf1.tv\/nachrichten-auf1\/muenchen-tausende-gegen-sicherheitskonferenz-prominente-fuer-dialog\">https:\/\/auf1.tv\/nachrichten-auf1\/muenchen-tausende-gegen-sicherheitskonferenz-prominente-fuer-dialog<\/a><\/p>\n<p><em>Braun: \u201eWir brauchen ein Europa als Partner f\u00fcr Russland\u201c<\/em><br \/>\nDer Friedensaktivist Reiner Braun trat in der bayerischen Landeshauptstadt als Redner bei der Kundgebung gegen die am vergangenen Wochenende im Hotel Bayerischer Hof abgehaltene M\u00fcnchner Sicherheitskonferenz auf. Im Gespr\u00e4ch mit AUF1 spricht er sich gegen Atomwaffen in Europa aus, das vielmehr \u201eein Partner f\u00fcr Russland f\u00fcr eine neue europ\u00e4ische Friedensordnung\u201c sein sollte. Anstatt einer Sicherheitskonferenz sollte M\u00fcnchen eine Friedenskonferenz mit Aktivisten wie ihm und seinen Mitstreitern ausrichten.<br \/>\n19.2.2024<br \/>\n<a href=\"https:\/\/auf1.tv\/nachrichten-auf1\/braun-wir-brauchen-ein-europa-als-partner-fuer-russland\">https:\/\/auf1.tv\/nachrichten-auf1\/braun-wir-brauchen-ein-europa-als-partner-fuer-russland<\/a><br \/>\n.<br \/>\n<em>Dehm: \u201eHeimat, Nation und Familie liefern eine Geborgenheit\u201c<\/em><br \/>\nAn der am Wochenende in der bayerischen Landeshauptstadt abgehaltenen Friedenskundgebung gegen die zeitgleich im Hotel Bayerischer Hof veranstaltete Sicherheitskonferenz, zu der h\u00f6chste Vertreter aus Politik und Milit\u00e4r aus aller Welt angereist waren, nahm auch der ehemalige Bundestagsabgeordnete der LINKEN, der Liedertexter Dr. Diether Dehm, teil. Im AUF1-Gespr\u00e4ch spricht der Querfront-Anh\u00e4nger die in seinen Augen bestehenden Verst\u00e4ndnis-Fehler der Rechten und Linken an und pl\u00e4diert f\u00fcr eine \u00dcberwindung der Gegens\u00e4tze. Nur so k\u00f6nne auch die Friedensbewegung st\u00e4rker werden. Gegen die Verleumdung unliebsamer Personen fordert er lager\u00fcbergreifenden Protest, damit man so \u201egegenseitig diametral grenzen\u00fcberschreitend f\u00fcr die Aufkl\u00e4rung sorgen\u201c k\u00f6nne.<br \/>\n19.2.2024<br \/>\n<a href=\"https:\/\/auf1.tv\/nachrichten-auf1\/dehm-heimat-nation-und-familie-liefern-eine-geborgenheit\">https:\/\/auf1.tv\/nachrichten-auf1\/dehm-heimat-nation-und-familie-liefern-eine-geborgenheit<\/a><br \/>\n.<br \/>\n<em>Todenh\u00f6fer: \u201eSicherheitskonferenz leidet an Ausgrenzung wichtiger L\u00e4nder\u201c<\/em><br \/>\nDer wohl prominenteste Teilnehmer der am Wochenende in der bayerischen Landeshauptstadt abgehaltenen Friedenskundgebung gegen die zeitgleich im Hotel Bayerischer Hof veranstaltete Sicherheitskonferenz, zu der h\u00f6chste Vertreter aus Politik und Milit\u00e4r aus aller Welt angereist waren, war der ehemalige CDU-Bundestagsabgeordnete und jetzige Journalist Dr. J\u00fcrgen Todenh\u00f6fer. Im AUF1-Gespr\u00e4ch kritisiert er, dass zur Sicherheitskonferenz keine Vertreter Russlands, Pal\u00e4stinas und des Iran eingeladen wurden. Er lehnt die Ausgrenzung sogenannter Schurkenstaaten ab, wenn es um die Friedensschaffung geht. Eine solche w\u00e4re \u2013 mit gutem Willen auf beiden Seiten \u2013 seiner Ansicht nach in Pal\u00e4stina auch mit Zustimmung der Hamas durchaus m\u00f6glich. Auch mit Rechten solle man reden \u2013 die Grenze hierbei sei jedoch Rassismus.<br \/>\n19.2.2024<br \/>\n<a href=\"https:\/\/auf1.tv\/nachrichten-auf1\/todenhoefer-sicherheitskonferenz-leidet-an-ausgrenzung-wichtiger-laender\">https:\/\/auf1.tv\/nachrichten-auf1\/todenhoefer-sicherheitskonferenz-leidet-an-ausgrenzung-wichtiger-laender<\/a><br \/>\n.<br \/>\n.<br \/>\n<strong>(2) M\u00fcnchner Sicherheitskonferenz offenbart, dass die deutsche Spitzenpolitik bestenfalls zweitklassig ist<\/strong><br \/>\nLeere Phrasen und grinsende Selfies: Robert Habeck, Ricarda Lang und Co. offenbaren bei der MSC, dass sie internationalen Debatten nicht gewachsen sind. Zu den gro\u00dfen Sicherheitsfragen dieser Zeit k\u00f6nnen sie kein Argument formulieren &#8211; und sie merken es nicht einmal.<br \/>\n.<br \/>\nIn den letzten Tagen war wieder einmal M\u00fcnchner Sicherheitskonferenz. Man m\u00fcsste meinen, die Lage ist so ernst wie nie \u2013 schlie\u00dflich sind nicht nur Deutschland, sondern viele andere europ\u00e4ische Nationen und L\u00e4nder rund um die Welt mit unz\u00e4hligen Krisen und Kriegen konfrontiert. Was stattdessen von der Konferenz bleibt, sind grinsende Selfies, mit denen das politische Establishment des Landes die Veranstaltung zu einem fr\u00f6hlichen Happening machte. Das einst als \u201eInternationale Wehrkunde-Begegnung\u201c gegr\u00fcndete Treffen wirkte so mitunter mehr wie eine Freizeit-Gala. Mit Bildern der scherzenden ARD-Komikerin Sarah Bosetti bis hin zu Treffen zwischen den beiden Wahlverlierern Katharina Schulze (Gr\u00fcne) und Hillary Clinton (US-Demokraten) waren viele Akteure dabei, die eher deplatziert schienen.<\/p>\n<p>Wie oberfl\u00e4chlich man mit der Veranstaltung und der Weltpolitik umging, zeigt auch jemand, der eigentlich einer der wichtigsten Entscheidungstr\u00e4ger des Landes ist, n\u00e4mlich Wirtschaftsminister und Vizekanzler Robert Habeck. Er fasste in einem Video seines Ministeriums die Konferenz zusammen und lieferte dabei teilweise v\u00f6llig inhaltsleere Phrasen, bei denen man sich fragt, ob er \u00fcberhaupt mental anwesend war.<br \/>\nDie einfache Frage, worum es bei dieser Sicherheitskonferenz ging, beantwortete er in dem Video mit den Worten: \u201eDas Thema jetzt in der Konferenz war \u2013 dieses Thema, dieser Konferenz \u2013 war ohne Frage die globale Lage im Moment \u2013 wie sie jetzt ist. Und es hat sich etwas ver\u00e4ndert, gegen\u00fcber den letzten Konferenzen.\u201c<br \/>\n<a href=\"https:\/\/twitter.com\/s_thormann\/status\/1759182234307764466\">https:\/\/twitter.com\/s_thormann\/status\/1759182234307764466<\/a><br \/>\n<a href=\"https:\/\/twitter.com\/i\/status\/1759182234307764466\">https:\/\/twitter.com\/i\/status\/1759182234307764466<\/a><br \/>\n&#8230;<br \/>\nEin weiteres Beispiel: Auf Twitter lie\u00df sich Gr\u00fcnen-Chefin Ricarda Lang f\u00fcr ihre Diskussion mit US-Senator J.D. Vance aus dem Trump-Lager feiern. Schaut man sich die Diskussion aber an, wird schnell klar, dass es Vance war, der die Debatte dominierte. &#8230;.<br \/>\n<a href=\"https:\/\/www.youtube.com\/watch?v=R8uJLp8oT5o\">https:\/\/www.youtube.com\/watch?v=R8uJLp8oT5o<\/a> (ab 21.40)<br \/>\nMan sieht hier live den Unterschied zwischen dem, was Amerikaner \u201ePolitics\u201c und \u201ePolicy\u201c nennen, und in Deutschland zusammen unter den Politik-Begriff f\u00e4llt. \u201ePolitics\u201c, das ist die Politik der Wahlkampagnen, der Rhetorik, der Man\u00f6ver im Parlament \u2013 \u201ePolicy\u201c, das sind die tats\u00e4chlichen Politikinhalte, die Sachfragen, die detaillierten Konzepte, um die es am Ende geht. Auf der Sicherheitskonferenz spricht Vance offensichtlich in der \u201ePolicy\u201c-Sprache, w\u00e4hrend Lang keine andere als die reine Rhetorik der \u201ePolitics\u201c kennt. Auf Vances Argumente begrenzter Ressourcen, geht sie gar nicht erst ein, alles, was sie kennt, ist: Trump sagt dies, ist b\u00f6se, etc.. Das ist v\u00f6llig fehl am Platz bei einer Konferenz, die sich eigentlich eben jene \u201ePolicy\u201c, n\u00e4mlich Sicherheitspolitik, auf die Fahne geschrieben hat.<\/p>\n<p>&#8230; Alles vom 19.2.2024 von Sebastian Thormann bitte lesen auf<br \/>\n<a href=\"https:\/\/apollo-news.net\/die-muenchner-sicherheitskonferenz-offenbart-dass-die-deutsche-spitzenpolitik-bestenfalls-zweitklassig-ist\/\">https:\/\/apollo-news.net\/die-muenchner-sicherheitskonferenz-offenbart-dass-die-deutsche-spitzenpolitik-bestenfalls-zweitklassig-ist\/<\/a><\/p>\n","protected":false},"excerpt":{"rendered":"<p>Am Rande der &#8222;M\u00fcnchner Sicherheits Konferenz&#8220; (MSC) gingen am Wochenende 17.\/18.2.2024 Tausende Friedensbewegte auf die Stra\u00dfe (1). Endlich Friedensgespr\u00e4che im Ukainekrieg und im Nahostkrieg. Sie forderten, die MSC mit ihrer Kriegsrhetorik zu beenden und stattdessen eine Friedenskonferenz zu etablieren.<\/p>\n","protected":false},"author":2,"featured_media":0,"comment_status":"open","ping_status":"closed","sticky":false,"template":"","format":"standard","meta":{"footnotes":""},"categories":[1],"tags":[],"class_list":["post-120918","post","type-post","status-publish","format-standard","hentry","category-allgemein"],"_links":{"self":[{"href":"https:\/\/www.freiburg-schwarzwald.de\/blog\/wp-json\/wp\/v2\/posts\/120918","targetHints":{"allow":["GET"]}}],"collection":[{"href":"https:\/\/www.freiburg-schwarzwald.de\/blog\/wp-json\/wp\/v2\/posts"}],"about":[{"href":"https:\/\/www.freiburg-schwarzwald.de\/blog\/wp-json\/wp\/v2\/types\/post"}],"author":[{"embeddable":true,"href":"https:\/\/www.freiburg-schwarzwald.de\/blog\/wp-json\/wp\/v2\/users\/2"}],"replies":[{"embeddable":true,"href":"https:\/\/www.freiburg-schwarzwald.de\/blog\/wp-json\/wp\/v2\/comments?post=120918"}],"version-history":[{"count":5,"href":"https:\/\/www.freiburg-schwarzwald.de\/blog\/wp-json\/wp\/v2\/posts\/120918\/revisions"}],"predecessor-version":[{"id":120947,"href":"https:\/\/www.freiburg-schwarzwald.de\/blog\/wp-json\/wp\/v2\/posts\/120918\/revisions\/120947"}],"wp:attachment":[{"href":"https:\/\/www.freiburg-schwarzwald.de\/blog\/wp-json\/wp\/v2\/media?parent=120918"}],"wp:term":[{"taxonomy":"category","embeddable":true,"href":"https:\/\/www.freiburg-schwarzwald.de\/blog\/wp-json\/wp\/v2\/categories?post=120918"},{"taxonomy":"post_tag","embeddable":true,"href":"https:\/\/www.freiburg-schwarzwald.de\/blog\/wp-json\/wp\/v2\/tags?post=120918"}],"curies":[{"name":"wp","href":"https:\/\/api.w.org\/{rel}","templated":true}]}}