{"id":1209,"date":"2012-04-12T08:02:01","date_gmt":"2012-04-12T08:02:01","guid":{"rendered":"https:\/\/www.freiburg-schwarzwald.de\/blog\/?p=1209"},"modified":"2012-04-12T08:02:01","modified_gmt":"2012-04-12T08:02:01","slug":"erster-badetag-im-strandbad-am-28-marz-bei-20-grad-im-wasser","status":"publish","type":"post","link":"https:\/\/www.freiburg-schwarzwald.de\/blog\/erster-badetag-im-strandbad-am-28-marz-bei-20-grad-im-wasser\/","title":{"rendered":"Erster Badetag im Strandbad am 28.M\u00e4rz bei 20 Grad im Wasser"},"content":{"rendered":"<p>Noch nie hat das <a title=\"Strandbad\" href=\"https:\/\/www.freiburg-schwarzwald.de\/blog\/sport\/baeder\/strandbad\/\">Strandbad im Freiburger Osten <\/a>so fr\u00fch ge\u00f6ffnet wie in diesem Jahr. Am Mittwoch 28.3.2012 um 13 Uhr konnte ich meine ersten 10 L\u00e4ngen schwimmen. Bei angenehmen 20 Grad im Wasser und sonnigen 18 Grad draussen. Und ich f\u00fchlte mich so richtig wie ein Million\u00e4r in seinem eigenen Pool: Vier BademeisterInnen umsorgen mich und meine 12 G\u00e4ste genossen wie ich das ungewohnte Na\u00df &#8211; das Ganze f\u00fcr 82 Euro im Jahr, so viel kostete die eben erworbene Saisonkarte 2012.<\/p>\n<div id=\"attachment_1210\" style=\"width: 190px\" class=\"wp-caption alignnone\"><a href=\"https:\/\/www.freiburg-schwarzwald.de\/blog\/erster-badetag-im-strandbad-am-28-marz-bei-20-grad-im-wasser\/strandbad120328\/\" rel=\"attachment wp-att-1210\"><img loading=\"lazy\" decoding=\"async\" aria-describedby=\"caption-attachment-1210\" class=\"size-thumbnail wp-image-1210\" title=\"strandbad120328\" src=\"https:\/\/www.freiburg-schwarzwald.de\/blog\/wp-content\/uploads\/2012\/04\/strandbad120328-180x135.jpg\" alt=\"\" width=\"180\" height=\"135\" srcset=\"https:\/\/www.freiburg-schwarzwald.de\/blog\/wp-content\/uploads\/2012\/04\/strandbad120328-180x135.jpg 180w, https:\/\/www.freiburg-schwarzwald.de\/blog\/wp-content\/uploads\/2012\/04\/strandbad120328.jpg 640w\" sizes=\"auto, (max-width: 180px) 100vw, 180px\" \/><\/a><p id=\"caption-attachment-1210\" class=\"wp-caption-text\">Erster Badetag am 28.M\u00e4rz 2012 im Freiburger Strandbad - Schwimmen bei 20 Grad<\/p><\/div>\n<p><!--more-->Schon im vergangenen Jahr hatte das Strandbad einen Rekord aufgestellt, also es am Sonntag, 17. April, \u00f6ffnete. So 2011 noch galten strikte \u00d6ffnungszeiten f\u00fcr die st\u00e4dtischen <a title=\"Baeder\" href=\"https:\/\/www.freiburg-schwarzwald.de\/blog\/sport\/baeder\/\">B\u00e4der<\/a> von Mitte Mai bis Mitte September. Leider lie\u00df das Wetter die Ank\u00fcndigung von Stadtbau-Chef Ralf Klausmann, bereits zum 1. April 2012 das Strandbad durchg\u00e4ngig aufzumachen, nicht zu. Schon am 30.3. wurde es kalt und k\u00e4lter.\u00a0Hoffen wir auf w\u00e4rmere Tage.<\/p>\n","protected":false},"excerpt":{"rendered":"<p>Noch nie hat das Strandbad im Freiburger Osten so fr\u00fch ge\u00f6ffnet wie in diesem Jahr. Am Mittwoch 28.3.2012 um 13 Uhr konnte ich meine ersten 10 L\u00e4ngen schwimmen. Bei angenehmen 20 Grad im Wasser und sonnigen 18 Grad draussen. Und &hellip; <a href=\"https:\/\/www.freiburg-schwarzwald.de\/blog\/erster-badetag-im-strandbad-am-28-marz-bei-20-grad-im-wasser\/\">Weiterlesen <span class=\"meta-nav\">&rarr;<\/span><\/a><\/p>\n","protected":false},"author":2,"featured_media":0,"comment_status":"open","ping_status":"closed","sticky":false,"template":"","format":"standard","meta":{"footnotes":""},"categories":[49,72],"tags":[106,107],"class_list":["post-1209","post","type-post","status-publish","format-standard","hentry","category-freiburg","category-sportlern","tag-freibad","tag-schwimmen"],"_links":{"self":[{"href":"https:\/\/www.freiburg-schwarzwald.de\/blog\/wp-json\/wp\/v2\/posts\/1209","targetHints":{"allow":["GET"]}}],"collection":[{"href":"https:\/\/www.freiburg-schwarzwald.de\/blog\/wp-json\/wp\/v2\/posts"}],"about":[{"href":"https:\/\/www.freiburg-schwarzwald.de\/blog\/wp-json\/wp\/v2\/types\/post"}],"author":[{"embeddable":true,"href":"https:\/\/www.freiburg-schwarzwald.de\/blog\/wp-json\/wp\/v2\/users\/2"}],"replies":[{"embeddable":true,"href":"https:\/\/www.freiburg-schwarzwald.de\/blog\/wp-json\/wp\/v2\/comments?post=1209"}],"version-history":[{"count":0,"href":"https:\/\/www.freiburg-schwarzwald.de\/blog\/wp-json\/wp\/v2\/posts\/1209\/revisions"}],"wp:attachment":[{"href":"https:\/\/www.freiburg-schwarzwald.de\/blog\/wp-json\/wp\/v2\/media?parent=1209"}],"wp:term":[{"taxonomy":"category","embeddable":true,"href":"https:\/\/www.freiburg-schwarzwald.de\/blog\/wp-json\/wp\/v2\/categories?post=1209"},{"taxonomy":"post_tag","embeddable":true,"href":"https:\/\/www.freiburg-schwarzwald.de\/blog\/wp-json\/wp\/v2\/tags?post=1209"}],"curies":[{"name":"wp","href":"https:\/\/api.w.org\/{rel}","templated":true}]}}