{"id":120829,"date":"2024-02-18T20:53:59","date_gmt":"2024-02-18T19:53:59","guid":{"rendered":"https:\/\/www.freiburg-schwarzwald.de\/blog\/?p=120829"},"modified":"2024-02-19T09:36:52","modified_gmt":"2024-02-19T08:36:52","slug":"ampel-lenkt-buerger-ab","status":"publish","type":"post","link":"https:\/\/www.freiburg-schwarzwald.de\/blog\/ampel-lenkt-buerger-ab\/","title":{"rendered":"Ampel lenkt B\u00fcrger ab"},"content":{"rendered":"<p>Ungel\u00f6ste Probleme sollen als Aufreger die <a href=\"https:\/\/www.freiburg-schwarzwald.de\/blog\/engagement\/buerger\/\">B\u00fcrger<\/a> ablenken. Keine Regierung der letzten 75 Jahre l\u00e4\u00dft so viele Problemfelder nebeneinander mehr oder weniger unbearbeitet und ungel\u00f6st weiterlaufen wie die <a href=\"https:\/\/www.freiburg-schwarzwald.de\/blog\/engagement\/zukunft\/demokratie\/ampel\/\">Ampel-Regierung<\/a>. Und sie gibt sich von dieser Problemf\u00fclle scheinbar unber\u00fchrt und zuweilen geradezu happy. <!--more-->Denn die Ampel braucht die Probleme, um in deren Bezugnahme und Darstellung von der <a href=\"https:\/\/www.freiburg-schwarzwald.de\/blog\/engagement\/zukunft\/demokratie\/staatsversagen\/\">Misere<\/a> der eigenen Politik abzulenken.<\/p>\n<p>Die diversen Problemfelder werden nicht einer L\u00f6sung zugef\u00fchrt, sondern medial am K\u00f6cheln gehalten, um die Bev\u00f6lkerung immer wieder in Aufregung versetzen zu k\u00f6nnen und damit abzulenken von den beiden wichtigsten Vorhaben der Regierung: Der <a href=\"https:\/\/www.freiburg-schwarzwald.de\/blog\/global\/migration\/migrationspolitik\/\">Migration<\/a> und der <a href=\"https:\/\/www.freiburg-schwarzwald.de\/blog\/engagement\/zukunft\/planwirtschaft\/\">Planwirtschaft<\/a>.<\/p>\n<p>Zun\u00e4chst kurz zum Migrations-Vorhaben: \u00dcber die seit dem Jahr 2015 <a href=\"https:\/\/www.freiburg-schwarzwald.de\/blog\/global\/migration\/kontrollierte-grenzen\/\">unkontrollierten Grenzen<\/a> soll der Zustrom von Migranten permanent hoch gehalten werden. Auf die Frage &#8222;wozu?&#8220; wird hier nicht eingegangen. \u00dcber 2000 Asylantr\u00e4ge t\u00e4glich (!) wurden z.B. im Januar 2024 gestellt. Und es kommen Migranten, die zum \u00fcberwiegenden Teil ihren Lebensunterhalt nicht selbst bestreiten k\u00f6nnen und in <a href=\"https:\/\/www.freiburg-schwarzwald.de\/blog\/global\/integration\/parallelgesellschaft\/\">Parallelgesellschaften<\/a> entwurzelt und ungl\u00fccklich ihr Leben verbringen werden. Wer wissen will, wozu die unkontrollierte Immigration seit 2015 f\u00fchrt, der mu\u00df sich heraus wagen aus seiner Wohlf\u00fchlblase bzw. seinem Wohlf\u00fchlquartier und einfach mal eine normale Kita oder eine \u00f6ffentliche <a href=\"https:\/\/www.freiburg-schwarzwald.de\/blog\/bildung\/schulen\/grundschule\/\">Grundschule<\/a> besuchen: Statt Buntheit, Vielfalt und Toleranz dominiert hier eher Monotonie, Einseitigkeit und Dominanz.<br \/>\nZur Klarstellung: Ja, wir brauchen Migration, aber keine Migration in unsere sozialen Sicherungssysteme, sondern eine legale Migration in sozialversicherungspflichtige Arbeit.<\/p>\n<p>Das nach der unkontrollierten Migration zweite gro\u00dfe Vorhaben der Ampel-Regierung hat die Umwandlung der <a href=\"https:\/\/www.freiburg-schwarzwald.de\/blog\/engagement\/zukunft\/marktwirtschaft\/soziale-marktwirtschaft\/\">Marktwirtschaft<\/a> in eine <a href=\"https:\/\/www.freiburg-schwarzwald.de\/blog\/business\/volkswirtschaft\/gruene-oekonomie\/\">\u00d6ko-Planwirtschaft<\/a> zum Ziel. Kurzgefasst: Der Staat befiehlt und die Wirtschaft soll folgen.<br \/>\nDa\u00df die sozialistische zentrale Steuerung von Wirtschaftspl\u00e4nen noch nirgends auf der Welt zu anhaltendem Wohlstand und Prosperit\u00e4t gef\u00fchrt hat, wird von der Ampel und den sie st\u00fctzenden Medien nat\u00fcrlich verheimlicht.<br \/>\nGrunds\u00e4tzlich lassen sich alle Problemfelder von der Regierung quasi als Aufreger nutzen. Hier nur sieben Beispiele:<br \/>\n.<br \/>\n<strong>Aufreger 1 &#8222;Geheimtreffen&#8220;<\/strong><br \/>\nDie Ver\u00f6ffentlichung des angeblichen <a href=\"https:\/\/www.freiburg-schwarzwald.de\/blog\/kultur\/medien\/framing\/geheimtreffen\/\">&#8222;Geheimplans gegen Deutschland&#8220;<\/a> durch die Correctiv-NGO und der mediale Hype um eine bevorstehende \u201eDeportation Millionen Deutscher mit Migrationshintergrund\u201c versetzte gro\u00dfe Teile der Bev\u00f6lkerung in Aufregung. Die &#8222;Gegen rechts&#8220;-Demos begannen am 17.1.2024 und beherrschen seither die Medien . Damit wird abgelenkt vom t\u00e4glichen Zustrom von Hunderten bzw. Tausenden von Migranten und von den zahlreichen Insolvenzen mittelst\u00e4ndischer Betriebe (26 % Zunahme im Januar 2024).<\/p>\n<p><strong>Aufreger 2 &#8222;Gender&#8220;<\/strong><br \/>\n&#8222;Es gibt viele Musikrichtungen, aber nur zwei Geschlechter\u201c steht auf einem gro\u00dfen Banner, das Zuschauer des Bundesliga-Tabellenf\u00fchrers Bayer Leverkusen im heimischen Stadion zeigen. Worauf der Verein 18.000 Euro Strafe an den DFB zahlen mu\u00df und wird (2). Die gesamte deutsche <a href=\"https:\/\/www.freiburg-schwarzwald.de\/blog\/sport\/sportlern\/fussball\/\">Fussballwelt<\/a> ist in heller Aufregung, ob es nun 2 oder 72 Geschlechter g\u00e4be. Au diese Weise schafft es die <a href=\"https:\/\/www.freiburg-schwarzwald.de\/blog\/selbsthilfe\/frauen\/gender\/\">Genderei<\/a> um LGBTQ, Trans, Fr\u00fchsexualisierung, &#8222;Selbstbestimmungsgesetz&#8220;, Geschlechtsangleichung usw., die Zeitungsleser und Fernsehzuschauer abzulenken vom t\u00e4glichen Zustrom von Migranten und den anhaltenden Produktionsverlagerungen ins Ausland.<\/p>\n<p><strong>Aufreger 3 &#8222;Niedergang im Handwerk&#8220;<\/strong><br \/>\nMit ungel\u00f6sten Problemen wird geradezu kokettiert &#8211; ein Meister darin ist Bundeswirtschaftsminister Robert Habeck (1). Auf der traditionellen Handwerkermesse in Leipzig erkl\u00e4rt er mit fast weinerlicher Stimme und mitleiderregender Lamoyanz, da\u00df mit der deutschen Wirtschaft etwas &#8222;grundlegend schief&#8220; laufe und die Lage &#8222;dramatisch schlecht&#8220; sei. Doch die <a href=\"https:\/\/www.freiburg-schwarzwald.de\/blog\/business\/handwerk\/\">Handwerker<\/a> glauben ihm nicht mehr, Habeck wird ausgebuht Bereits 2022 framte er, B\u00e4ckereien gehen nicht insolvent, sondern m\u00fcssten lediglich die Produktion einstellen. Was f\u00fcr ein F\u00fcr-dumm-Halten nicht nur des B\u00e4ckerhandwerks.<\/p>\n<p><strong>Aufreger 4 &#8222;Klimakleber&#8220;<\/strong><br \/>\nSolange die Klimakleber den Berufsverkehr auf Strassen gest\u00f6rt und den Flugverkehr blockiert hatten, war das Problem der Migration und der Deindustrialisierung aus den Schlagzeilen der Medien verschwunden. Entsprechend wurde die &#8222;<a href=\"https:\/\/www.freiburg-schwarzwald.de\/blog\/natur\/klima\/klima-religion\/letzte\/\">Letzte Generation<\/a>&#8220; von Polizei und Medien mit gr\u00f6\u00dfter Nachsicht behandelt.<\/p>\n<p><strong>Aufreger 5 &#8222;Kriegsm\u00fcdigkeit&#8220;<\/strong><br \/>\nBundesverteidigungsminister Pistorius wirft den B\u00fcrgern Kriegsm\u00fcdigkeit vor. Die Kriegsrhetorik mit \u201cAtombomben\u201d, \u201cGranatenproduktion\u201d, &#8222;Russland ruinieren (Baerbock)&#8220; und \u201c300 Milliarden Sonderverm\u00f6gen Bundeswehr\u201d hat Roderich Kiesewetter am 9.2.2024 mit folgendem Statement nochmals <a href=\"https:\/\/www.freiburg-schwarzwald.de\/blog\/engagement\/zukunft\/groessenwahn\/\">gr\u00f6\u00dfenwahnsinnig<\/a> verst\u00e4rkt: <em>\u201cDer <a href=\"https:\/\/www.freiburg-schwarzwald.de\/blog\/krieg-nach-russland-tragen\/\">Krieg muss nach Russland getragen werden<\/a>. Russische Milit\u00e4reinrichtungen und Hauptquartiere m\u00fcssen zerst\u00f6rt werden. Wir m\u00fcssen alles tun, dass die Ukraine in die Lage versetzt wird, nicht nur \u00d6lraffinerien in Russland zu zerst\u00f6ren, sondern Ministerien, Kommandoposten, Gefechtsst\u00e4nde\u201d<\/em>. All dies regt die Menschen auf und lenkt sie ab vom gleichzeitigen Zustrom von Migranten und Niedergang der Volkswirtschaft.<\/p>\n<p><strong>Aufreger\u00a0 6 &#8222;Bahn&#8220;<\/strong><br \/>\nDie Deutsche Bahn geh\u00f6rt dem Staat. Anstatt sie einer grundlegenden Sanierung zu unterziehen, wird nur h\u00e4ppchenweise investiert. Zugversp\u00e4tungen, Zugausf\u00e4lle, \u00fcberf\u00fcllte Z\u00fcge, marode Bahnh\u00f6fe und kaputter <a href=\"https:\/\/www.freiburg-schwarzwald.de\/blog\/regio\/verkehr\/oepnv\/\">\u00d6PNV<\/a> eignen sich wunderbar als Aufreger, um vom Politikversagen abzulenken.<\/p>\n<p><strong>Aufreger 7 &#8222;Agrar&#8220;<\/strong><br \/>\nDie Erh\u00f6hung des Agrardiesel versetzte die Landwirte in Aufregung und die Traktoren in Bewegung. Hier k\u00f6nnte sich die Ampel-Regierung mit ihrem Ablenkungs-Trick verkalkuliert haben. Denn die <a href=\"https:\/\/www.freiburg-schwarzwald.de\/blog\/natur\/landwirt\/bauern-protest\/\">Proteste der Bauern<\/a> halten an, weiten sich aus auf Handwerk, Spediteure, Pfleger, \u00c4rzte sowie den gesamten <a href=\"https:\/\/www.freiburg-schwarzwald.de\/blog\/business\/industrie\/mittelstand\/mittelstand-proteste\/\">Mittelstand<\/a> und haben das Zeug, sich zu einem sparten\u00fcbergreifenden Aufstand zu entwickeln &#8211; nach dem Muster der <a href=\"https:\/\/www.freiburg-schwarzwald.de\/blog\/global\/eu\/gelbwesten\/\">Gelbwesten 2018<\/a> in Frankreich.<br \/>\n.<br \/>\nDer Psychologe Prof. Dr. Michael Klein setzt den Blickwinkel der Ablenkung eine Etage h\u00f6her an (3): \u201eIm Land herrscht schon l\u00e4ngst moralische Panik, die in wunderbarer Weise von den prim\u00e4ren Problemen der Gegenwart ablenkt. Hypermoralische Politik wird zur Pseudoreligion und erzeugt auch international keine Freundschaften, sondern Unverst\u00e4ndnis und Ablehnung.\u201c<br \/>\n.<br \/>\nFr\u00fchere Regierungen w\u00e4ren an einer solchen Vielzahl unbew\u00e4ltigter Probleme gescheitert und zur\u00fcckgetreten. Nicht so die Ampel. Sie nutzt Probleme \u00e4u\u00dferst geschickt, um die unzufriedenen B\u00fcrger abzulenken von ihren eigentlichen Zielen. Dies wiederum gelingt ihr nur durch die Unterst\u00fctzung der <a href=\"https:\/\/www.freiburg-schwarzwald.de\/blog\/kultur\/medien\/mainstream\/\">Mainstream-Medien<\/a>, die ihnen kritiklos freundlich zugetan sind, da \u00fcberwiegend links-orientiert. Diese Medien haben auf ihre Rolle als <a href=\"https:\/\/www.freiburg-schwarzwald.de\/blog\/kultur\/medien\/vierte-gewalt\/\">Vierte Gewalt<\/a> (Kritik und Kontrolle der anderen Gewalten) seit der Grenz\u00f6ffnung 2015 verzichtet zugunsten der Exekutive bzw. Regierung als der dritten Gewalt. Was 2015 in den Zeitungen die Sonderseiten zur &#8222;<a href=\"https:\/\/www.freiburg-schwarzwald.de\/blog\/global\/integration\/willkommenskultur\/\">Willkommenskultur<\/a>&#8222;waren, ist in 2024 der mediale Hype zu &#8222;<a href=\"https:\/\/www.freiburg-schwarzwald.de\/blog\/engagement\/zukunft\/demokratie\/gegen-rechts\/\">Gegen rcchts<\/a>&#8222;.<br \/>\n.<br \/>\nZusammenfassung: Mit Unterst\u00fctzung der Medien nutzt die Regierung ungel\u00f6ste Probleme als Aufreger, um von ihrem Versagen in der Migrations- und Wirtschaftspolitik abzulenken. Die Migration ist dabei, den Inneren Frieden (Integration gescheitert) sowie den Sozialstaat (62% des B\u00fcrgergelds an Migranten) zu zerst\u00f6ren. Durch die Vielzahl planwirtschaftlicher Experimente <a href=\"https:\/\/www.freiburg-schwarzwald.de\/blog\/business\/schrumpfung\/\">schrumpft die Wirtschaft<\/a>, wobei der Schrumpfungsprozess nicht &#8211; wie fr\u00fcher &#8211; konjunkturell bedingt ist (nach der Rezession folgt automatisch eine Erholung), sondern strukturell (der Verlust der Wettbewerbsf\u00e4higkeit h\u00e4lt \u00fcber Jahre hinweg an). Von derlei fundamentalem Niedergang l\u00e4\u00dft sich die Bev\u00f6lkerung auch durch noch so trickreiche Aufreger nicht mehr ablenken. Es wird aufregend &#8211; und zwar f\u00fcr die Regierung.<br \/>\n18.2.2024<br \/>\nDer Beitrag ist auch erschienen auf<br \/>\n<a href=\"https:\/\/ansage.org\/ungeloeste-probleme-sollen-als-aufreger-die-buerger-ablenken\">https:\/\/ansage.org\/ungeloeste-probleme-sollen-als-aufreger-die-buerger-ablenken<\/a>\/<br \/>\n.<br \/>\nEnde von Beitrag &#8222;Ampel lenkt B\u00fcrger ab&#8220;<br \/>\n=======================================================<br \/>\nBeginn von Anlagen (1) &#8211; (3)<br \/>\n.<br \/>\n.<br \/>\n<strong>(1) Robert Habeck sucht nach Schuldigen f\u00fcr den Niedergang<\/strong><br \/>\nRobert Habeck spricht von Merkel, von Putin, gar vom Faschismus, um von der schlechten Wirtschaftslage in Deutschland abzulenken. Mit jedem politisch verursachten Verlust an Wirtschaftskraft verlieren wir an Demokratie, denn Robert Habecks Subventions- und Planwirtschaft wird sich nicht realisieren lassen.<br \/>\n&#8230;<br \/>\nIn der Pandemie hat der Oppositionspolitiker Robert Habeck sich bei Hart aber fair noch gefreut, dass man eine ganze Volkswirtschaft herunterfahren kann \u2013 und zwar aus ethischen Motiven. Das Herunterfahren der Wirtschaft, man nennt es \u00fcbrigens Deindustrialisierung, die Verwandlung von Reichtum in Armut \u2013 ausgenommen bei gr\u00fcnen Funktion\u00e4ren und NGO-Alimentierten \u2013 gelingt ihm in rekordverd\u00e4chtig kurzer Zeit.<br \/>\nAuf dem Wahlparteitag der Gr\u00fcnen 2021 gab Habeck die wirtschaftspolitischen Ideen der Vulg\u00e4rmarxistin Mariana Mazzucato so zum Besten: Die \u00f6ffentliche Hand, der Staat gibt vor, wo auch B\u00fcrger und Unternehmen zu investieren haben. Die freie Marktwirtschaft sei wichtig, aber nur wenn der Staat daf\u00fcr sorgt, dass \u201edie gro\u00dfen Kr\u00e4fte der M\u00e4rkte, der Marktwirtschaft in die richtige Richtung laufen \u2013 und dann brauchen wir alle die Freiheit der M\u00e4rkte, die Kreativit\u00e4t der Unternehmerinnen und Unternehmer\u201c. Habeck glaubt wie andere an die unbefleckte Empf\u00e4ngnis wirklich daran, dass diese \u00f6ffentlichen Investitionen einen \u201egigantischen Weg von weiteren privaten Investitionen\u201c \u201eschieben\u201c werden, weil der Staat das allein nicht schafft. Man k\u00f6nnte Mazzucatos redundante Wirtschaftslyrik in dem kurzen Satz zusammenfassen: Der Staat befiehlt, die Wirtschaft folgt.<br \/>\n&#8230; Alles vom 15.2.2024 bitte lesen auf<br \/>\n<a href=\"https:\/\/www.tichyseinblick.de\/meinungen\/robert-habeck-sucht-nach-schuldigen-fuer-den-niedergang\/\">https:\/\/www.tichyseinblick.de\/meinungen\/robert-habeck-sucht-nach-schuldigen-fuer-den-niedergang\/<\/a><br \/>\n.<br \/>\n.<br \/>\n<strong>(2) Widerstand der Fu\u00dfballfans: Wie man sich wokem Druck entziehen kann<\/strong><br \/>\nDas Sportgericht des DFB verurteilt Bayer 04 Leverkusen zu 18.000 Euro Strafe, weil Fans des Vereins ein Transparent pr\u00e4sentierten mit dem Spruch: \u201eEs gibt viele Musikrichtungen, aber nur zwei Geschlechter\u201c. Fans aus anderen Vereinen, meistens im Osten, solidarisieren sich. Doch bei Weitem nicht alle: Viele andere Vereine sind l\u00e4ngst schon woke, auch weil ihre Fanbasis sich l\u00e4ngst aus einem gro\u00dfst\u00e4dtisch-akademischen Milieu rekrutiert.<br \/>\nDoch die Ereignisse in Fu\u00dfballstadien, so David Boos, geben einen Hinweis, wie gesellschaftlicher Widerstand gegen eine links-gr\u00fcne Transformationspolitik funktionieren kann: Nur wenn Konservative und Liberale sich in apolitischen Gruppen wie Vereinen organisieren, k\u00f6nnen sie auch politischem Druck standhalten.<br \/>\n&#8230; Alles vom 15.2.2024 bitte lesen auf<br \/>\n<a href=\"https:\/\/www.tichyseinblick.de\/video\/redaktionsschluss\/fussssballfans-zwei-geschlechter\/\">https:\/\/www.tichyseinblick.de\/video\/redaktionsschluss\/fussssballfans-zwei-geschlechter\/<\/a><br \/>\n.<br \/>\n.<br \/>\n<strong>(3) Die deutschen Parteien auf dem Leuchttisch<\/strong><br \/>\nEine \u00dcbersicht der derzeitigen politischen Konstellationen in diesem Land. Der gegenw\u00e4rtige Versuch das herrschende Ein-Drittel-Lager mit Aufm\u00e4rschen zu zementieren wird scheitern.<br \/>\nIm Zusammenhang der gesamtgesellschaftlichen Krisenentwicklung der letzten Jahre hat sich Deutschland politisch-ideologisch in ein zunehmend regressiver und irrationaler geb\u00e4rdendes Gemeinwesen mit zahlreichen verfeindeten Abteilungen verwandelt. Die \u00fcberzogen hochgeputschten Aufm\u00e4rsche gegen \u201eEinheimisch-rechts\u201c bzw. die AfD sind als ein Symptom dieser Entwicklung zu lesen. \u201eIm Land\u201c, so die Einsicht des Experten f\u00fcr politische Psychologie, Prof. Dr. Michael Klein,<br \/>\n<a href=\"https:\/\/www.tichyseinblick.de\/gastbeitrag\/angst-hypermoral-deutschland-klima-diktatur\/\">https:\/\/www.tichyseinblick.de\/gastbeitrag\/angst-hypermoral-deutschland-klima-diktatur\/<\/a><br \/>\n\u201eherrscht schon l\u00e4ngst moralische Panik, die in wunderbarer Weise von den prim\u00e4ren Problemen der Gegenwart ablenkt. Hypermoralische Politik wird zur Pseudoreligion und erzeugt auch international keine Freundschaften, sondern Unverst\u00e4ndnis und Ablehnung.\u201c<br \/>\nEin kurzer Blick auf die gegenw\u00e4rtige politische Konstellation zeigt folgendes Bild: Eine fortschrittlich-emanzipatorische Linke in Gestalt einer Partei, die kritisch-theoretisch und politisch-praktisch Kapitalismuskritik mit allgemeiner (kultur\u00fcbergreifender) Herrschafts- und Religionskritik (heute insbesondere Islamkritik) verbindet, existiert nicht.<br \/>\nDas, was heute als \u201eLinke\u201c bezeichnet wird, ist \u2013 neben poststalinistischen Restsekten \u2013 ein verwilderter \u201ewoker\u201c Haufen bizarrer (oftmals proislamistischer) Gruppen, vollgesogen mit postmoderner Ideologie, der objektiv als funktionaler \u201ePudel\u201c des globalkapitalistischen Herrschaftskartells fungiert. (Gewisserma\u00dfen als staatlich eingemeindete Stra\u00dfengang der \u201eDavos-Bourgeoisie\u201c gegen den oppositionellen nationalkonservativen Fl\u00fcgel des globalisierungsskeptischen Gro\u00df- und Kleinb\u00fcrgertums.)<br \/>\nVor diesem Hintergrund konnte sich eine paradoxe Verkehrung auf der klassischen Rechts-Links-Achse herausbilden, wonach \u2013 als herausragendes Beispiel \u2013 Islamkritik = rechts (fremdenfeindlich, gar \u201erassistisch\u201c) sei und umgekehrt Islamapologetik = progressiv, humanistisch, weltoffen etc. Dabei lie\u00df sich diese absurde Verkehrung, die massenmedial gro\u00dffl\u00e4chig propagiert wurde, zun\u00e4chst vorz\u00fcglich instrumentalisieren, um die globalkapitalistische Migrationsagenda (siehe UN-Migrationspakt und entsprechende EU-Vereinbarungen) scheinhumanistisch zu legitimieren und das Lager der naiven \u201eGutmenschen\u201c (zumeist gr\u00fcn-schwarzer Pr\u00e4gung) einzukassieren: \u201eWir schaffen das\u201c. &#8230;<br \/>\n&#8230; Alles vom 17.2.2024 bitte lesen auf<br \/>\n<a href=\"https:\/\/www.achgut.com\/artikel\/die_deutschen_parteien_auf_dem_leuchttisch\">https:\/\/www.achgut.com\/artikel\/die_deutschen_parteien_auf_dem_leuchttisch<\/a><\/p>\n","protected":false},"excerpt":{"rendered":"<p>Ungel\u00f6ste Probleme sollen als Aufreger die B\u00fcrger ablenken. Keine Regierung der letzten 75 Jahre l\u00e4\u00dft so viele Problemfelder nebeneinander mehr oder weniger unbearbeitet und ungel\u00f6st weiterlaufen wie die Ampel-Regierung. Und sie gibt sich von dieser Problemf\u00fclle scheinbar unber\u00fchrt und zuweilen &hellip; <a href=\"https:\/\/www.freiburg-schwarzwald.de\/blog\/ampel-lenkt-buerger-ab\/\">Weiterlesen <span class=\"meta-nav\">&rarr;<\/span><\/a><\/p>\n","protected":false},"author":2,"featured_media":0,"comment_status":"open","ping_status":"closed","sticky":false,"template":"","format":"standard","meta":{"footnotes":""},"categories":[18,181,63,13,80],"tags":[806,766,749,720,525],"class_list":["post-120829","post","type-post","status-publish","format-standard","hentry","category-bildung","category-buergerbeteiligung","category-krise","category-kultur","category-medien","tag-ampel","tag-buerger","tag-diskussionskultur","tag-medien","tag-politik"],"_links":{"self":[{"href":"https:\/\/www.freiburg-schwarzwald.de\/blog\/wp-json\/wp\/v2\/posts\/120829","targetHints":{"allow":["GET"]}}],"collection":[{"href":"https:\/\/www.freiburg-schwarzwald.de\/blog\/wp-json\/wp\/v2\/posts"}],"about":[{"href":"https:\/\/www.freiburg-schwarzwald.de\/blog\/wp-json\/wp\/v2\/types\/post"}],"author":[{"embeddable":true,"href":"https:\/\/www.freiburg-schwarzwald.de\/blog\/wp-json\/wp\/v2\/users\/2"}],"replies":[{"embeddable":true,"href":"https:\/\/www.freiburg-schwarzwald.de\/blog\/wp-json\/wp\/v2\/comments?post=120829"}],"version-history":[{"count":5,"href":"https:\/\/www.freiburg-schwarzwald.de\/blog\/wp-json\/wp\/v2\/posts\/120829\/revisions"}],"predecessor-version":[{"id":120852,"href":"https:\/\/www.freiburg-schwarzwald.de\/blog\/wp-json\/wp\/v2\/posts\/120829\/revisions\/120852"}],"wp:attachment":[{"href":"https:\/\/www.freiburg-schwarzwald.de\/blog\/wp-json\/wp\/v2\/media?parent=120829"}],"wp:term":[{"taxonomy":"category","embeddable":true,"href":"https:\/\/www.freiburg-schwarzwald.de\/blog\/wp-json\/wp\/v2\/categories?post=120829"},{"taxonomy":"post_tag","embeddable":true,"href":"https:\/\/www.freiburg-schwarzwald.de\/blog\/wp-json\/wp\/v2\/tags?post=120829"}],"curies":[{"name":"wp","href":"https:\/\/api.w.org\/{rel}","templated":true}]}}