{"id":12067,"date":"2012-10-01T10:14:16","date_gmt":"2012-10-01T08:14:16","guid":{"rendered":"https:\/\/www.freiburg-schwarzwald.de\/blog\/?p=12067"},"modified":"2012-10-01T11:16:38","modified_gmt":"2012-10-01T09:16:38","slug":"mobbing-schlagfertigkeitstrainer","status":"publish","type":"post","link":"https:\/\/www.freiburg-schwarzwald.de\/blog\/mobbing-schlagfertigkeitstrainer\/","title":{"rendered":"Mobbing Schlagfertigkeitstrainer"},"content":{"rendered":"<p>H\u00e4nseleien, Kr\u00e4nkungen und <a title=\"Mobbing\" href=\"https:\/\/www.freiburg-schwarzwald.de\/blog\/selbsthilfe\/krise\/mobbing\/\">Mobbing<\/a> in der Schule nehmen zu. Matthias P\u00f6hm, Autor des Ratgebers &#8222;Schlagfertig auf dem Schulhof, empfiehlt das Auswendiglernen vorgefertigter Antworten. Auf &#8222;Du bist aber fett!&#8220; ruhig antworten &#8222;Gratulation, du bist der Erste, der das korrekt erkannt hat. \u00dcbrigens, was haben wir heute in Mathe auf?&#8220; Zuerst durch unerwartetes Zustimmen den Angreifer dupieren, dann \u00fcberleiten. Das ist beliebig variierbar. Auf &#8222;Du stinkst&#8220; antwortet man &#8222;Gute Nase, Mann.&#8220; Eine gute Standardantwort ist\u00a0auch: &#8222;Kennst du meinen Gro\u00dfvater?&#8220; Wenn der andere\u00a0irritiert fragt &#8222;Warum?&#8220;,\u00a0kann man antworten: &#8222;Na, weil du dieselben ausgelatschten Spr\u00fcche benutzt wie er&#8220;. <!--more--><\/p>\n<p><strong>Sind Kinder denn grausamer als Erwachsene?<\/strong><br \/>\nP\u00f6hm: Eindeutig. Erwachsene brauchen einen Anlass, Kinder sind ganz allgemein im Alltag grausam. Ein Kind hat ja auch etwa keine Bedenken, einer Fliege die Fl\u00fcgel auszurei\u00dfen.<br \/>\n<em>Haben Sie das Gef\u00fchl, dass das Mobbing auf Schulh\u00f6fen schlimmer geworden ist?<\/em><br \/>\nP\u00f6hm: Ja. Ich erkl\u00e4re mir das mit dem Imitationsverhalten. Kinder sehen bei anderen oder im Fernsehen, dass da geh\u00e4nselt wird, und machen es nach. Das wird aber auch irgendwann wieder aus der Mode kommen.\u00a0&#8230;.<br \/>\nAlles auf <a href=\"https:\/\/www.badische-zeitung.de\/fudder-x1x\/stinkst-8211-gute-nase-mann-poehm--3900552.html\">https:\/\/www.badische-zeitung.de\/fudder-x1x\/stinkst-8211-gute-nase-mann-poehm&#8211;3900552.html<\/a>\u00a0<\/p>\n<p>P\u00f6hm, Matthias: Schlagfertig auf dem Schulhof!<br \/>\nWie man Gro\u00dfm\u00e4ulern clever Paroli bietet&#8220;, MVG Verlag, 12,90 Euro<\/p>\n<p>&nbsp;<\/p>\n","protected":false},"excerpt":{"rendered":"<p>H\u00e4nseleien, Kr\u00e4nkungen und Mobbing in der Schule nehmen zu. Matthias P\u00f6hm, Autor des Ratgebers &#8222;Schlagfertig auf dem Schulhof, empfiehlt das Auswendiglernen vorgefertigter Antworten. Auf &#8222;Du bist aber fett!&#8220; ruhig antworten &#8222;Gratulation, du bist der Erste, der das korrekt erkannt hat. &hellip; <a href=\"https:\/\/www.freiburg-schwarzwald.de\/blog\/mobbing-schlagfertigkeitstrainer\/\">Weiterlesen <span class=\"meta-nav\">&rarr;<\/span><\/a><\/p>\n","protected":false},"author":4,"featured_media":0,"comment_status":"open","ping_status":"closed","sticky":false,"template":"","format":"standard","meta":{"footnotes":""},"categories":[61,95],"tags":[332],"class_list":["post-12067","post","type-post","status-publish","format-standard","hentry","category-kinder","category-schulen","tag-mobbing"],"_links":{"self":[{"href":"https:\/\/www.freiburg-schwarzwald.de\/blog\/wp-json\/wp\/v2\/posts\/12067","targetHints":{"allow":["GET"]}}],"collection":[{"href":"https:\/\/www.freiburg-schwarzwald.de\/blog\/wp-json\/wp\/v2\/posts"}],"about":[{"href":"https:\/\/www.freiburg-schwarzwald.de\/blog\/wp-json\/wp\/v2\/types\/post"}],"author":[{"embeddable":true,"href":"https:\/\/www.freiburg-schwarzwald.de\/blog\/wp-json\/wp\/v2\/users\/4"}],"replies":[{"embeddable":true,"href":"https:\/\/www.freiburg-schwarzwald.de\/blog\/wp-json\/wp\/v2\/comments?post=12067"}],"version-history":[{"count":0,"href":"https:\/\/www.freiburg-schwarzwald.de\/blog\/wp-json\/wp\/v2\/posts\/12067\/revisions"}],"wp:attachment":[{"href":"https:\/\/www.freiburg-schwarzwald.de\/blog\/wp-json\/wp\/v2\/media?parent=12067"}],"wp:term":[{"taxonomy":"category","embeddable":true,"href":"https:\/\/www.freiburg-schwarzwald.de\/blog\/wp-json\/wp\/v2\/categories?post=12067"},{"taxonomy":"post_tag","embeddable":true,"href":"https:\/\/www.freiburg-schwarzwald.de\/blog\/wp-json\/wp\/v2\/tags?post=12067"}],"curies":[{"name":"wp","href":"https:\/\/api.w.org\/{rel}","templated":true}]}}