{"id":12062,"date":"2012-10-01T09:05:10","date_gmt":"2012-10-01T07:05:10","guid":{"rendered":"https:\/\/www.freiburg-schwarzwald.de\/blog\/?p=12062"},"modified":"2012-10-01T09:45:26","modified_gmt":"2012-10-01T07:45:26","slug":"badenweiler-literaturtage","status":"publish","type":"post","link":"https:\/\/www.freiburg-schwarzwald.de\/blog\/badenweiler-literaturtage\/","title":{"rendered":"Badenweiler Literaturtage"},"content":{"rendered":"<p>Der Philosoph R\u00fcdiger Safranski (67) hat 2008\u00a0seinen Erstwohnsitz von Berlin nach Badenweiler verlegt.\u00a0Jetzt richtet er vom 3.-7.Oktober im Badenweiler Grandhotel R\u00f6merbad die ersten Badenweiler <a title=\"Literatur\" href=\"https:\/\/www.freiburg-schwarzwald.de\/blog\/kultur\/dichter\/literatur\/\">Literaturtage<\/a> aus &#8211; unter dem Motto &#8222;Du musst dein Leben \u00e4ndern!&#8220;\u00a0 Dazu der Organisator:\u00a0\u201eDas kann vieles bedeuten: Bewusstwerden, Reinigung der Gef\u00fchle, Entfaltung der Phantasie, spielerisches Probehandeln, Aufl\u00f6sung von Denkblockaden und seelischen Erstarrungen, innere Sammlung und Ein\u00fcbung von Achtsamkeit. Gr\u00fcnde genug, sich Gedanken \u00fcber die \u201aHeilkraft der Literatur\u2019 zu machen.\u201c<br \/>\n<a href=\"https:\/\/www.badenweiler-literaturtage.de\">www.badenweiler-literaturtage.de<\/a> <!--more--><\/p>\n<p><strong>Die Heilkraft der Literatur<\/strong><br \/>\nBS: Das Festival soll weiter im Jahresturnus stattfinden?<br \/>\nSafranski: Wir sind finster entschlossen weiterzumachen. Wir hoffen, dass die Gemeinde es noch st\u00e4rker zu ihrer Sache macht. Es muss im Ort als eine Sache des Ortes begriffen werden. Ich war gerade beim Philosophikum Lech. Das gibt es seit 15 Jahren. Der ganze Ort, auch Leute, die an sich mit Philosophie nichts zu tun haben, steht dahinter. So muss es auch hier sein. \u00dcber die Stra\u00dfe muss eine Banderole gespannt sein:&#8220;Literaturtage Badenweiler&#8220;. In jedem Gesch\u00e4ft muss ein Flyer ausliegen. Es w\u00e4re sch\u00f6n, wenn die Gemeinde einen Stolz auf solch ein Ereignis entwickelt&#8230;.<br \/>\nKomplettes Interview von Bettina Schulte vom 1.10.2012 bitte lesen auf<br \/>\n<a href=\"https:\/\/www.badische-zeitung.de\/literatur-1\/wir-sprechen-ueber-die-heilkraft-der-literatur--64159922.html\">https:\/\/www.badische-zeitung.de\/literatur-1\/wir-sprechen-ueber-die-heilkraft-der-literatur&#8211;64159922.html<\/a><\/p>\n","protected":false},"excerpt":{"rendered":"<p>Der Philosoph R\u00fcdiger Safranski (67) hat 2008\u00a0seinen Erstwohnsitz von Berlin nach Badenweiler verlegt.\u00a0Jetzt richtet er vom 3.-7.Oktober im Badenweiler Grandhotel R\u00f6merbad die ersten Badenweiler Literaturtage aus &#8211; unter dem Motto &#8222;Du musst dein Leben \u00e4ndern!&#8220;\u00a0 Dazu der Organisator:\u00a0\u201eDas kann vieles &hellip; <a href=\"https:\/\/www.freiburg-schwarzwald.de\/blog\/badenweiler-literaturtage\/\">Weiterlesen <span class=\"meta-nav\">&rarr;<\/span><\/a><\/p>\n","protected":false},"author":4,"featured_media":0,"comment_status":"open","ping_status":"closed","sticky":false,"template":"","format":"standard","meta":{"footnotes":""},"categories":[98,179],"tags":[248],"class_list":["post-12062","post","type-post","status-publish","format-standard","hentry","category-literatur","category-markgraeflerland","tag-feste"],"_links":{"self":[{"href":"https:\/\/www.freiburg-schwarzwald.de\/blog\/wp-json\/wp\/v2\/posts\/12062","targetHints":{"allow":["GET"]}}],"collection":[{"href":"https:\/\/www.freiburg-schwarzwald.de\/blog\/wp-json\/wp\/v2\/posts"}],"about":[{"href":"https:\/\/www.freiburg-schwarzwald.de\/blog\/wp-json\/wp\/v2\/types\/post"}],"author":[{"embeddable":true,"href":"https:\/\/www.freiburg-schwarzwald.de\/blog\/wp-json\/wp\/v2\/users\/4"}],"replies":[{"embeddable":true,"href":"https:\/\/www.freiburg-schwarzwald.de\/blog\/wp-json\/wp\/v2\/comments?post=12062"}],"version-history":[{"count":0,"href":"https:\/\/www.freiburg-schwarzwald.de\/blog\/wp-json\/wp\/v2\/posts\/12062\/revisions"}],"wp:attachment":[{"href":"https:\/\/www.freiburg-schwarzwald.de\/blog\/wp-json\/wp\/v2\/media?parent=12062"}],"wp:term":[{"taxonomy":"category","embeddable":true,"href":"https:\/\/www.freiburg-schwarzwald.de\/blog\/wp-json\/wp\/v2\/categories?post=12062"},{"taxonomy":"post_tag","embeddable":true,"href":"https:\/\/www.freiburg-schwarzwald.de\/blog\/wp-json\/wp\/v2\/tags?post=12062"}],"curies":[{"name":"wp","href":"https:\/\/api.w.org\/{rel}","templated":true}]}}