{"id":119725,"date":"2024-01-19T18:04:00","date_gmt":"2024-01-19T17:04:00","guid":{"rendered":"https:\/\/www.freiburg-schwarzwald.de\/blog\/?p=119725"},"modified":"2024-01-24T13:32:16","modified_gmt":"2024-01-24T12:32:16","slug":"geheimtreffen-correctiv-wannsee","status":"publish","type":"post","link":"https:\/\/www.freiburg-schwarzwald.de\/blog\/geheimtreffen-correctiv-wannsee\/","title":{"rendered":"Geheimtreffen Correctiv Wannsee"},"content":{"rendered":"<p>Bei einem <a href=\"https:\/\/www.freiburg-schwarzwald.de\/blog\/friedensjahr-2024-warum-nicht\/\">Privattreffen<\/a> am 25.11.2023 wird das Thema <a href=\"https:\/\/www.freiburg-schwarzwald.de\/blog\/global\/integration\/abschiebung\/remigration\/\">Remigration<\/a> diskutiert. Am 10.1.2024 ver\u00f6ffentlicht die <a href=\"https:\/\/www.freiburg-schwarzwald.de\/blog\/vereine\/ngo\/\">NGO<\/a> Correctiv.org hierzu den Bericht <a href=\"https:\/\/www.freiburg-schwarzwald.de\/blog\/kultur\/medien\/framing\/geheimtreffen\/\">&#8222;Neue Rechte: Geheimplan gegen Deutschland&#8220;<\/a>. Und am 17.1.2024 f\u00fchrt das Berliner Ensemble hierzu ein Theaterst\u00fcck auf.<!--more--><br \/>\n.<br \/>\nFragen \u00fcber Fragen:<br \/>\n1) Warum hat Correctiv den Bericht erst 46 Tage nach dem Ereignis ver\u00f6ffentlicht? Und gerade jetzt in Zeiten der Proteste von <a href=\"https:\/\/www.freiburg-schwarzwald.de\/blog\/natur\/landwirt\/bauern-protest\/\">Bauern<\/a> und <a href=\"https:\/\/www.freiburg-schwarzwald.de\/blog\/business\/industrie\/mittelstand\/mittelstand-proteste\/\">Mittelstand<\/a>?<br \/>\n2) Warum \u00fcbernehmen die Regierung und die Medien unkritisch und 1-zu-1?<br \/>\n3) Wie ist eine <a href=\"https:\/\/www.freiburg-schwarzwald.de\/blog\/kultur\/medien\/framing\/geheimtreffen\/\">Theaterauff\u00fchrung<\/a> nach nur siebent\u00e4giger Probezeit m\u00f6glich? Wurde unabh\u00e4ngig vom Ergebnis der Recherche bereits fr\u00fcher geprobt?<br \/>\n4) Warum hat Correctiv nicht sofort im Zuge seiner Recherche die Staatsanwaltschaft bzw. den <a href=\"https:\/\/www.freiburg-schwarzwald.de\/blog\/engagement\/zukunft\/demokratie\/verfassung\/verfassungsschutz\/\">Verfassungsschutz<\/a> eingeschaltet, wo es doch die Gefahr eines Umsturzes durch <a href=\"https:\/\/www.freiburg-schwarzwald.de\/blog\/engagement\/zukunft\/demokratie\/verfassung\/staatsfeinde\/\">Staatsfeinde<\/a> aufgedeckt hat?<br \/>\n5) Warum wurden bis heute keinerlei Strafverfahren gegen die Teilnehmer des sog. &#8222;Geheimtreffens&#8220; eingeleitet?<br \/>\n6) Warum stellt Correctiv eine direkte <a href=\"https:\/\/www.freiburg-schwarzwald.de\/blog\/die-nazi-keule-wirkt-nicht-mehr\/\">Verbindung<\/a> des &#8222;Geheimtreffens&#8220; zum Zivilisationsbruch der &#8222;Wannseekonferenz&#8220; von 1945 her?<br \/>\n7) Warum liefert Correctiv keine Beweise und Belege au\u00dfer unscharfen Fotos (1)?<br \/>\n8) Warum gibt es unter den reichweitenstarken <a href=\"https:\/\/www.freiburg-schwarzwald.de\/blog\/kultur\/medien\/mainstream\/\">Mainstream<\/a>-Medien keine, die den doch zahlreichen Ungereimtheiten um das &#8222;Geheimtreffen&#8220; nahe Potsdam mit eigener Recherche nachgehen &#8211; als unabh\u00e4ngige &#8222;<a href=\"https:\/\/www.freiburg-schwarzwald.de\/blog\/kultur\/medien\/vierte-gewalt\/\">Vierte Gewalt&#8220;<\/a> ?<br \/>\n.<br \/>\nCorrectiv beginnt den Bericht \u201eNeue Rechte: Geheimplan gegen Deutschland\u201c so:<br \/>\n<em>&#8222;Es ist der Morgen des 25. November, kurz vor neun Uhr, ein tr\u00fcber Samstag. Auf den geparkten Autos im Hof sammelt sich Schnee. [\u2026] Hier zeigt sich, was passieren kann, wenn sich rechtsextreme Ideengeber, Vertreter der AfD und finanzstarke Unterst\u00fctzer der rechten Szene mischen. Ihr wichtigstes Ziel: Menschen sollen aufgrund rassistischer Kriterien aus Deutschland vertrieben werden k\u00f6nnen. [\u2026] Wom\u00f6glich ist es auch Zufall, dass die Organisatoren gerade diese Villa f\u00fcr ihr konspiratives Treffen gew\u00e4hlt haben: Knapp acht Kilometer entfernt von dem Hotel steht das Haus der Wannseekonferenz, auf der die Nazis die systematische Vernichtung der Juden koordinierten.\u201d<\/em><br \/>\n<em><a href=\"https:\/\/correctiv.org\/aktuelles\/neue-rechte\/2024\/01\/10\/geheimplan-remigration-vertreibung-afd-rechtsextreme-november-treffen\/\">https:\/\/correctiv.org\/aktuelles\/neue-rechte\/2024\/01\/10\/geheimplan-remigration-vertreibung-afd-rechtsextreme-november-treffen\/<\/a><br \/>\n<\/em>\u00a0.<br \/>\nCorrectiv stellt also gleich zu Anfang eine Verbindung zur Wannseekonferenz von 1945 her, um in Analogie dazu einen &#8222;Geheimplan&#8220; zur &#8222;Massen-Deportation&#8220; von Menschen mit und ohne <a href=\"https:\/\/www.freiburg-schwarzwald.de\/blog\/global\/migration\/migrationshintergrund\/\">Migrationshintergrund<\/a> zu konstruieren. Die Mainstreammedien verbreiten diese Analogie. Das &#8222;Geheimtreffen&#8220; selbst liefert kaum Fakten, Begriffe wie &#8222;Deportation&#8220; und &#8222;Vertreibung&#8220; fielen dort nicht. Gerade deshalb ist das daran angekn\u00fcpfte <a href=\"https:\/\/www.freiburg-schwarzwald.de\/blog\/realitaet-schlaegt-narrative\/\">Narrativ<\/a> einer angeblich aufgedeckten &#8222;Wannseekonferenz 2.0&#8220; so wichtig: Denn es liefert eine Metaebene (2) mit einer <a href=\"https:\/\/www.freiburg-schwarzwald.de\/blog\/engagement\/zukunft\/demokratie\/extremismus\/rechtsextremismus\/\">rechtsextremen<\/a> Bedrohungslage und die Begr\u00fcndung zu Anti-AfD-Demonstrationen sowie AfD-Verbotsverfahren.<br \/>\nDie Medien ziehen mit. So f\u00fcgt die S\u00e4chsische Zeitung gar der Titelzeile \u201eDeportation f\u00fcr Staatsb\u00fcrger: was die Remigrationspl\u00e4ne der AfD bedeuten\u201c ein Foto hinzu (2), das Juden zeigt, die einen Viehwaggon besteigen m\u00fcssen. So etwas nennt man Desinformation bzw. <a href=\"https:\/\/www.freiburg-schwarzwald.de\/blog\/kultur\/medien\/hass\/hetze\/\">Hetze<\/a>.<br \/>\n.<br \/>\n&#8222;Die reine, einfache Behauptung ohne Begr\u00fcndung und jeden Beweis ist ein sicheres Mittel, um der Massenseele eine Idee einzufl\u00f6\u00dfen. Je bestimmter eine Behauptung, je freier sie von Beweisen und Belegen ist, desto mehr Ehrfurcht erweckt sie.\u201c<br \/>\n(Gustave Le Bon, Psychologie der Massen, 1895).<br \/>\nDas &#8222;Geheimtreffen&#8220; von Correctiv erm\u00f6glicht die Behauptungen um eine angebliche &#8222;Wannseekonferenz 2.0&#8220; mitsamt &#8222;Massendeportationen&#8220; von Migranten und sogar der &#8222;Vertreibung&#8220; von Deutschen. Leider sind viele B\u00fcrger nicht bereit, all dies <a href=\"https:\/\/www.freiburg-schwarzwald.de\/blog\/kultur\/medien\/kritik\/\">kritisch<\/a> zu hinterfragen. Leider wird alles geglaubt, zumal wenn die Qualit\u00e4tsmedien und <a href=\"https:\/\/www.freiburg-schwarzwald.de\/blog\/kultur\/medien\/oerr\/\">\u00d6RR<\/a> es verk\u00fcndigen.<br \/>\n.<br \/>\nOb die AfD zu verbieten ist, ist eine Frage, die man kl\u00e4ren mu\u00df. Die Frage eines AfD-Verbots mit dem Privattreffen vom 25.11.2023 im Landhotel Adlon bei Potsdam zu verkn\u00fcpfen, ist jedoch unzul\u00e4ssig. Schlie\u00dflich fehlen jegliche Beweise und Belege f\u00fcr strafbare Handlungen bei diesem Treffen. Hier sind &#8211; dem Rechtsstaat gem\u00e4\u00df &#8211; unabh\u00e4ngige Journalisten und Juristen gefordert.<br \/>\n<a href=\"https:\/\/www.freiburg-schwarzwald.de\/blog\/kultur\/medien\/framing\/geheimtreffen\/\">Die M\u00e4r vom \u201eGeheimtreffen\u201c im Faktencheck<\/a> (24.1.2024)<br \/>\n19.1.2024<br \/>\n.<br \/>\nEnde von Beitrag &#8222;Geheimtreffen Correctiv Wannsee&#8220;<br \/>\n======================================================<br \/>\nBeginn von Anlagen (1) &#8211; (2)<br \/>\n.<br \/>\n.<br \/>\n<strong>(1) Zu Belegen, Beweisen und Quellen im Deutschland-Theater von Correctiv<\/strong><br \/>\n&#8230;<br \/>\n\u201eGeheimplan gegen Deutschland\u201c (1: <a href=\"https:\/\/correctiv.org\/aktuelles\/neue-rechte\/2024\/01\/10\/geheimplan-remigration-vertreibung-afd-rechtsextreme-november-treffen\/\">https:\/\/correctiv.org\/aktuelles\/neue-rechte\/2024\/01\/10\/geheimplan-remigration-vertreibung-afd-rechtsextreme-november-treffen\/<\/a> ) \u2013 unter diesem etwas rei\u00dferischen Titel ver\u00f6ffentlicht das Faktencheckerportal Correctiv am 10. Januar 2024 eine Recherche, die Deutschland bewegt. So soll ein konspiratives Treffen am 25. November 2023 im Landhaus Adlon bei Potsdam stattgefunden haben. Die beteiligten Akteure \u201eplanten nichts Geringeres als die Vertreibung von Millionen von Menschen aus Deutschland\u201c. So teasert Correctiv den Artikel an.<br \/>\nHandelt es sich wirklich um eine Verschw\u00f6rung b\u00f6ser Kr\u00e4fte oder verbreitet Correctiv hier eine Verschw\u00f6rungstheorie in Form eines inszenierten Theaterst\u00fccks? Ein Theaterst\u00fcck ist es ohne Zweifel. Als solches ist die Recherche stilistisch angelegt. Zwischen dem Ereignis und der Ver\u00f6ffentlichung des Theaterst\u00fccks lagen 46 Tage. Das am 10. Januar ver\u00f6ffentlichte Skript wird am 17. Januar (!) vom Berliner Ensemble uraufgef\u00fchrt (2; <a href=\"https:\/\/www.berliner-ensemble.de\/inszenierung\/correctiv\">https:\/\/www.berliner-ensemble.de\/inszenierung\/correctiv<\/a> ).<br \/>\n&#8230;<br \/>\nVermeintliche Quellen<br \/>\nWie gewohnt integriert das Recherchenetzwerk Dutzende Quellen in seinen Artikel. Oberfl\u00e4chlich betrachtet verhei\u00dft ein solcher Artikel Seriosit\u00e4t, \u00dcberpr\u00fcfbarkeit und eine Tiefenrecherche. Nur belegen s\u00e4mtliche Quellen nicht die eingangs aufgestellte Behauptung, dass hier eine Gruppe von Verschw\u00f6rern \u201enichts Geringeres als die Vertreibung von Millionen von Menschen aus Deutschland\u201c plane. Die Quellen sind belanglos. Dass Marco Wanderwitz eine Petition zur Aufl\u00f6sung der AfD startete, ist bekannt. Dass der Verfassungsschutz die AfD in einigen Bundesl\u00e4ndern als rechtsextrem einstuft, ist ebenso bekannt. Es hat genau nichts mit dem aufgestellten Vorwurf zu tun. Viele der Quellen sind selbstreferenziell und verlinken auf alte Correctiv-Artikel. Correctiv beweist seine Thesen durch Correctiv.<\/p>\n<p>Fehlende Quellen<br \/>\nFotos der Einladungen\/Briefe? Es gibt sie nicht. Mitschnitte, Tonaufnahmen, Transkripte der Reden, die belegen, dass hier Menschen belegbar Ungeheuerliches und Verfassungswidriges gesagt oder gefordert haben? Das alles gibt es nicht. Zumindest werden die Quellen dem Leser nicht pr\u00e4sentiert. Einige Akteure wurden laut Artikel um eine Stellungnahme gebeten. Warum nicht alle? Auch hier: Correctiv bildet keine Anfrage und kein Antwortschreiben im Original ab, damit sich der geneigte Leser an der Quelle ein eigenes Urteil bilden kann. Es bleibt bei einer subjektiven Nacherz\u00e4hlung von Correctiv. Die mag stimmen oder nicht.<br \/>\n&#8230;<br \/>\nDer Protagonist Martin Sellner<br \/>\nDer Fokus des Artikels liegt auf Martin Sellner, Teil der \u201eIdentit\u00e4ren Bewegung\u201c, Autor des Buches \u201eRegime Change von rechts\u201c \u2013 ein Mensch, den man kritisch sehen darf, vielleicht sogar sehen muss. Ihm werden Worte wie \u201eMasterplan\u201c in den Mund gelegt. Verbindungen zur Wannseekonferenz, einem dunklen Teil der deutschen Geschichte, werden hergestellt. Sellner selbst behauptet, nichts von dem, was ihm vorgeworfen werde, so gesagt oder gemeint zu haben. Im Kern wehrt sich Sellner gegen den Vorwurf, eine gewaltsame Vertreibung von Menschen oder die Abschiebung aller Migranten auch nur irgendwie gefordert zu haben. (4: <a href=\"https:\/\/x.com\/stolzler91\/status\/1745110271259972049?s=46&amp;t=g39zfMWSCx-cA5lu7rWOqA\">https:\/\/x.com\/stolzler91\/status\/1745110271259972049?s=46&amp;t=g39zfMWSCx-cA5lu7rWOqA<\/a> )<\/p>\n<p>&#8230; Alles vom 12.1.2024 bitte lesen auf<br \/>\n<a href=\"https:\/\/clubderklarenworte.de\/das-deutschland-theater-von-correctiv\/\">https:\/\/clubderklarenworte.de\/das-deutschland-theater-von-correctiv\/<\/a><br \/>\n.<br \/>\n.<br \/>\n<strong>(2) Correctiv, Wannsee und der Moralputsch der Wohlgesinnten<\/strong><br \/>\nDie Berichte \u00fcber einen angeblichen Potsdamer Deportations-Geheimplan enthalten zwar kaum Substanz, bewirken aber viel: Ihre politisch-mediale Verwertung zielt auf die Errichtung einer autorit\u00e4ren Postdemokratie. Das Land steht tats\u00e4chlich an einem Kipppunkt \u2013 aber anders, als viele im politisch-medialen Komplex suggerieren.<br \/>\n&#8230;<br \/>\nDas Wissen \u00fcber die Correctiv-Ver\u00f6ffentlichung unterteilt sich in mehrere Hauptpunkte.<br \/>\nErstens fand in Potsdam kein Geheimtreffen statt, sondern eine private Veranstaltung mit ziemlich gro\u00dfem Verteiler. Anderenfalls h\u00e4tten die Correctiv-Mitarbeiter sich nicht rechtzeitig in das Hotel einbuchen k\u00f6nnen, um sich dort auf Lauschposten zu begeben.<\/p>\n<p>Zweitens stellte der \u00d6sterreicher Martin Sellner dort keinen Geheimplan vor, sondern im Wesentlichen den Inhalt seines Buchs \u201eRegimewechsel von rechts\u201c, das es inzwischen in vierter Auflage gibt. Zur Informationsbeschaffung bedurfte es also keiner klandestinen Operation; der Gang in einen Buchladen h\u00e4tte gen\u00fcgt.<\/p>\n<p>Drittens liefert Correctiv wiederum an keiner Stelle einen Beleg, dass Sellner oder jemand anderes in Potsdam tats\u00e4chlich die massenhafte oder auch nur gelegentliche Ausb\u00fcrgerung von Deutschen mit Migrationshintergrund gefordert h\u00e4tte. Der Begriff \u201eDeportation\u201c kommt noch nicht einmal in dem Correctiv-Text selbst vor, sondern erst in dem medialen Echo, etwa beim Spiegel, der in dem Treffen, an dem neben Sellner auch einige AfD- und zwei CDU-Mitglieder ohne jedes \u00f6ffentliche Amt teilnahmen, einen \u201eDeportationsgipfel\u201c ausmacht.<\/p>\n<p>Und viertens \u00e4hnelt der faktische Kern, der noch \u00fcbrig bleibt \u2013 in der Diskussion ging es tats\u00e4chlich um die Ausweisung beziehungsweise Abschiebung von Migranten ohne dauerhaftes Bleiberecht unter dem Stichwort \u201aRemigration\u2018 \u2013, wiederum zum Verwechseln den Stichworten von SPD- und Unionspolitikern zum gleichen Thema. Noch vor Kurzem erkl\u00e4rte Bundeskanzler Olaf Scholz auf dem Titel des Spiegel: \u201eWir m\u00fcssen endlich in gro\u00dfem Stil abschieben\u201c. Der Ampel-Koalitionsvertrag sieht ausdr\u00fccklich eine \u201eR\u00fcckf\u00fchrungsoffensive\u201c unter genau diesem Begriff vor. Dann gab es zwar keine Offensive, aber kleine \u00c4nderungen, um ein wenig mehr abgelehnte Asylbewerber als bisher abzuschieben.<br \/>\n&#8230;.<br \/>\nWas wir nicht wissen: Wie viel Planung in dem Beitrag und dessen Verwertung steckt. Der Beitrag brauchte also unbedingt die Wannseekonferenz-Anbindung, um es \u00fcberhaupt zur beabsichtigten Wahrnehmungsh\u00f6he zu schaffen. Denn faktisch gibt der Text so gut wie nichts her. Was er berichtet, ist weitgehend unskandal\u00f6s; gibt es eine Skandalbehauptung wie die angebliche Forderung nach massenhafter Vertreibung von Migranten mit deutschem Pass, fehlt wieder jeder Beleg. Und nicht nur das; Teilnehmer der Veranstaltung bestreiten ausdr\u00fccklich, dass dort Begriffe wie \u201eDeportation\u201c oder \u201eVertreibung\u201c fielen. Es entspricht also einer inneren Logik, wenn es in der Verwertungskette, die sich nach der Correctiv-Ver\u00f6ffentlichung in Gang setzte, \u00fcberhaupt nicht mehr darum ging und geht, was jemand in dem Potsdamer Hotel tats\u00e4chlich sagte, sondern nur noch um alles, was sich um das Stichwort \u201eWannsee 2.0\u201c gruppieren l\u00e4sst. Diese Metaebene entsteht nicht einfach so.<br \/>\n&#8230; Alles vom 21.1.2024 von Alexander Wendt bitte lesen auf<br \/>\n<a href=\"https:\/\/www.tichyseinblick.de\/meinungen\/correctiv-wannsee-und-der-moralputsch-der-wohlgesinnten\/\">https:\/\/www.tichyseinblick.de\/meinungen\/correctiv-wannsee-und-der-moralputsch-der-wohlgesinnten\/<\/a><br \/>\n.<br \/>\nEinige Kommentare:<br \/>\nIhre fundamentalen Analysen und dezidierten Aufarbeitungen sind immer wieder so erhellend, lieber Herr Wendt. Mich begleitet schon seit Jahren das Echo von B\u00e4rbel Bohley und ihren eindringlichen Warnungen der einge\u00fcbten Instrumente der Stasi. Die haben sich in der deutschen Volksseele tief eingelagert und sedimentiert. Meine Hoffnung ist aber, da\u00df die Mehrheit und die Substanz der B\u00fcrgerproteste nicht abebt, sondern weiter l\u00e4uft. Die Faschismuskeule funktioniert bei so manchen Mitb\u00fcrgern wie das Pawlowsche System. M.R.<br \/>\n.<br \/>\nMeine Gef\u00fchle kann ich kaum noch in Worte fassen. Deutschland wird in ein sozialistisch-kommunistisch-totalit\u00e4res Armutsland transformiert, \u2026und ein Gro\u00dfteil der Bev\u00f6lkerung applaudiert freudestrahlend und begeistert dazu. Der Faschismus gewinnt erneut in unserem Land. Und aus den Ruinen wird nichts mehr auferstehen, auch dann nicht, wenn die alte DDR-Hymne \u00fcbernommen wird. Abzuwarten bleibt, in welcher Form eine \u201eMauer\u201c f\u00fcr das Volk gezogen wird, um eine Flucht aus dem Paradies zu verhindern. Ganz ehrlich: Ich stehe unter Schockstarre. M.B.<br \/>\n.<br \/>\nDas auf die Schnelle inzenierte Theaterst\u00fcck ist substanzlos und die Wirkung dementsprechend gering. Die scheinbar daraus folgende \u201eDemonstrationswelle\u201c erfordert keinen Mut und offenbart lediglich die Dummheit einer gewissen Bev\u00f6lkerungsgruppe, die auch schon f\u00fcr einen gro\u00dfen Teil des Corona-Unrechts verantwortlich war. Diese Menschen sind unsere wahren Gegner, denn sie akzeptieren und f\u00f6rdern jedes Unrecht, das von der Obrigkeit kommt. Auf Anordnung denunzieren sie und setzten jeden medial ausgesprochenen Befehl gehorsamst um. Deswegen helft den Menschen denen ihr helfen k\u00f6nnt und grenzt euch von den anderen ab. Die amtierende Junta wird verschwinden, da sie zu schwach und verkommen ist, als das sie dauerhaften Bestand haben k\u00f6nnte. Und ganz egal, ob die kommenden Regierungen schwarz, rot, blau, braun oder ganz offiziell stars and stripes sein werden: Der feige Haufen der Mitl\u00e4ufer wird wieder hinter ihnen stehen. NL<br \/>\n.<br \/>\nDiese \u201eEnth\u00fcllung\u201c aus dem November wurde zu einem Zeitpunkt gebracht als die Bauern protestierten und zeitig zur anstehenden \u00c4nderung des Staatsangeh\u00f6rigkeitsrechts. So ein Zufall aber auch, denn jetzt kann man sch\u00f6n ablenken von den Protesten gegen Gr\u00fcn-Rot und die \u00c4nderung des Staatsangeh\u00f6rigkeitsrechts wird gar nicht mehr wahrgenommen. H.Sch.<br \/>\n.<br \/>\nDas passt doch alles wunderbar ins Konzept. Nun hat man endlich einen Aufh\u00e4nger, gegen die verhassten \u201eAntidemokraten\u201c und Nazis vorzugehen. Laut schreien, aufbauschen, da fragt dann auch niemand mehr nach dem Wahrheitsgehalt. Hatten wir das alles nicht schon im 3. Reich und in der DDR? Man kann nur sagen, Leute wacht endlich auf und versucht zu unterscheiden, wer hier wirklich die Fahne der Demokratie hoch h\u00e4lt und wer die tats\u00e4chlichen Antidemokraten und Demagogen sind. Irgendwie macht mir die aktuelle Situation Angst, wenn nicht bald Vernunft wieder die Oberhand gewinnt. Wal<br \/>\n.<br \/>\n\u201eDrittens liefert Correctiv wiederum an keiner Stelle einen Beleg,\u2026.\u201c<br \/>\nIn diesem Zusammenhang wiederhole ich meinen vorausgegangenem Kommentar gerne noch einmal:<br \/>\n\u201eDie reine, einfache Behauptung ohne Begr\u00fcndung und jeden Beweis ist ein sicheres Mittel, um der Massenseele eine Idee einzufl\u00f6\u00dfen. Je bestimmter eine Behauptung, je freier sie von Beweisen und Belegen ist, desto mehr Ehrfurcht erweckt sie.\u201c<br \/>\n(Gustave Le Bon, Psychologie der Massen 1895) E.K.<br \/>\n.<br \/>\nWie immer toll recherchiert, danke Herr Wendt. Ich steuere noch eine These bei: kann es sein, dass die von der unf\u00e4higen Politik orchestrierten Massenveranstaltungen nicht durch Zufall, sondern bewusst zu einem Zeitpunkt stattfinden, wo das Staatsb\u00fcrgerschaftsrecht massiv aufgeweicht wird? In jedem Fall wird die verheerende Entscheidung jetzt keineswegs in der \u00d6ffentlichkeit diskutiert, wie es zwingend erforderlich gewesen w\u00e4re. So kann man das Volk auch manipulieren: Ablenkung durch Spiele oder durch Hysterie. H.H.<br \/>\n.<br \/>\nDie Nazikeule ist extrem abgenutzt und kann eingemottet werden. Immer wenn das um seine Pfr\u00fcnde f\u00fcrchtende linksgr\u00fcn Establishment keine Argumente mehr hat (und das ist immer weniger der Fall) kommen sie damit um die Ecke. Nun haben sie halt einen bundesweiten Kinderaufmarsch mobilisiert \u2013 wobei die Zahlen bez\u00fcglich der Teilnehmer durchaus angezweifelt werden d\u00fcrfen. Man wei\u00df ja mit welchen Tricks der linksgr\u00fcne politmediale Komplex seit geraumer Zeit arbeitet. H.C.<br \/>\nEnde Kommentare<\/p>\n","protected":false},"excerpt":{"rendered":"<p>Bei einem Privattreffen am 25.11.2023 wird das Thema Remigration diskutiert. Am 10.1.2024 ver\u00f6ffentlicht die NGO Correctiv.org hierzu den Bericht &#8222;Neue Rechte: Geheimplan gegen Deutschland&#8220;. Und am 17.1.2024 f\u00fchrt das Berliner Ensemble hierzu ein Theaterst\u00fcck auf.<\/p>\n","protected":false},"author":2,"featured_media":0,"comment_status":"open","ping_status":"closed","sticky":false,"template":"","format":"standard","meta":{"footnotes":""},"categories":[181,36,155,13,80,214,172],"tags":[633,749,682,720,622,797],"class_list":["post-119725","post","type-post","status-publish","format-standard","hentry","category-buergerbeteiligung","category-engagement","category-integration","category-kultur","category-medien","category-theater","category-zukunft","tag-demokratie","tag-diskussionskultur","tag-freiheit","tag-medien","tag-migration","tag-protest"],"_links":{"self":[{"href":"https:\/\/www.freiburg-schwarzwald.de\/blog\/wp-json\/wp\/v2\/posts\/119725","targetHints":{"allow":["GET"]}}],"collection":[{"href":"https:\/\/www.freiburg-schwarzwald.de\/blog\/wp-json\/wp\/v2\/posts"}],"about":[{"href":"https:\/\/www.freiburg-schwarzwald.de\/blog\/wp-json\/wp\/v2\/types\/post"}],"author":[{"embeddable":true,"href":"https:\/\/www.freiburg-schwarzwald.de\/blog\/wp-json\/wp\/v2\/users\/2"}],"replies":[{"embeddable":true,"href":"https:\/\/www.freiburg-schwarzwald.de\/blog\/wp-json\/wp\/v2\/comments?post=119725"}],"version-history":[{"count":6,"href":"https:\/\/www.freiburg-schwarzwald.de\/blog\/wp-json\/wp\/v2\/posts\/119725\/revisions"}],"predecessor-version":[{"id":119864,"href":"https:\/\/www.freiburg-schwarzwald.de\/blog\/wp-json\/wp\/v2\/posts\/119725\/revisions\/119864"}],"wp:attachment":[{"href":"https:\/\/www.freiburg-schwarzwald.de\/blog\/wp-json\/wp\/v2\/media?parent=119725"}],"wp:term":[{"taxonomy":"category","embeddable":true,"href":"https:\/\/www.freiburg-schwarzwald.de\/blog\/wp-json\/wp\/v2\/categories?post=119725"},{"taxonomy":"post_tag","embeddable":true,"href":"https:\/\/www.freiburg-schwarzwald.de\/blog\/wp-json\/wp\/v2\/tags?post=119725"}],"curies":[{"name":"wp","href":"https:\/\/api.w.org\/{rel}","templated":true}]}}