{"id":119131,"date":"2024-01-06T19:45:17","date_gmt":"2024-01-06T18:45:17","guid":{"rendered":"https:\/\/www.freiburg-schwarzwald.de\/blog\/?p=119131"},"modified":"2024-01-06T20:09:15","modified_gmt":"2024-01-06T19:09:15","slug":"freiheitsindex-2023-nur-40-frei","status":"publish","type":"post","link":"https:\/\/www.freiburg-schwarzwald.de\/blog\/freiheitsindex-2023-nur-40-frei\/","title":{"rendered":"Freiheitsindex 2023: nur 40% frei"},"content":{"rendered":"<p>Laut Freiheitsindex 2023 des Demoskopie-Instituts Allensbach war das Meinungsklima in Deutschland noch nie so schlecht: 1) Nur noch 40 % meinen, in Deutschland <a href=\"https:\/\/www.freiburg-schwarzwald.de\/blog\/engagement\/zukunft\/demokratie\/freiheit\/\">frei<\/a> reden zu k\u00f6nnen, gegen\u00fcber 78 % in 1990. 2) Nur die Jungen unter 30, die Akademiker und zu 75 % die <a href=\"https:\/\/www.freiburg-schwarzwald.de\/blog\/vereine\/partei\/gruene\/\">Gr\u00fcnen<\/a>-W\u00e4hler f\u00fchlen sich frei. 3) 72 % der Deutschen informieren sich im <a href=\"https:\/\/www.freiburg-schwarzwald.de\/blog\/kultur\/medien\/oerr\/\">\u00d6RR<\/a>.<!--more--><br \/>\n.<br \/>\n1) Mit der <a href=\"https:\/\/www.freiburg-schwarzwald.de\/blog\/engagement\/zukunft\/demokratie\/freiheit\/\">Freiheit<\/a> hapert es in der gesellschaftlichen Kommunikation der B\u00fcrger untereinander wie in der Berichterstattung der Medien. Darauf reagieren die B\u00fcrger mit einem umso gr\u00f6\u00dferem Freiheitsverlangen (1). Kann man nicht mehr \u00fcberall frei sprechen, wie einem der Schnabel gewachsen ist (abweichende Meinung, Kontaktschuld), dann wird die Freiheit umso mehr als wertvolles Gut wahrgenommen und herbeigesehnt.<\/p>\n<p>2) Drei Viertel der Parteianh\u00e4nger der Gr\u00fcnen f\u00fchlen sich frei &#8211; worin liegt dieser Spitzenwert begr\u00fcndet? Da\u00df die Ampel gr\u00fcne Politik betreibt? Da\u00df die reichweitenstarken Medien als Sprachrohr gr\u00fcner Politik wahrgenommen werden? Dieses freiheitliche Gl\u00fccksempfinden sei allen Gr\u00fcnen geg\u00f6nnt. Bedenklich ist nur, da\u00df der Gro\u00dfteil des <a href=\"https:\/\/www.freiburg-schwarzwald.de\/blog\/engagement\/zukunft\/demokratie\/wahlvolk\/\">Wahlvolkes<\/a>, also die Anh\u00e4nger der anderen Parteien, sich gezwungen sehen, die eigene Meinung eher nicht \u00fcberall und offen preis zu geben. Leider gilt die Meinung der Mehrheit inzwischen als <a href=\"https:\/\/www.freiburg-schwarzwald.de\/blog\/engagement\/zukunft\/demokratie\/freiheit\/abweichende-meinung\/\">abweichende Meinung<\/a>. Und die abweichende Meinung &#8211; man nennt sie auch Kritik &#8211; wird zuweilen nur ungern vernommen.<\/p>\n<p>3) Der \u00f6ffentlich-rechtliche Rundfunk (\u00d6RR) pr\u00e4gt das politische Informationsgeschehen mit 70% zu 30% vor den alternativen (neuen bzw. freien) Medien. Der Einflu\u00df der Alternativen ist also immer noch erstaunlich gering. Wenn die Medien als bevormundend, einseitig und wenig vertrauens- bzw. glaubw\u00fcrdig empfunden werden, dann liegt dies also vor allem an der Berichterstattung des \u00d6RR. Die Attribute Systemfunk, Staatsfernsehen und Propaganda m\u00f6gen \u00fcbertrieben sein, haben aber einen wahren Kern.<br \/>\n.<br \/>\nDer Freiheitsindex 2023 zeigt, dass es eine enge Beziehung gibt zwischen den Medien (Gesinnung-, <a href=\"https:\/\/www.freiburg-schwarzwald.de\/blog\/kultur\/medien\/journalismus\/haltungsjournalismus\/\">Haltungs<\/a>&#8211; bzw. <a href=\"https:\/\/www.freiburg-schwarzwald.de\/blog\/kultur\/medien\/journalismus\/erziehungsjournalismus\/\">Erziehungsmedien<\/a>) und der Freiheit (Freiheitsgef\u00fchl bzw. -verlangen) des Volkes.<br \/>\nDie <a href=\"https:\/\/www.freiburg-schwarzwald.de\/blog\/engagement\/zukunft\/demokratie\/tabu\/\">Tabuthemen<\/a> nehmen zu (2), wof\u00fcr auch der \u00d6RR verantwortlich ist. Zum Haupttabuthema der unkontrollierten Massenmigration findet nach wie vor keine ausgewogene <a href=\"https:\/\/www.freiburg-schwarzwald.de\/blog\/kultur\/medien\/talkshow\/\">TV-Talkshow<\/a> statt &#8211; allenfalls Sendungen nach dem Alibi-Kritiker-Schema &#8222;4 pro &#8211; 1 contra&#8220; (z.B Markus Lanz).<\/p>\n<p>Die schweigende Mehrheit (von <a href=\"https:\/\/www.freiburg-schwarzwald.de\/blog\/kultur\/medien\/medienvielfalt\/\">Elisabeth Noelle-Neumann<\/a> als <a href=\"https:\/\/www.freiburg-schwarzwald.de\/blog\/schweigespirale-zur-migration\/\">Schweigespirale<\/a> beschrieben) h\u00e4lt weiter still: Man schweigt lieber, um nicht durch die eigene kritische Meinungs\u00e4u\u00dferung isoliert, diffamiert und ausgegrenzt zu werden. Dabei m\u00fcsste man <a href=\"https:\/\/www.freiburg-schwarzwald.de\/blog\/kultur\/medien\/kritik\/\">Kritiker<\/a> &#8211; im Gespr\u00e4ch wie auf der <a href=\"https:\/\/www.freiburg-schwarzwald.de\/blog\/engagement\/buergerinitiativen\/demonstrationsrecht\/\">Demonstration<\/a> &#8211; f\u00fcr ihre Offenheit best\u00e4rken, denn Demokratie lebt von <a href=\"https:\/\/www.freiburg-schwarzwald.de\/blog\/kultur\/medien\/diskussionskultur\/diskussionskultur2023\/\">Diskussion<\/a>, Opposition und Pluralit\u00e4t der Meinungen.<br \/>\n6.1.2024<br \/>\n.<br \/>\nEnde von Beitrag &#8222;Freiheitsindex 2023: nur 40% frei&#8220;<br \/>\n=====================================================<br \/>\nBeginn von Anlagen (1) &#8211; (2)<\/p>\n<p>.<br \/>\n<strong>(1) \u00abFreiheitsindex 2023\u00bb: Nur die Gr\u00fcnen-Anh\u00e4nger f\u00fchlen sich so richtig frei<\/strong><br \/>\nIn Deutschland nimmt das Gef\u00fchl zu, man sollte in der \u00d6ffentlichkeit lieber nicht allzu deutlich seine Meinung sagen. Besonders nicht, wenn man konservative Ansichten hat.<br \/>\n&#8230;<br \/>\nStimmten noch 2019 50 Prozent der Befragten der Aussage \u00abIch spreche so, wie ich m\u00f6chte, und lasse mir dabei nichts vorschreiben\u00bb zu, so sind es 2023 nur noch 33 Prozent. <em><strong>Gleichzeitig ist der Wunsch nach \u00abFreiheit\u00bb so stark ausgepr\u00e4gt wie nie, w\u00e4hrend die Sehnsucht nach \u00abGleichheit\u00bb in f\u00fcr Deutschland ganz untypischer Weise schwindet.<\/strong><\/em><br \/>\n&#8230;<br \/>\nDer \u00abFreiheitsindex\u00bb liefert keine Themenanalyse, aber wer Nachrichten, politische Sendungen und manche Talkshows zur Kenntnis nimmt, kann zumindest den Eindruck gewinnen, dass es bei Themen wie den Corona-Massnahmen, beim Klimaschutz, bei der Migration oder beim Gendern eine stark vorherrschende Tendenz der Berichterstattung gab und gibt. In diesem Zusammenhang wird am Stammtisch oft die Vermutung ge\u00e4ussert, die Medien seien wahlweise von der Christlichdemokratin Angela Merkel oder auch von der gegenw\u00e4rtig regierenden Ampelkoalition aus SPD, Gr\u00fcnen und FDP \u00abgleichgeschaltet\u00bb worden. Diese Vermutung darf getrost ins Reich der Verschw\u00f6rungstheorien verwiesen werden. Was man hingegen nicht untersch\u00e4tzen sollte, ist der vorauseilende, \u00abpolitisch korrekte\u00bb Gehorsam von Karrierejournalisten in den \u00f6ffentlichrechtlichen Sendeanstalten.<br \/>\n&#8230; Alles vom 20.12.2023 von Susanne Gaschke bitte lesen auf<br \/>\n<a href=\"https:\/\/www.nzz.ch\/international\/freiheitsindex-deutsche-haben-das-gefuehl-weniger-ihre-meinung-aeussern-zu-duerfen-ld.1771071\">https:\/\/www.nzz.ch\/international\/freiheitsindex-deutsche-haben-das-gefuehl-weniger-ihre-meinung-aeussern-zu-duerfen-ld.1771071<\/a><br \/>\n.<\/p>\n<p><strong>(2) Thorsten Hinz: Das Schweigen dr\u00f6hnt<\/strong><br \/>\n<strong>Allensbach-Umfrage: Nur noch 35 Prozent der Deutschen bauen auf den Staat<br \/>\n<\/strong>Die Zahlen, die das Institut f\u00fcr Demoskopie in Allensbach im \u201eFreiheitsindex 2023\u201c vorgelegt hat, sprechen eine klare Sprache. Nur noch 40 Prozent der Deutschen sind der Auffassung, da\u00df sie ihre Meinung frei sagen k\u00f6nnen. 44 Prozent hingegen meinen, man m\u00fcsse vorsichtig sein. Und gerade mal 33 Prozent trauen sich, au\u00dferhalb ihrer vier W\u00e4nde so zu reden, wie ihnen der gesunde Menschenverstand das gebietet. Es ist das schlechteste Stimmungsbild seit 70 Jahren, 1990 zeigten sich immerhin noch 78 Prozent der Befragten davon \u00fcberzeugt, da\u00df in Deutschland die freie Meinungs\u00e4u\u00dferung ohne Risiko m\u00f6glich sei.<\/p>\n<p>Im Index ist von der \u201eErosion der subjektiven Meinungsfreiheit\u201c die Rede, doch handelt es sich um einen objektiven Befund. Nehmen wir zwei weitere miteinander korrelierende Zahlen. W\u00e4hrend bei den Anh\u00e4ngern fast aller Parteien von der Linken bis zur AfD in unterschiedlichem Ma\u00dfe die Skeptiker \u00fcberwiegen, f\u00fchlen sich sage und schreibe 75 Prozent der Gr\u00fcnen-Anh\u00e4nger in ihrer Meinungs\u00e4u\u00dferung frei. Gleichzeitig geben mehr als 70 Prozent der Befragten an, ihre Informationen vorzugsweise aus den \u00f6ffentlich-rechtlichen Medien zu beziehen.<\/p>\n<p>Das hei\u00dft, trotz der Vielzahl sozialer Netzwerke und neuer Medien und entgegen sinkender Einschaltquoten behauptet der \u00d6RR sich in der individualisierten und atomisierten Gesellschaft als das wichtigste kommunikative Band. Seine finanzielle und logistische Ausstattung verschafft ihm M\u00f6glichkeiten, die konkurrenzlos sind. Es ist verst\u00e4ndlich, da\u00df der Normalb\u00fcrger mit seinem begrenzten Zeitbudget bevorzugt auf die Abendnachrichten von ARD und ZDF zur\u00fcckgreift, um sich \u00fcber das Geschehen im In- und Ausland zu informieren. Die Auswahl und Pr\u00e4sentation der Informationen unterliegen aber einem \u201eFraming\u201c, das hei\u00dft, es wird eine knallharte politisch-ideologische Semantik vermittelt, die sich auf die Dauer in die Hirne einpflanzt und normierend wirkt. Flankiert wird der \u00d6RR von den Leitmedien im Printbereich. Die propagierten Normen entsprechen weitgehend der gr\u00fcnen Agenda, so da\u00df gr\u00fcne Parteig\u00e4nger sich pudelwohl, andere dagegen sich eingesch\u00fcchtert, gedem\u00fctigt, bevormundet, provoziert f\u00fchlen.<\/p>\n<p>Die von der legend\u00e4ren Allensbach-Gr\u00fcnderin Elisabeth Noelle-Neumann erforschte und beschriebene Mechanik der \u201eSchweigespirale\u201c ist ungebrochen. Sie besagt, da\u00df die Menschen die soziale Isolation f\u00fcrchten. \u00dcber ihre \u201esoziale Haut\u201c registrieren sie genau, welche Meinungen und Verhaltensweisen auf Zustimmung oder auf Ablehnung sto\u00dfen und richten ihr Verhalten danach aus. Wer eine andere Meinung vertritt als die der tats\u00e4chlichen oder vorgeblichen Mehrheit, zieht sich ins Schweigen zur\u00fcck, um nicht ins Abseits zu geraten, was das \u00dcbergewicht des anderen Meinungslagers verst\u00e4rkt. Entscheidend sind die gro\u00dfen Medien. Hat eine meinungsstarke Minderheit sie in der Hand, steigt sie zur \u00f6ffentlichen Hegemonialmacht auf und bestimmt die Grenzen des Sagbaren. Der Artikel 5 des Grundgesetzes, der \u201edas Recht (garantiert), seine Meinung in Wort, Schrift und Bild frei zu \u00e4u\u00dfern und zu verbreiten und sich aus allgemein zug\u00e4nglichen Quellen ungehindert zu unterrichten\u201c, bleibt in Stein gemei\u00dfelt, doch er wird elegant au\u00dfer Kraft gesetzt.<\/p>\n<p>Noelle-Neumanns luzide Theorie ist seit Jahrzehnten bekannt. Jetzt endlich beginnt einer Mehrheit zu d\u00e4mmern, da\u00df sie selber betroffen ist. Die Gr\u00fcnde daf\u00fcr sind quantitativer und qualitativer Natur. Zum einen waren um 1990 die Tabuthemen noch \u00fcberschaubar: Sie betrafen die NS-Vergangenheit, Asylanten sowie die Frauen. Heute werden fast im Monatsrhythmus immer neue Tabuzonen abgesteckt: Klimareligion, Genderismus, Diversit\u00e4t, Pandemie-Restriktionen samt Impfzwang, Energiepolitik, Ukrainekrieg, Massenmigration, Islam und so weiter.<\/p>\n<p>Zweitens bleibt es l\u00e4ngst nicht mehr bei sozialen Normierungen und zivilgesellschaftlichen Sanktionierungen. Die politisch-ideologische Semantik wird in Gesetze gegossen und in rechtlichen Zwang \u00fcberf\u00fchrt. \u00d6ffentlicher Widerspruch kann rasch zu polizeilichen Ma\u00dfnahmen, zu Hausdurchsuchungen, zur Beschlagnahmung von Datentr\u00e4gern und zu Gerichtsverfahren f\u00fchren. Ha\u00dfrede, Volksverhetzung, verfassungsschutzrelevante Delegitimierung des Staates \u2013 die per se unscharfen Meinungsdelikte werden immer flexibler interpretiert.<\/p>\n<p>Das Haupttabu ist die wilde Masseneinwanderung. Es wird suggeriert, da\u00df die demokratische und verfassungskonforme Reaktion darin bestehe, sie als alternativlos zu akzeptieren und die entstehenden Belastungen durch eine euphorische \u201eWillkommenskultur\u201c in \u201eBereicherungen\u201c zu verwandeln. Was die B\u00fcrger hingegen erleben, ist die Verwahrlosung des \u00f6ffentlichen Raumes, die Sorge um k\u00f6rperliche Unversehrtheit, die eigene Verarmung, die Dysfunktionalit\u00e4t der Institutionen, der Verwaltung, der Infrastruktur. Laut Allensbach setzen nur noch 35 Prozent der Deutschen Vertrauen in den Staat. In den H\u00e4nden eines vom Demos abgel\u00f6sten politisch-medialen Komplexes wird er als feindliche Macht empfunden, vor der man sich h\u00fcten mu\u00df.<\/p>\n<p>Wenn der Staat \u201eden innerlichen Glauben ins Private abdr\u00e4ngt\u201c, hei\u00dft es im \u201eLeviathan\u201c Carl Schmitts, dann w\u00e4chst \u201edie Gegenkraft des Schweigens und der Stille\u201c. Die \u00f6ffentliche Macht kann Gehorsam erzwingen, aber \u201eals eine nur \u00f6ffentliche und \u00e4u\u00dferliche Macht ist sie hohl und von innen her bereits entseelt\u201c. Eine Zeitlang erschien das World Wide Web als der Raum, in dem die stille Verweigerung eine Stimme hervorbringt. Inzwischen wird auch er immer weiter eingehegt.<\/p>\n<p>Und falls die K\u00fcnstliche Intelligenz k\u00fcnftig in die Lage kommt, jegliche Kommunikation in die politisch-korrekte Matrix zu zwingen, h\u00e4tten wir den totalen Orwell, und alle Auswege aus dem Gef\u00e4ngnis der politisch korrekten Medien w\u00e4ren versperrt. Was heute noch antrainierte, durch Realit\u00e4tsschocks reversible Reflexe sind, w\u00fcrde den Insassen zur prim\u00e4ren Natur, so da\u00df sie dauerhaft au\u00dferstande w\u00e4ren, Propaganda und Realit\u00e4t zu unterscheiden. Deshalb ist es so wichtig, da\u00df aus der Gegenkraft des Schweigens laute Stimmen politischen Widerstands erwachsen.<br \/>\n&#8230; Alles vom 5.1.2022 von Thorsten Hinz bitte lesen in der JF 2\/24, Seite 2<br \/>\n.<\/p>\n","protected":false},"excerpt":{"rendered":"<p>Laut Freiheitsindex 2023 des Demoskopie-Instituts Allensbach war das Meinungsklima in Deutschland noch nie so schlecht: 1) Nur noch 40 % meinen, in Deutschland frei reden zu k\u00f6nnen, gegen\u00fcber 78 % in 1990. 2) Nur die Jungen unter 30, die Akademiker &hellip; <a href=\"https:\/\/www.freiburg-schwarzwald.de\/blog\/freiheitsindex-2023-nur-40-frei\/\">Weiterlesen <span class=\"meta-nav\">&rarr;<\/span><\/a><\/p>\n","protected":false},"author":2,"featured_media":0,"comment_status":"open","ping_status":"closed","sticky":false,"template":"","format":"standard","meta":{"footnotes":""},"categories":[18,162,13,80,9],"tags":[633,749,686,682,720,703],"class_list":["post-119131","post","type-post","status-publish","format-standard","hentry","category-bildung","category-internet","category-kultur","category-medien","category-soziales","tag-demokratie","tag-diskussionskultur","tag-frei","tag-freiheit","tag-medien","tag-volk"],"_links":{"self":[{"href":"https:\/\/www.freiburg-schwarzwald.de\/blog\/wp-json\/wp\/v2\/posts\/119131","targetHints":{"allow":["GET"]}}],"collection":[{"href":"https:\/\/www.freiburg-schwarzwald.de\/blog\/wp-json\/wp\/v2\/posts"}],"about":[{"href":"https:\/\/www.freiburg-schwarzwald.de\/blog\/wp-json\/wp\/v2\/types\/post"}],"author":[{"embeddable":true,"href":"https:\/\/www.freiburg-schwarzwald.de\/blog\/wp-json\/wp\/v2\/users\/2"}],"replies":[{"embeddable":true,"href":"https:\/\/www.freiburg-schwarzwald.de\/blog\/wp-json\/wp\/v2\/comments?post=119131"}],"version-history":[{"count":4,"href":"https:\/\/www.freiburg-schwarzwald.de\/blog\/wp-json\/wp\/v2\/posts\/119131\/revisions"}],"predecessor-version":[{"id":119149,"href":"https:\/\/www.freiburg-schwarzwald.de\/blog\/wp-json\/wp\/v2\/posts\/119131\/revisions\/119149"}],"wp:attachment":[{"href":"https:\/\/www.freiburg-schwarzwald.de\/blog\/wp-json\/wp\/v2\/media?parent=119131"}],"wp:term":[{"taxonomy":"category","embeddable":true,"href":"https:\/\/www.freiburg-schwarzwald.de\/blog\/wp-json\/wp\/v2\/categories?post=119131"},{"taxonomy":"post_tag","embeddable":true,"href":"https:\/\/www.freiburg-schwarzwald.de\/blog\/wp-json\/wp\/v2\/tags?post=119131"}],"curies":[{"name":"wp","href":"https:\/\/api.w.org\/{rel}","templated":true}]}}