{"id":11811,"date":"2012-09-27T19:03:48","date_gmt":"2012-09-27T17:03:48","guid":{"rendered":"https:\/\/www.freiburg-schwarzwald.de\/blog\/?p=11811"},"modified":"2012-09-27T19:06:53","modified_gmt":"2012-09-27T17:06:53","slug":"arzt-gemeinschaftspraxis-in-st-peter-eroeffnet","status":"publish","type":"post","link":"https:\/\/www.freiburg-schwarzwald.de\/blog\/arzt-gemeinschaftspraxis-in-st-peter-eroeffnet\/","title":{"rendered":"Arzt-Gemeinschaftspraxis in St.Peter eroeffnet"},"content":{"rendered":"<p>\u00c4rztliche Gemeinschaftspraxis mit Kassenzulassung neu er\u00f6ffnet: Nun haben die B\u00fcrger in <a title=\"StPeter\" href=\"https:\/\/www.freiburg-schwarzwald.de\/blog\/regio\/orte\/stpeter\/\">St. Peter <\/a>wieder die M\u00f6glichkeit der freien Arztwahl. Noch vor drei Jahren konnten sie unter drei niedergelassenen <a title=\"Arzt\" href=\"https:\/\/www.freiburg-schwarzwald.de\/blog\/business\/gesund\/arzt\/\">\u00c4rzten<\/a> w\u00e4hlen. Zwei Praxen davon schlossen in den letzten Jahren und dem in Stegen niedergelassenen Allgemeinmediziner Dr. Peter Krimmel gelang es nicht, eine Zulassung f\u00fcr eine Filialpraxis in St. Peter zu erhalten. Eine Entscheidung der kassen\u00e4rztlichen Vereinigung, die weder B\u00fcrgermeister Rudolf Schuler noch Dr. Krimmel angesichts des \u00c4rztemangels auf dem Lande nachvollziehen konnten.<!--more--><\/p>\n<p>Dr. Krimmel er\u00f6ffnete daraufhin eine Privatpraxis in St. Peter und legte gleichzeitig Widerspruch gegen die Ablehnung der Konzession ein. Dass es ihm nun trotzdem gelang, eine Gemeinschaftspraxis mit Kassenzulassung zu er\u00f6ffnen, liegt nicht daran, dass der juristische Weg erfolgreich gewesen w\u00e4re, sondern dass eine Kassenzulassung von L\u00f6ffingen nach St. Peter transferiert wurde. Diese Kassenzulassung stammt von Dr. Wolfgang Dilger, der lange Jahre als selbst\u00e4ndiger Hausarzt in L\u00f6ffingen praktizierte und \u00fcber zwei Jahre lang Zeit erfolglos einen Nachfolger f\u00fcr seine Praxis suchte. Der 62-j\u00e4hrige Facharzt f\u00fcr Allgemeinmedizin m\u00f6chte seine letzten Berufsjahre nun als Arzt im Angestelltenverh\u00e4ltnis verbringen, um sich ohne B\u00fcrokratie mehr auf den Kontakt zu den Patienten und deren medizinische Behandlung konzentrieren zu k\u00f6nnen.<br \/>\nDr. Dilger wird die t\u00e4glichen Vormittagssprechstunden in der neuen Gemeinschaftspraxis abhalten. Dr. Peter Krimmel wird nach seiner Sprechstunde in Stegen, die nach wie vor seine Hauptpraxis sein wird, ebenfalls am sp\u00e4ten Vormittag sowie nachmittags in St. Peter anzutreffen sein. Er ist Allgemeinmediziner mit Weiterbildung in Akupunktur und Umweltmedizin. Sein Schwerpunkt jedoch ist die Palliativmedizin und die Begleitung schwerkranker Patienten in deren letzten Lebensphase. Ein gro\u00dfes Anliegen ist es ihm, Familien darin zu unterst\u00fctzen, solch schwierige Situationen, wie sie bei Schwerstkranken und Pflegebed\u00fcrftigkeit auftreten, \u00fcber die Aktivierung von Netzwerken zu managen. Deshalb ist f\u00fcr ihn ein \u201eRunder Tisch\u201c mit Pflegedienst, Physiotherapeuten und anderen Unterst\u00fctzern eine Selbstverst\u00e4ndlichkeit. Au\u00dferdem wird der Internist, Palliativmediziner und Ultraschallspezialist Martin Reisch zus\u00e4tzlich zu seinen Stegener Sprechstunden einmal die Woche eine Sprechstunde in St. Peter abhalten.\u00a0Unterst\u00fctzt wird das \u00c4rzte-Team von den Arzthelferinnen Marion Menner und Agnes Schwer. Das Team m\u00f6chte mit dieser neuen Gemeinschaftspraxis \u00fcber moderne Kooperationsformen die Versorgung der Landbev\u00f6lkerung verbessern und dem Praxissterben auf dem Land entgegenwirken, dies vor allem im Hinblick auf den demografischen Wandel. Gerade auf dem Land ist es eine Herausforderung, die \u00e4rztliche Versorgung der \u00e4lterwerdenden Bev\u00f6lkerung sicher zu stellen. F\u00fcr \u00e4ltere Menschen, die aufgrund gesundheitlicher Probleme oftmals auch in ihrer Mobilit\u00e4t eingeschr\u00e4nkt sind, ist es wichtig, dass sie ihren Hausarzt vor Ort haben!<\/p>\n<p>Modell f\u00fcr neue Kooperationsformen im Gesundheitsbereich ist das Haus der Gesundheit in Stegen. Dort arbeiten Pflegedienst, Apotheke, Physiotherapie- und Arztpraxis Hand in Hand. Das Kooperationsmodell soll auf St. Peter \u00fcbertragen werden. Der Pflegedienst \u201ePflegemobil\u201c hat in unmittelbarer N\u00e4he zur neuen Gemeinschaftspraxis schon seit l\u00e4ngerem eine Zweigstelle.\u00a0 Mit dieser Praxiser\u00f6ffnung werde ein langer Wunsch der Gemeinde erf\u00fcllt, so B\u00fcrgermeister Rudolf Schuler, der sich auch beim St\u00e4dtetag f\u00fcr die St\u00e4rkung der \u00e4rztlichen Versorgung auf dem Land stark machte, denn nun sei f\u00fcr die Bewohner St. Peters eine echte freie Arztwahl wieder m\u00f6glich.<\/p>\n<div class=\"mceTemp\">\n<dl id=\"attachment_11812\" class=\"wp-caption alignnone\" style=\"width: 190px;\">\n<dt class=\"wp-caption-dt\"><a href=\"https:\/\/www.freiburg-schwarzwald.de\/blog\/arzt-gemeinschaftspraxis-in-st-peter-eroeffnet\/praxis-stpeter1209\/\" rel=\"attachment wp-att-11812\"><img loading=\"lazy\" decoding=\"async\" class=\"size-thumbnail wp-image-11812\" title=\"praxis-stpeter1209\" src=\"https:\/\/www.freiburg-schwarzwald.de\/blog\/wp-content\/uploads\/2012\/09\/praxis-stpeter1209-180x119.jpg\" alt=\"\" width=\"180\" height=\"119\" srcset=\"https:\/\/www.freiburg-schwarzwald.de\/blog\/wp-content\/uploads\/2012\/09\/praxis-stpeter1209-180x119.jpg 180w, https:\/\/www.freiburg-schwarzwald.de\/blog\/wp-content\/uploads\/2012\/09\/praxis-stpeter1209.jpg 640w\" sizes=\"auto, (max-width: 180px) 100vw, 180px\" \/><\/a><\/dt>\n<dd class=\"wp-caption-dd\">Das Praxis-Team in der neuen \u00e4rztlichen Gemeinschaftspraxis in St. Peter<\/dd>\n<\/dl>\n<p>Dagmar Engesser, 27.9.2012, <a href=\"https:\/\/www.dreisamtaeler.de\">www.dreisamtaeler.de<\/a><\/p>\n<\/div>\n","protected":false},"excerpt":{"rendered":"<p>\u00c4rztliche Gemeinschaftspraxis mit Kassenzulassung neu er\u00f6ffnet: Nun haben die B\u00fcrger in St. Peter wieder die M\u00f6glichkeit der freien Arztwahl. Noch vor drei Jahren konnten sie unter drei niedergelassenen \u00c4rzten w\u00e4hlen. Zwei Praxen davon schlossen in den letzten Jahren und dem &hellip; <a href=\"https:\/\/www.freiburg-schwarzwald.de\/blog\/arzt-gemeinschaftspraxis-in-st-peter-eroeffnet\/\">Weiterlesen <span class=\"meta-nav\">&rarr;<\/span><\/a><\/p>\n","protected":false},"author":4,"featured_media":0,"comment_status":"open","ping_status":"closed","sticky":false,"template":"","format":"standard","meta":{"footnotes":""},"categories":[433,180],"tags":[348],"class_list":["post-11811","post","type-post","status-publish","format-standard","hentry","category-arzt","category-hochschwarzwald","tag-medizin"],"_links":{"self":[{"href":"https:\/\/www.freiburg-schwarzwald.de\/blog\/wp-json\/wp\/v2\/posts\/11811","targetHints":{"allow":["GET"]}}],"collection":[{"href":"https:\/\/www.freiburg-schwarzwald.de\/blog\/wp-json\/wp\/v2\/posts"}],"about":[{"href":"https:\/\/www.freiburg-schwarzwald.de\/blog\/wp-json\/wp\/v2\/types\/post"}],"author":[{"embeddable":true,"href":"https:\/\/www.freiburg-schwarzwald.de\/blog\/wp-json\/wp\/v2\/users\/4"}],"replies":[{"embeddable":true,"href":"https:\/\/www.freiburg-schwarzwald.de\/blog\/wp-json\/wp\/v2\/comments?post=11811"}],"version-history":[{"count":0,"href":"https:\/\/www.freiburg-schwarzwald.de\/blog\/wp-json\/wp\/v2\/posts\/11811\/revisions"}],"wp:attachment":[{"href":"https:\/\/www.freiburg-schwarzwald.de\/blog\/wp-json\/wp\/v2\/media?parent=11811"}],"wp:term":[{"taxonomy":"category","embeddable":true,"href":"https:\/\/www.freiburg-schwarzwald.de\/blog\/wp-json\/wp\/v2\/categories?post=11811"},{"taxonomy":"post_tag","embeddable":true,"href":"https:\/\/www.freiburg-schwarzwald.de\/blog\/wp-json\/wp\/v2\/tags?post=11811"}],"curies":[{"name":"wp","href":"https:\/\/api.w.org\/{rel}","templated":true}]}}