{"id":117518,"date":"2023-11-19T11:49:45","date_gmt":"2023-11-19T10:49:45","guid":{"rendered":"https:\/\/www.freiburg-schwarzwald.de\/blog\/?p=117518"},"modified":"2023-11-21T22:15:29","modified_gmt":"2023-11-21T21:15:29","slug":"fussball-deutschland-tuerkei-23","status":"publish","type":"post","link":"https:\/\/www.freiburg-schwarzwald.de\/blog\/fussball-deutschland-tuerkei-23\/","title":{"rendered":"Fussball: Deutschland-T\u00fcrkei 2:3"},"content":{"rendered":"<p>Beim <a href=\"https:\/\/www.freiburg-schwarzwald.de\/blog\/sport\/sportlern\/fussball\/\">Fussballspiel<\/a> der deutschen Mannschaft gegen die t\u00fcrkische Nationalmanschaft am 19.11.2023 im Berliner Olympiastadion waren die Biodeutschen gegen\u00fcber den <a href=\"https:\/\/www.freiburg-schwarzwald.de\/blog\/global\/integration\/deutschtuerken\/\">Deutscht\u00fcrken<\/a> zahlenm\u00e4\u00dfig wie auch akustisch in der Minderheit. Immer wenn er am Ball war, pfiffen seine Mit-Migranten den Spielf\u00fchrer der deutschen Mannschaft, <!--more-->Ilkay G\u00fcndogan, wie einen Landesverr\u00e4ter aus. Hat f\u00fcr die Zuschauer der <a href=\"https:\/\/www.freiburg-schwarzwald.de\/blog\/global\/migration\/migrationshintergrund\/\">Migrationshintergrund<\/a> doch mehr Bedeutung als ihr deutscher Wohnort und Pass? Alles Erdogan-Anh\u00e4nger (bei der letzten T\u00fcrkei-Wahl immerhin \u00fcber 67 %)?<br \/>\n.<br \/>\nDeutschland verlor das Fussballspiel 2:3 &#8211; sportlich auf dem Rasen und sogar moralisch?<br \/>\nDie Freude \u00fcber den Sieg war bei den T\u00fcrkischst\u00e4mmigen so gro\u00df, da\u00df ihre Auto-Korsos die Innenst\u00e4dte vielerorts bis in die fr\u00fchen Morgenstunden blockierten. Etliche zeigten dabei den rechtsextremen \u201eGraue W\u00f6lfe\u201c-Gru\u00df &#8211; unbeanstandet von der \u00fcberforderten Polizei. Der \u00f6ffentliche Raum geh\u00f6rte den T\u00fcrkei-Fans.<br \/>\n.<br \/>\nUnd wie sah die Reaktion der <a href=\"https:\/\/www.freiburg-schwarzwald.de\/blog\/global\/deutschland\/deutschland2020\/\">Deutschen<\/a> (Entschuldigung, darf man ja nicht mehr sagen) bzw. Nicht-T\u00fcrken aus? Neid, Sorge und Gleichg\u00fcltigkeit.<br \/>\n1) Neid: Hier spielte eine <a href=\"https:\/\/www.freiburg-schwarzwald.de\/blog\/fussball-ist-unser-leben\/\">Mannschaft<\/a> (deutsch) gegen eine Nationalmannschaft (t\u00fcrkisch). Letztere &#8222;rannten sich die Lunge raus&#8220; und k\u00e4mpften um jeden Ball. Die Zuschauer feuerten sie dabei laut und vehement an &#8211; besonders auch nach dem fr\u00fchen 0:1-R\u00fcckstand. So war der 3:2-Sieg der T\u00fcrkei hochverdient.<\/p>\n<p>2) <a href=\"https:\/\/www.freiburg-schwarzwald.de\/blog\/engagement\/zukunft\/angst\/angstgesellschaft\/\">Sorge<\/a>: Wegen dem unbarmherzigen Auspfeifen von Ilka G\u00fcndogan auf dem Fussballplatz, das nicht fussballerisch-, sondern politisch motiviert erfolgte. F\u00fcr die Pfeifenden z\u00e4hlen nicht die <a href=\"https:\/\/www.freiburg-schwarzwald.de\/blog\/kultur\/kulturkampf\/migranten-deutsche\/\">Staatsangeh\u00f6rigkeit<\/a>, Wohnort und <a href=\"https:\/\/www.freiburg-schwarzwald.de\/blog\/global\/deutschland\/passdeutsche\/\">Pass<\/a>, sondern allein die t\u00fcrkischen <a href=\"https:\/\/www.freiburg-schwarzwald.de\/blog\/global\/migration\/entwurzelung\/\">Wurzeln<\/a> bzw. Herkunft.<br \/>\nSorge und Angst auch wegen den Auto-Korsos nach dem Spiel: In zahleichen Innenst\u00e4dten war der <a href=\"https:\/\/www.freiburg-schwarzwald.de\/blog\/kultur\/oeffentlicher-raum\/\">\u00f6ffentliche Raum<\/a> der Innenst\u00e4dte fest in H\u00e4nden der T\u00fcrkei-St\u00e4mmigen. Die deutschen <a href=\"https:\/\/www.freiburg-schwarzwald.de\/blog\/selbsthilfe\/soziales\/justiz\/sicherheit\/\">Sicherheitsbeh\u00f6rden<\/a> hatten die Kontrolle bis in die fr\u00fchen Morgenstunden verloren. Nicht nur in Berlin. <a href=\"https:\/\/www.freiburg-schwarzwald.de\/blog\/engagement\/zukunft\/demokratie\/staatsversagen\/\">Staatsversagen<\/a>.<\/p>\n<p>3) Gleichg\u00fcltigkeit: Diese Reaktion mag f\u00fcr die meisten Bundesb\u00fcrger zutreffen &#8211; es war ja &#8222;nur&#8220; ein Fussballspiel, bei dem 22 Spieler anderthalb Stunden hinter einem Ball herlaufen.<br \/>\nDoch gleichg\u00fcltig darf uns dieses Spiel in Berlin am 19.11.2023 nicht lassen, denn es war ein hochpolitisches Fussballspiel, bei dem die t\u00fcrkischen Mitb\u00fcrger offen und ehrlich zeigen, was die <a href=\"https:\/\/www.freiburg-schwarzwald.de\/blog\/global\/migration\/migration2021\/\">Migration<\/a> mit Deutschland gemacht hat: Was <a href=\"https:\/\/www.freiburg-schwarzwald.de\/blog\/global\/integration\/assimilation\/\">Assimilation<\/a>, <a href=\"https:\/\/www.freiburg-schwarzwald.de\/blog\/global\/integration\/integration-gescheitert\/\">Integration<\/a>, Nationalit\u00e4t, Kultur, <a href=\"https:\/\/www.freiburg-schwarzwald.de\/blog\/global\/deutschland\/deutschland-islam\/\">Islam<\/a> und Community bzw. <a href=\"https:\/\/www.freiburg-schwarzwald.de\/blog\/global\/integration\/parallelgesellschaft\/\">Parallelgesellschaft<\/a> f\u00fcr sie bedeuten. Und wie die deutsche Gesellschaft\u00a0 bei anhaltender Massenmigration in naher Zukunft aussehen wird. Wer hier gleichg\u00fcltig bleibt und damit ein &#8222;weiter so&#8220; in der <a href=\"https:\/\/www.freiburg-schwarzwald.de\/blog\/global\/migration\/migrationspolitik\/\">Migrationspolitik<\/a> gut hei\u00dft, dem hat zu viel Wohlstand wohl immer noch die Sinne vernebelt.<br \/>\n19.11.2023<br \/>\n.<br \/>\nEnde von Beitrag &#8222;Fussball: Deutschland &#8211; T\u00fcrkei 2:3&#8220;<br \/>\n=============================================================<br \/>\nBeginn von Anlagen (1) &#8211; (5)<br \/>\n.<\/p>\n<p><strong>(1) Deutschland \u2013 T\u00fcrkei (2:3): Ein Ausw\u00e4rtsspiel im eigenen Land<\/strong><br \/>\nDas Berliner Olympiastadion ist mehrheitlich in t\u00fcrkischer Hand beim Heimspiel der deutschen Elf. Ilkay G\u00fcndogan wird ausgepfiffen. Die politische Debatte kocht hoch.<br \/>\n&#8230;<br \/>\nEs muss uns alle schmerzen, wenn in Deutschland geborene oder aufgewachsene Menschen bei einem L\u00e4nderspiel in Deutschland die deutsche Nationalmannschaft auspfeifen&#8220;, so Djir-Sarai (FDP). Der 47-J\u00e4hrige behauptete: &#8222;Hier zeigen sich erneut die Vers\u00e4umnisse und Defizite der Integrationspolitik&#8220;. &#8230;<br \/>\n&#8222;Warum leben diese Menschen in Deutschland, wenn ihre Liebe weiterhin der T\u00fcrkei und deren Pr\u00e4sident gilt&#8220;, fragte Golland (CDU): &#8222;Sie sind freiwillig hier und dennoch nicht bereit, sich zu integrieren.&#8220; Man m\u00fcsse &#8222;die sozialen Migrationsanreize endlich massiv k\u00fcrzen und stattdessen mehr Bekenntnis zu unserem Land, seiner Leitkultur und seinen Werten einfordern&#8220;.<br \/>\n&#8230; Alles vom 19.11.2023 bitte lesen auf<br \/>\n<a href=\"https:\/\/www.badische-zeitung.de\/deutschland-tuerkei-ein-auswaertsspiel-im-eigenen-land\">https:\/\/www.badische-zeitung.de\/deutschland-tuerkei-ein-auswaertsspiel-im-eigenen-land<\/a><br \/>\n.<br \/>\n.<br \/>\n<strong>(2) Deutschland, warum sind wir so leise?<\/strong><br \/>\nAls am Samstagabend unsere Fu\u00dfball-Nationalmannschaft in unserer Hauptstadt auflief, war es kein Heim-, sondern ein Ausw\u00e4rtsspiel. Ein Stadion in Rot und Wei\u00df. Statt in Schwarz-Rot-Gold. Pfiffe gegen Deutschland und den Mannschaftskapit\u00e4n. Jubel f\u00fcr die T\u00fcrkei. Und all das nur wenige Stunden nach dem mehr als breitbeinigen Besuch Erdogans in Berlin. Des t\u00fcrkischen Pr\u00e4sidenten also, den eine gro\u00dfe Mehrheit der bei uns lebenden T\u00fcrken vor wenigen Monaten voller \u00dcberzeugung wiedergew\u00e4hlt hat. Vermutlich dieselben, die Samstagnacht nach dem 3:2-Sieg der T\u00fcrkei in Auto-Korsos durch unsere Innenst\u00e4dte fuhren.<br \/>\nDutzende von ihnen zeigten dabei den rechtsextremen \u201eGraue W\u00f6lfe\u201c-Gru\u00df. Wieder einmal!<br \/>\n&#8230;<br \/>\nIch sage: Nein! Dieses \u201eAusw\u00e4rtsspiel\u201c sagt leider so viel \u00fcber uns im Jahr 2023! \u00dcber unsere peinliche Zur\u00fcckhaltung, wenn es um Leidenschaft f\u00fcr unser Land geht. \u00dcber unsere Tr\u00e4gheit, wenn es darum geht, STOLZ zu sein: auf unsere Demokratie, unsere Werte, unseren Wohlstand. Den wir ja auch mit SO gro\u00dfer Tatkraft SO vieler t\u00fcrkischst\u00e4mmiger Deutscher erreicht haben.<br \/>\n&#8230;<br \/>\nMan k\u00f6nnte neidisch sein, wenn man die Fu\u00dfball-Begeisterung so vieler T\u00fcrken sieht. Doch leider geht es bei dieser Begeisterung offenbar nicht NUR um Fu\u00dfball.<br \/>\n90 Minuten lang wurde Deutschland-Kapit\u00e4n Ilkay G\u00fcndogan (33) gnadenlos ausgepfiffen. Weil er so vielen Deutsch-T\u00fcrken als \u201eVerr\u00e4ter\u201c gelte, so sagt es Integrationsexperte Eren G\u00fcvercin (43).<br \/>\n&#8230; Alles vom 19.11.2023 bitte lesen auf<br \/>\n<a href=\"https:\/\/www.bild.de\/sport\/fussball\/nationalmannschaft\/deutschland-tuerkei-2-3-auswaertsspiel-stimmung-warum-sind-wir-so-leise-86150286.bild.html\">https:\/\/www.bild.de\/sport\/fussball\/nationalmannschaft\/deutschland-tuerkei-2-3-auswaertsspiel-stimmung-warum-sind-wir-so-leise-86150286.bild.html<\/a><br \/>\n.<\/p>\n<p><strong>(3) Deutschland in Berlin ausgepfiffen, Israel spielt in Ungarn<\/strong><br \/>\n&#8230; Weil die <a href=\"https:\/\/www.freiburg-schwarzwald.de\/blog\/global\/eu\/ungarn\/\">Ungarn<\/a> mit ihrer Willkommenskultur deutlich ma\u00dfvoller umgegangen sind, k\u00f6nnen sie jetzt die israelischen Fu\u00dfballer f\u00fcr ihre Qualifikationsspiele zur Europameisterschaft willkommen hei\u00dfen. Die findet n\u00e4chstes Jahr in Deutschland statt. Was hindert uns die Israelis hier spielen zu lassen? Ach ja: Haben sie das Spiel Deutschland-T\u00fcrkei gestern in Berlin gesehen?<br \/>\n&#8230;<br \/>\nDie Europameisterschaften finden n\u00e4chstes Jahr in Deutschland statt. Es w\u00e4re vielleicht eine ganz nette Idee gewesen, wenn die beiden aktuellen Qualifikationsspiele der Israelis (gegen die Schweiz und Rum\u00e4nien) im Gastgeberland, also bei uns h\u00e4tten stattfinden k\u00f6nnen. Aber das ging nat\u00fcrlich nicht. Denn bei uns w\u00e4ren die israelischen Kicker von genauso vielen moslemischen Feinden bedroht wie daheim. &#8230;<br \/>\nF\u00e4nden die Europameisterschaften in Ungarn statt, w\u00e4re die Sache sowieso viel einfacher. Denn die Ungarn mit ihrem Herz aus Paprika h\u00e4tten keine Angst vor einer EM mit Israel. Erstens, weil sie sich was trauen. Und zweitens, weil sie mit ihrer Willkommenskultur deutlich ma\u00dfvoller umgegangen sind. In Budapest, am Plattensee und in der Puszta sind moslemische Judenhasser nicht so zahlreich, dass man vor ihnen einknicken m\u00fcsste.<br \/>\n&#8230;<br \/>\nSollten die Israelis fu\u00dfballerisch durchkommen und n\u00e4chstes Jahr in Berlin spielen, muss man sich freuen, wenn es nur h\u00e4ssliche Pfeifkonzerte gibt.<br \/>\n&#8230; Alles vom 19.11.2023 von Rainer Bonhorst bitte lesen auf<br \/>\n<a href=\"https:\/\/www.achgut.com\/artikel\/deutschland_ausgepfiffen_israel_spielt_in_ungarn\">https:\/\/www.achgut.com\/artikel\/deutschland_ausgepfiffen_israel_spielt_in_ungarn<\/a><br \/>\n.<br \/>\n.<br \/>\n<strong>(4) Bj\u00f6rn H\u00f6cke: Keine Regenbogenfahne aus \u201cRespekt\u201d vor den T\u00fcrken<\/strong><br \/>\nDurch die Politisierung des Sport sind Fu\u00dfballspiele zu einem Spiegel der Leistungsf\u00e4higkeit unseres ganzen Landes geworden. Die \u00bbMannschaft\u00ab, die nicht mehr deutsch sein will, verliert gerne \u2014 wenn sie auf der ideologisch richtigen Seite stehen kann.<br \/>\nDie eigentliche Frage nach dem L\u00e4nderspiel mit der T\u00fcrkei ist doch nicht, da\u00df die t\u00fcrkischst\u00e4mmigen Einwohner unseres Landes \u2014 selbstverst\u00e4ndlich \u2014 die t\u00fcrkische Mannschaft unterst\u00fctzten, sondern vielmehr: Warum trug der Kapit\u00e4n der \u00bbMannschaft\u00ab keine Regenbogenarmbinde? Wollte er nicht oder hat er sich aus Sicherheitserw\u00e4gungen nicht getraut? Ilkay G\u00fcndogan wurde trotzdem ausgepfiffen.<\/p>\n<p>Wir brauchen nicht \u00fcber eine \u00bbgescheiterte Integrationspolitik\u00ab lamentieren, die t\u00fcrkischst\u00e4mmigen Bewohner unseres Landes (mit t\u00fcrkischem oder deutschen Pa\u00df, besonders h\u00e4ufig mit beiden) sind bestens integriert \u2013 allerdings in ihre Gemeinschaft. Sie halten zu ihren Leuten, und das ist gut und richtig so. Es ist doch eher eine absurde Vorstellung, da\u00df sie freiwillig ihre Identit\u00e4t ablegen, um fortan von der Welt als Teil eines selbsthassenden gendergerechten Regenbogen-Tralala wahrgenommen zu werden. F\u00fcr Menschen mit Ehre ist das keine Option.<br \/>\nAuch Deutsche tun sich schwer damit, die ideologisierte Regenbogen-\u00bbMannschaft\u00ab anzufeuern. Wir f\u00fchlen uns durch diese internationale Sports\u00f6ldnertruppe einfach nicht mehr vertreten. Daf\u00fcr lohnt es sich auch nicht, Tore zu schie\u00dfen \u2013 und offenbar sehen die Spieler der \u00bbMannschaft\u00ab das \u00e4hnlich.<br \/>\nWir haben bei diesem Spiel einmal mehr die Kr\u00e4fteverh\u00e4ltnisse plastisch vor Augen gef\u00fchrt bekommen. Es hat sich gezeigt, wer hier in Zukunft den Ton angibt. Und eben auch, da\u00df \u00bbwokes\u00ab Geschw\u00e4tz keine Integrationskraft besitzt.<\/p>\n<p>Interessant ist auch, da\u00df die UEFA das EM-Qualifikationsspiel zwischen Israel und der Schweiz bewu\u00dft nach Ungarn verlegt hat. Die Entscheidung wird ausdr\u00fccklich damit begr\u00fcndet, da\u00df Ungarn derzeit europaweit das Land mit der geringsten Terrorgefahr darstellt. Irgendetwas hat Viktor Orb\u00e1n wohl richtig gemacht, was die deutschen Regierungen der letzten Jahrzehnte vers\u00e4umt haben. Was mag das wohl sein \u2026?<br \/>\n&#8230; Alles vom 20.11.2023 von Bj\u00f6rn H\u00f6cke bitte lesen auf<br \/>\n<a href=\"https:\/\/journalistenwatch.com\/2023\/11\/20\/bjoern-hoecke-keine-regenbogenfahne-aus-respekt-vor-den-tuerken\/\">https:\/\/journalistenwatch.com\/2023\/11\/20\/bjoern-hoecke-keine-regenbogenfahne-aus-respekt-vor-den-tuerken\/<\/a>.<br \/>\n.<br \/>\n.<br \/>\n<strong>(5) &#8222;Pal\u00e4stina-Demo in Berlin: &#8222;Wir haben die Stra\u00dfe hinter uns&#8220;&#8220;<\/strong><br \/>\nNach den propal\u00e4stinensisch-islamischen Aufm\u00e4rschen Friedensdemonstrationen in mehreren deutschen Gro\u00dfst\u00e4dten &#8230;<br \/>\n&#8222;Fast 1200 Strataten mit Nachost-Bezug in Berlin&#8220;<br \/>\n&#8230; lieferte das Ausw\u00e4rtsspiel der deutschen Fu\u00dfball-Nationalmannschaft gegen die T\u00fcrkei im Berliner Olympiastadion dem Bundesamt f\u00fcr Verfassungsschutz und seiner Dienstherrin Nanny F. den n\u00e4chsten Anlass, entschieden gegen die Verbreiter der rechtsextremistischen Verschw\u00f6rungstheorie vom \u201eGro\u00dfen Austausch\u201d bzw. der \u201eUmvolkung\u201d vorzugehen.<br \/>\n&#8230; Alles vom 21.11.2023 bitte lesen auf<br \/>\n<a href=\"https:\/\/www.klonovsky.de\/2023\/11\/21-november-2023\/\">https:\/\/www.klonovsky.de\/2023\/11\/21-november-2023\/<\/a><\/p>\n<p>&nbsp;<\/p>\n","protected":false},"excerpt":{"rendered":"<p>Beim Fussballspiel der deutschen Mannschaft gegen die t\u00fcrkische Nationalmanschaft am 19.11.2023 im Berliner Olympiastadion waren die Biodeutschen gegen\u00fcber den Deutscht\u00fcrken zahlenm\u00e4\u00dfig wie auch akustisch in der Minderheit. Immer wenn er am Ball war, pfiffen seine Mit-Migranten den Spielf\u00fchrer der deutschen &hellip; <a href=\"https:\/\/www.freiburg-schwarzwald.de\/blog\/fussball-deutschland-tuerkei-23\/\">Weiterlesen <span class=\"meta-nav\">&rarr;<\/span><\/a><\/p>\n","protected":false},"author":2,"featured_media":0,"comment_status":"open","ping_status":"closed","sticky":false,"template":"","format":"standard","meta":{"footnotes":""},"categories":[18,52,400,155,13,157,8,72],"tags":[589,366,725,622,525,792],"class_list":["post-117518","post","type-post","status-publish","format-standard","hentry","category-bildung","category-einewelt","category-freiwillig","category-integration","category-kultur","category-oeffentlicher-raum","category-sport","category-sportlern","tag-fair","tag-fussball","tag-integration","tag-migration","tag-politik","tag-sport"],"_links":{"self":[{"href":"https:\/\/www.freiburg-schwarzwald.de\/blog\/wp-json\/wp\/v2\/posts\/117518","targetHints":{"allow":["GET"]}}],"collection":[{"href":"https:\/\/www.freiburg-schwarzwald.de\/blog\/wp-json\/wp\/v2\/posts"}],"about":[{"href":"https:\/\/www.freiburg-schwarzwald.de\/blog\/wp-json\/wp\/v2\/types\/post"}],"author":[{"embeddable":true,"href":"https:\/\/www.freiburg-schwarzwald.de\/blog\/wp-json\/wp\/v2\/users\/2"}],"replies":[{"embeddable":true,"href":"https:\/\/www.freiburg-schwarzwald.de\/blog\/wp-json\/wp\/v2\/comments?post=117518"}],"version-history":[{"count":5,"href":"https:\/\/www.freiburg-schwarzwald.de\/blog\/wp-json\/wp\/v2\/posts\/117518\/revisions"}],"predecessor-version":[{"id":117591,"href":"https:\/\/www.freiburg-schwarzwald.de\/blog\/wp-json\/wp\/v2\/posts\/117518\/revisions\/117591"}],"wp:attachment":[{"href":"https:\/\/www.freiburg-schwarzwald.de\/blog\/wp-json\/wp\/v2\/media?parent=117518"}],"wp:term":[{"taxonomy":"category","embeddable":true,"href":"https:\/\/www.freiburg-schwarzwald.de\/blog\/wp-json\/wp\/v2\/categories?post=117518"},{"taxonomy":"post_tag","embeddable":true,"href":"https:\/\/www.freiburg-schwarzwald.de\/blog\/wp-json\/wp\/v2\/tags?post=117518"}],"curies":[{"name":"wp","href":"https:\/\/api.w.org\/{rel}","templated":true}]}}