{"id":117353,"date":"2023-11-15T13:50:59","date_gmt":"2023-11-15T12:50:59","guid":{"rendered":"https:\/\/www.freiburg-schwarzwald.de\/blog\/?p=117353"},"modified":"2023-11-16T17:42:34","modified_gmt":"2023-11-16T16:42:34","slug":"corona-wissen-ignorieren","status":"publish","type":"post","link":"https:\/\/www.freiburg-schwarzwald.de\/blog\/corona-wissen-ignorieren\/","title":{"rendered":"Corona: Wissen ignorieren"},"content":{"rendered":"<p>Heute wissen wir es: In 2020-2022 lag zu keinem Zeitpunkt eine &#8222;Epidemische Lage von nationaler Tragweite\u201c vor. Prof Homburg hat es beim <a href=\"https:\/\/www.freiburg-schwarzwald.de\/blog\/business\/gesund\/corona-virus\/corona-symposium\/\">Corona-Symposium<\/a> im Bundestag am 11.\/12.11.2022 zusammengefa\u00dft (1). Aber mit dem Wissen ist das so eine Sache, denn es mu\u00df I. verbreitet sowie II. gelesen werden und III. dann auch zu Handlungen f\u00fchren.<br \/>\n.<!--more--><br \/>\nI. Die Wissensverbreitung mu\u00df nicht nur \u00fcber die <a href=\"https:\/\/www.freiburg-schwarzwald.de\/blog\/kultur\/medien\/social-media\/\">Social Media<\/a> und die vornehmlich internet-basierten <a href=\"https:\/\/www.freiburg-schwarzwald.de\/blog\/kultur\/medien\/freie-medien\/\">Freien Medien<\/a> stattfinden, sondern auch \u00fcber die <a href=\"https:\/\/www.freiburg-schwarzwald.de\/blog\/kultur\/medien\/mainstream\/\">Mainstreammedien<\/a> (<a href=\"https:\/\/www.freiburg-schwarzwald.de\/blog\/kultur\/medien\/oerr\/\">\u00d6RR<\/a> wie Private). Letztere haben das Ignorieren bzw. <a href=\"https:\/\/www.freiburg-schwarzwald.de\/blog\/global\/deutschland\/schweigen\/\">Verschweigen<\/a> von &#8211; wie auch immer als unpassend definierten &#8211; Ereignissen geradezu zum eigenen Markenzeichen gemacht; siehe <a href=\"https:\/\/www.freiburg-schwarzwald.de\/blog\/global\/integration\/koeln-silvester2015\/\">K\u00f6lner Silvesternacht 2015<\/a>, die medial erst ein paar Tage sp\u00e4ter stattfand.<\/p>\n<p>II. Wissen und <a href=\"https:\/\/www.freiburg-schwarzwald.de\/blog\/wissen-ist-eine-holschuld\/\">Bildung stellen eine Holschuld<\/a> dar, d.h. der B\u00fcrger mu\u00df bereit, neugierig und motiviert sein, sich Wissen anzueignen. Am besten nach der uralten Devise <a href=\"https:\/\/www.freiburg-schwarzwald.de\/blog\/buerger-audiatur-et-altera-pars\/\">&#8222;Audiatur et altera pars&#8220;<\/a> bzw. &#8222;H\u00f6re auch die andere Seite&#8220;: Also stets Informationen einholen zu unterschiedlichen Sichtweisen bzw. aus mehrere Quellen eines bestimmten Problems.<br \/>\n.<br \/>\nIII. Aber Wissen allein f\u00fchrt noch nicht zur Vernunft (im Sinne von <a href=\"https:\/\/www.freiburg-schwarzwald.de\/blog\/kultur\/aufklaerung\/kant\/\">Emmanuel Kant<\/a> bzw. der <a href=\"https:\/\/www.freiburg-schwarzwald.de\/blog\/kultur\/aufklaerung\/\">Aufkl\u00e4rung<\/a>). Vernunft entsteht erst, wenn man das Wissen seinen eigenen \u00dcberzeugungen gegen\u00fcberstellt und diese dann ggf. revidiert. Anders ausgedr\u00fcckt: Wenn man imstande ist, die bisherige \u00dcberzeugung als Fehler anzuerkennen und auf seinem bislang beschrittenen Weg umzukehren.<br \/>\nDie Psychologen sagen es immer wieder: Nichts f\u00e4llt dem Menschen so schwer wie einen eigenen Fehler einzugestehen, also ihn nicht auf andere zu schieben, und daraus die Konsequenzen f\u00fcr das eigene Handeln zu ziehen.<br \/>\nDies gilt auch f\u00fcr die Coronapolitik: Die Politiker der verantwortlichen Parteien sind allenfalls zu gro\u00dfen Spr\u00fcchen bereit a la &#8222;Wir haben uns viel zu verzeihen&#8220; (Jens Spahn (CDU)), aber nicht zu der seit Fr\u00fchjahr 2022 versprochenen echten <a href=\"https:\/\/www.freiburg-schwarzwald.de\/blog\/business\/gesund\/corona-virus\/corona-aufarbeitung\/\">Aufarbeitung<\/a> des Corona-Unrechts. Auch die Medien vergessen ihre eigentliche Aufgabe als <a href=\"https:\/\/www.freiburg-schwarzwald.de\/blog\/kultur\/medien\/vierte-gewalt\/\">Vierte Gewalt<\/a>, n\u00e4mlich die der Kritik von Regierung bzw. Politik, und unterlassen es, Ma\u00dfnahmen zur Aufarbeitung des in der Coronazeit offensichtlich reichlich begangene Unrechts vehement zu fordern.<\/p>\n<p><em><strong>Verschweigen von Wissen: J\u00fcngstes Beispiel<\/strong><\/em><br \/>\nAuf dem von der AfD im Deutschen Bundestag am 11.\/12.11.2023 veranstalteten <a href=\"https:\/\/www.freiburg-schwarzwald.de\/blog\/business\/gesund\/corona-virus\/corona-symposium\/\">&#8222;2. Corona-Symposium&#8220;<\/a>, bei dem keine Politiker auftraten, sondern Wissenschaftler bzw. Fachleute (\u00c4rzte, Ethiker, Juristen, &#8230;) und Betroffene, wurden die Fehler der Coronazeit benannt und als wissenschaftlich nicht falsifizierte Fakten pr\u00e4sentiert (1).<br \/>\nDer polit-mediale Komplex ignoriert diese Ergebnisse (noch): Die reichweitenstarken Medien weigern sich, \u00fcber das Symposion zu berichten, die Politiker von Regierung und CDU \u00fcbergehen es. Dies aus Angst vor den Folgen einer ehrlichen gesellschaftlichen und juristischen Aufarbeitung.<br \/>\nEin Trost: Dieses Ignorieren wird nicht mehr lange w\u00e4hren, da der Druck der jungen Generation, die sich anstelle von Mainstreammedien \u00fcber Social Media bzw. Internet informiert, immer mehr zunimmt.<br \/>\n<em><strong>.<\/strong><\/em><br \/>\n<em><strong>Der alte Trick: B\u00fcrger mit &#8222;wir&#8220; als Mitwissende in Haftung nehmen<\/strong><\/em><br \/>\nEine uralte Weisheit sagt: &#8222;Wenn Politiker zu oft von &#8222;wir&#8220; sprechen, dann ist etwas faul&#8220;. Dieses &#8222;wir&#8220;-Alarmzeichen kann der B\u00fcrger derzeit wieder allzuh\u00e4ufig vernehmen. Mit der Wirtschaft und dem Inneren Frieden geht es bergab und mit dem &#8222;wir&#8220; sollen Fehler der Politik verallgemeinert und die B\u00fcrger in Mithaftung genommen werden. Politiker streiten Wissen und Schuld ab und verallgemeinern so ihre Schuld. In <a href=\"https:\/\/www.freiburg-schwarzwald.de\/blog\/engagement\/wir\/\">&#8222;Das politmediale L\u00fcgengeb\u00e4ude br\u00f6ckelt: &#8222;Wir&#8220;? Nein &#8211; Ich nicht&#8220;<\/a> (14.11.2023) beschreibt Cora Stephan diesen Trick: Erfolge sind eigener Verdienst der <a href=\"https:\/\/www.freiburg-schwarzwald.de\/blog\/engagement\/zukunft\/demokratie\/ampel\/\">Ampel-Regierung<\/a> und Misserfolge werden kollektiviert. Je mehr &#8222;Wir&#8220;-Appelle, desto mehr Mi\u00dferfolge:<br \/>\n.<br \/>\nBeispiel: Bundestagspr\u00e4sidentin B\u00e4rbel Bas (SPD) verk\u00fcndet Anfang November: \u201eWir als Gesellschaft haben den Antisemitismus nicht gesehen oder wollten ihn nicht sehen.\u201c Nein: Migrationskritiker haben es seit 2015 gesehen, Frau Bas wollte nicht sehen. Jahrelang hatte B\u00e4rbel Bas die vielen B\u00fcrger, die auf die vom <a href=\"https:\/\/www.freiburg-schwarzwald.de\/blog\/religion\/islam\/islam-antisemitismus\/\">Islam-Antisemitismus<\/a> ausgehenden Gefahren hinwiesen, als Rechte, Rechtsextremisten bis hin zu <a href=\"https:\/\/www.freiburg-schwarzwald.de\/blog\/religion\/juden\/nazi\/\">Nazi<\/a> <a href=\"https:\/\/www.freiburg-schwarzwald.de\/blog\/religion\/juden\/nazi\/nazi-keule\/\">verunglimpft<\/a> und ausgegrenzt.<br \/>\nNachdem nun die \u00f6ffentliche Sicherheit durch die <a href=\"https:\/\/www.freiburg-schwarzwald.de\/blog\/engagement\/zukunft\/demokratie\/staatsversagen\/staat-kapituliert\/\">Krawalle muslimischer Demonstranten<\/a> vielerorts kaum mehr gew\u00e4hrleistet ist, will die Bundestagspr\u00e4sidentin als die Nummer 2 im Staat pl\u00f6tzlich mit dem &#8222;Wir als Gesellschaft&#8220; die Verantwortung der unkontrollierten Massenmigration von der Regierung auf die B\u00fcrgerschaft abw\u00e4lzen.<br \/>\nAnstatt eigene Fehler einzugestehen und eigene Schuld anzuerkennen, will sie die Schuld verallgemeinern. Statt die Verantwortung zu \u00fcbernehmen und den R\u00fccktritt zu erkl\u00e4ren, sollen die B\u00fcrger die Folgen der fehlerhaften Politik als brave Mitschuldige ausbaden.<br \/>\n\u201eWir waren zu tolerant \u2026 zu naiv \u2026Wir haben versagt \u2026 nicht gesehen \u2026 wollten nicht sehen \u2026 waren blind &#8230; haben nicht gewu\u00dft &#8230; Wir konnten es nicht wissen&#8220;.<br \/>\nNein, dieses &#8222;wir&#8220; stimmt so nicht. Es mag auf bestimmte linksgr\u00fcne Polit-Ideologen zutreffen, aber nicht auf die Gesellschaft. Mit diesem &#8222;wir&#8220; streiten Politik und Medien eigenes Wissen ab &#8211; das hatten sie bei Corona ebenso wie bei Migration und Klima. Sie stellen sich nachtr\u00e4glich dumm bzw. unwissend und nehmen die gleichfalls f\u00fcr dumm gehaltenen B\u00fcrger ins Boot der dummen Schuldigen.<br \/>\n.<br \/>\nDas von der Politik und ihren Medien f\u00fcr sich reklamierte &#8222;Wir&#8220; geh\u00f6rt uns, also den B\u00fcrgern:<br \/>\n&#8222;Wir&#8220; haben <a href=\"https:\/\/www.freiburg-schwarzwald.de\/blog\/global\/deutschland\/grenzoeffnung2015\/\">2015 die Migration<\/a> mit Blick auf die Wirtschaft (keine billigen Arbeitskr\u00e4fte) wie auch auf die Fl\u00fcchtlinge selbst (<a href=\"https:\/\/www.freiburg-schwarzwald.de\/blog\/global\/migration\/entwurzelung\/\">Entwurzelung<\/a>, Vereinsamung) abgelehnt.<br \/>\n&#8222;Wir&#8220; warnen vor der zerst\u00f6rerische Ideologie des <a href=\"https:\/\/www.freiburg-schwarzwald.de\/blog\/natur\/klima\/menschengemacht\/\">menschengemachten<\/a> Klimawandels.<br \/>\n&#8222;Wir&#8220; fordern preiswerte Energie f\u00fcr den Industriestandort Deutschland.<br \/>\n&#8222;Wir&#8220; wurden nie gefragt, ob der Islam zu Deutschland geh\u00f6rt &#8211; auch der Islam wurde nicht gefragt, ob er \u00fcberhaupt zu Deutschland geh\u00f6ren will.<br \/>\n&#8222;Wir&#8220; als Souver\u00e4n lehnen die Bevormundung durch den \u00fcbergriffigen Staat ab.<br \/>\n&#8222;Wir&#8220; sehen im islam-motivierten Antisemitismus eine Gefahr f\u00fcr den Inneren Frieden.<\/p>\n<p>Wenn sich das auf Vereinnahmung und Mithaftung abzielende \u201eWir\u201c wie seit zuletzt <a href=\"https:\/\/www.freiburg-schwarzwald.de\/blog\/global\/deutschland\/ddr\/\">1989<\/a> wieder so gro\u00dfer Beliebtheit erfreut, dann darf dies schon nachdenklich machen.<br \/>\n15.12.2023<br \/>\n.<br \/>\nEnde von Beitrag &#8222;Corona: Wissen ignorieren&#8220;<br \/>\n==========================================================<br \/>\nBeginn von Anlage (1)<\/p>\n<p>.<br \/>\n<strong>(1) Vortrag Prof. Dr. Stefan Homburg im Deutschen Bundestag am 11.11.2023<\/strong><br \/>\nMeine sehr geehrten Damen und Herren, wir haben dunkle Jahre hinter uns. Zun\u00e4chst das wichtigste, in f\u00fcnf Stichpunkten.<\/p>\n<p>\u2013 Erstens sank die Klinikbelegung im Jahre 2020 bundesweit auf ein Allzeittief. Sagt das Bundesgesundheitsministerium.<br \/>\n\u2013 Zweitens gab es 2020 und 2021 nicht mehr schwere Atemwegserkrankungen als \u00fcblich. Corona kam, die Influenza verschwand. Sagen Sentineldaten des RKI.<br \/>\n\u2013 Drittens starben 2020 altersstandardisiert nicht mehr Menschen als sonst. Erst seit 2021 nimmt die Sterblichkeit zu. Sagen Zahlen des Statistischen Bundesamts.<br \/>\n\u2013 Viertens waren Menschen, die mit oder an Corona starben, im Mittel 83 Jahre alt, die \u00fcbrigen Verstorbenen 82 Jahre. Sagen RKI und Statistisches Bundesamt.<br \/>\n\u2013 F\u00fcnftens schnitt das masken- und lockdownfreie Schweden besser ab als Deutschland. Sagt die WHO. An den Ma\u00dfnahmen lag es also nicht.<\/p>\n<p>Zusammenfassend:<br \/>\n<em><strong>Klinisch, in Bezug auf echte Krankheiten und Todesf\u00e4lle, gab es nichts Besonderes. Es war alles normal. Das sind Fakten, und das ist der wichtigste Punkt.<\/strong><\/em><br \/>\nDie Vorstellung einer \u201ePandemie\u201c ergab sich ausschlie\u00dflich aus neuartigen anlasslosen Massentests, deren Ergebnisse enorm schwankten und dem Publikum vorgaukelten, es g\u00e4be mehr Kranke und Tote als sonst auch. Was nicht stimmte. Mit einem PCR-Test auf Rhinoviren h\u00e4tte man \u00e4hnliche Illusionen erzeugen k\u00f6nnen. Und k\u00f6nnte diese Illusionen auch jetzt erzeugen, wenn man wollte.<br \/>\nWie hat die Politik auf die klinische Normallage reagiert? Sie schloss Kitas, Schulen, Gesch\u00e4fte, Kirchen und Betriebe monatelang, lie\u00df Alte isolieren und einsam sterben, zerst\u00f6rte Existenzen. Die Polizei verbot das Buchlesen auf einer Parkbank, machte Jagd auf Jugendliche im Freien und auf Kinder im Schnee, pr\u00fcgelte friedliche Demonstranten nieder. Die Politik grenzte jeden aus, der nach dem Sinn der Ma\u00dfnahmen fragte. Sie lie\u00df das ZDF verk\u00fcnden, Kinder seien viren\u00fcbertragende Ratten und Ungeimpfte seien Blindd\u00e4rme, die nicht zum Volksk\u00f6rper geh\u00f6rten. Eine Sprache, wie wir sie seit 75 Jahren nicht mehr kannten. \u2026.<br \/>\n&#8230; Alles vom 11.11.2023 von Stefan Homburg bitte lesen auf<br \/>\n<a href=\"https:\/\/www.stefan-homburg.de\/images\/Bundestagsrede%20Homburg.pdf\">https:\/\/www.stefan-homburg.de\/images\/Bundestagsrede%20Homburg.pdf<\/a><br \/>\n.<br \/>\nMehr dazu <a href=\"https:\/\/www.freiburg-schwarzwald.de\/blog\/business\/gesund\/corona-virus\/corona-symposium\/\">hier<\/a><\/p>\n","protected":false},"excerpt":{"rendered":"<p>Heute wissen wir es: In 2020-2022 lag zu keinem Zeitpunkt eine &#8222;Epidemische Lage von nationaler Tragweite\u201c vor. Prof Homburg hat es beim Corona-Symposium im Bundestag am 11.\/12.11.2022 zusammengefa\u00dft (1). Aber mit dem Wissen ist das so eine Sache, denn es &hellip; <a href=\"https:\/\/www.freiburg-schwarzwald.de\/blog\/corona-wissen-ignorieren\/\">Weiterlesen <span class=\"meta-nav\">&rarr;<\/span><\/a><\/p>\n","protected":false},"author":2,"featured_media":0,"comment_status":"open","ping_status":"closed","sticky":false,"template":"","format":"standard","meta":{"footnotes":""},"categories":[433,18,158,80,171],"tags":[751,700,633,720,348,626,525,762],"class_list":["post-117353","post","type-post","status-publish","format-standard","hentry","category-arzt","category-bildung","category-gesund","category-medien","category-verbraucher","tag-bildung","tag-corona","tag-demokratie","tag-medien","tag-medizin","tag-partei","tag-politik","tag-wissen"],"_links":{"self":[{"href":"https:\/\/www.freiburg-schwarzwald.de\/blog\/wp-json\/wp\/v2\/posts\/117353","targetHints":{"allow":["GET"]}}],"collection":[{"href":"https:\/\/www.freiburg-schwarzwald.de\/blog\/wp-json\/wp\/v2\/posts"}],"about":[{"href":"https:\/\/www.freiburg-schwarzwald.de\/blog\/wp-json\/wp\/v2\/types\/post"}],"author":[{"embeddable":true,"href":"https:\/\/www.freiburg-schwarzwald.de\/blog\/wp-json\/wp\/v2\/users\/2"}],"replies":[{"embeddable":true,"href":"https:\/\/www.freiburg-schwarzwald.de\/blog\/wp-json\/wp\/v2\/comments?post=117353"}],"version-history":[{"count":5,"href":"https:\/\/www.freiburg-schwarzwald.de\/blog\/wp-json\/wp\/v2\/posts\/117353\/revisions"}],"predecessor-version":[{"id":117390,"href":"https:\/\/www.freiburg-schwarzwald.de\/blog\/wp-json\/wp\/v2\/posts\/117353\/revisions\/117390"}],"wp:attachment":[{"href":"https:\/\/www.freiburg-schwarzwald.de\/blog\/wp-json\/wp\/v2\/media?parent=117353"}],"wp:term":[{"taxonomy":"category","embeddable":true,"href":"https:\/\/www.freiburg-schwarzwald.de\/blog\/wp-json\/wp\/v2\/categories?post=117353"},{"taxonomy":"post_tag","embeddable":true,"href":"https:\/\/www.freiburg-schwarzwald.de\/blog\/wp-json\/wp\/v2\/tags?post=117353"}],"curies":[{"name":"wp","href":"https:\/\/api.w.org\/{rel}","templated":true}]}}